{"id":265398,"date":"2018-05-21T10:39:35","date_gmt":"2018-05-21T07:39:35","guid":{"rendered":"http:\/\/www.nationalturk.com\/?p=265398"},"modified":"2018-05-21T10:39:35","modified_gmt":"2018-05-21T07:39:35","slug":"andres-iniestaya-muhtesem-veda","status":"publish","type":"post","link":"https:\/\/www.nationalturk.com\/tr\/andres-iniestaya-muhtesem-veda\/","title":{"rendered":"Andres Iniesta&#8217;ya muhte\u015fem veda"},"content":{"rendered":"<h2>\u0130spanya La Liga&#8217;da kaptan Andres Iniesta&#8217;n\u0131n son kez tak\u0131m\u0131n\u0131n formas\u0131n\u0131 giydi\u011fi ma\u00e7ta Barcelona, evinde Real Sociedad&#8217;\u0131 1-0 yendi.<\/h2>\n<p>Lig \u015fampiyonu Barcelona, ligin 38. haftas\u0131nda Camp Nou&#8217;da Bask temsilcisi Real Sociedad&#8217;la kar\u015f\u0131la\u015ft\u0131.<\/p>\n<p>\u0130lk yar\u0131s\u0131 gols\u00fcz biten m\u00fccadelenin 57. dakikas\u0131nda Philippe Coutinho, ceza sahas\u0131n\u0131n d\u0131\u015f\u0131ndan att\u0131\u011f\u0131 golle Barcelona&#8217;y\u0131 1-0 \u00f6ne ge\u00e7irdi.<\/p>\n<p>\u0130lerleyen dakikalarda ba\u015fka gol olmay\u0131nca kar\u015f\u0131la\u015fma 1-0 Barcelona&#8217;n\u0131n galibiyeti ile sona erdi. <\/p>\n<h3>Iniesta&#8217;ya veda<\/h3>\n<p><img loading=\"lazy\" decoding=\"async\" src=\"http:\/\/www.nationalturk.com\/tr\/wp-content\/uploads\/2018\/05\/iniesta-veda-04718.jpg\" alt=\"\" width=\"864\" height=\"486\" class=\"alignnone size-full wp-image-265400\" title=\"\" srcset=\"https:\/\/www.nationalturk.com\/tr\/wp-content\/uploads\/2018\/05\/iniesta-veda-04718.jpg 864w, https:\/\/www.nationalturk.com\/tr\/wp-content\/uploads\/2018\/05\/iniesta-veda-04718-800x450.jpg 800w\" sizes=\"auto, (max-width: 864px) 100vw, 864px\" \/><\/p>\n<p>Iniesta, 1996&#8217;da 12 ya\u015f\u0131ndayken altyap\u0131da ad\u0131m at\u0131m att\u0131\u011f\u0131 Katalan ekibine veda etti.<\/p>\n<p>La Liga&#8217;n\u0131n son haftas\u0131nda oynanan Barcelona-Real Sociedad kar\u015f\u0131la\u015fmas\u0131, Iniesta&#8217;n\u0131n Barcelona&#8217;daki son ma\u00e7\u0131 olarak kay\u0131tlara ge\u00e7ti.<\/p>\n<p>Ma\u00e7 \u00f6ncesi Cam Nou&#8217;yu dolduran on binlerce taraftar, &#8220;Sonsuz Iniesta&#8221; yaz\u0131s\u0131 ve sonsuzluk i\u015faretlerinden olu\u015fan koreografi yapt\u0131.<\/p>\n<p>Ayr\u0131ca Iniesta ile bu kar\u015f\u0131la\u015fma sonras\u0131 emekliye ayr\u0131lan Real Sociedad oyuncusu Xabi Prieto, birbirlerine tak\u0131m bayraklar\u0131n\u0131 hediye etti.<\/p>\n<p>Sezon devam ederken Barcelona&#8217;dan ayr\u0131lma karar\u0131 alan Iniesta, son ma\u00e7\u0131nda 80 dakika forma giydi.<\/p>\n<p>Yerini Paco Alcacer&#8217;e b\u0131rakt\u0131\u011f\u0131nda uzun s\u00fcre alk\u0131\u015flanan oyuncu, ma\u00e7 sonras\u0131 bir kez daha sahaya davet edildi.<\/p>\n<p>1996&#8217;da hen\u00fcz 12 ya\u015f\u0131ndayken Barcelona&#8217;n\u0131n altyap\u0131s\u0131 &#8220;La Masia&#8221; ile tak\u0131ma ad\u0131m atan Iniesta, 29 Ekim 2002&#8217;den bu yana forma giydi\u011fi A tak\u0131mda elde etti\u011fi ba\u015far\u0131larla kul\u00fcb\u00fcn efsaneleri aras\u0131na ad\u0131n\u0131 yazd\u0131rd\u0131.<\/p>\n<p>Iniesta, Katalan temsilcisinde 9 lig, 4 UEFA \u015eampiyonlar Ligi, 3 UEFA S\u00fcper Kupa, 3 FIFA Kul\u00fcpler D\u00fcnya Kupas\u0131, 6 \u0130spanya Kral Kupas\u0131 ve 7 \u0130spanya S\u00fcper Kupas\u0131 kald\u0131rma ba\u015far\u0131s\u0131 g\u00f6sterdi.<\/p>\n<p>Andres Iniesta, 129 kez forma giydi\u011fi \u0130spanya Milli Tak\u0131m\u0131&#8217;nda ise 2 Avrupa ve bir D\u00fcnya Kupas\u0131 \u015fampiyonlu\u011fu elde etti.<\/p>\n<p>Ligin 35. haftas\u0131nda Deportivo&#8217;yu 4-2 yenerek bitime 3 hafta kala \u015fampiyonlu\u011funu ilan eden Barcelona, son ma\u00e7ta ald\u0131\u011f\u0131 galibiyetle puan\u0131n\u0131 93&#8217;e y\u00fckseltti.<\/p>\n<p>Sezonu 28 galibiyet, 9 beraberlik ve 1 ma\u011flubiyetle tamamlayan Barcelona&#8217;da ma\u00e7 sonras\u0131 \u015fampiyonluk kutlamalar\u0131 yap\u0131ld\u0131.<\/p>\n<p>La Liga&#8217;da Atletico Madrid, 79 puanla ikinci, Real Madrid ise 76 puanla \u00fc\u00e7\u00fcnc\u00fc s\u0131ray\u0131 ald\u0131.<\/p>\n<p>Bu sezon La Liga&#8217;da k\u00fcme d\u00fc\u015fen tak\u0131mlar, Deportivo, Las Palmas ve Malaga oldu. <\/p>\n<div class=\"a-single a-157\"><!-- nationalturk.com Bali 610x90 -->\r\n<ins data-revive-zoneid=\"412\" data-revive-ct0=\"{clickurl_enc}\" data-revive-id=\"2093837923c3e243d9d78d731533cba1\"><\/ins>\r\n<script async src=\"\/\/www.hot-affiliates.com\/ad\/www\/delivery\/asyncjs.php\"><\/script><\/div>\n","protected":false},"excerpt":{"rendered":"<p>\u0130spanya La Liga&#8217;da kaptan Andres Iniesta&#8217;n\u0131n son kez tak\u0131m\u0131n\u0131n formas\u0131n\u0131 giydi\u011fi ma\u00e7ta Barcelona, evinde Real Sociedad&#8217;\u0131 1-0 yendi. Lig \u015fampiyonu Barcelona, ligin 38. haftas\u0131nda Camp Nou&#8217;da Bask temsilcisi Real Sociedad&#8217;la kar\u015f\u0131la\u015ft\u0131. \u0130lk yar\u0131s\u0131 gols\u00fcz biten m\u00fccadelenin 57. dakikas\u0131nda Philippe Coutinho, ceza sahas\u0131n\u0131n d\u0131\u015f\u0131ndan att\u0131\u011f\u0131 golle Barcelona&#8217;y\u0131 1-0 \u00f6ne ge\u00e7irdi. \u0130lerleyen dakikalarda ba\u015fka gol olmay\u0131nca kar\u015f\u0131la\u015fma &hellip;<\/p>\n","protected":false},"author":4,"featured_media":265399,"comment_status":"open","ping_status":"open","sticky":false,"template":"","format":"standard","meta":{"_acf_changed":false,"footnotes":""},"categories":[6774,6155,5005,6194],"tags":[35244,1038,56436,21033],"class_list":["post-265398","post","type-post","status-publish","format-standard","has-post-thumbnail","hentry","category-futbol","category-gundem","category-manset","category-spor","tag-andres-iniesta","tag-barcelona","tag-barcelona-sociedad","tag-la-liga"],"acf":[],"_links":{"self":[{"href":"https:\/\/www.nationalturk.com\/tr\/wp-json\/wp\/v2\/posts\/265398","targetHints":{"allow":["GET"]}}],"collection":[{"href":"https:\/\/www.nationalturk.com\/tr\/wp-json\/wp\/v2\/posts"}],"about":[{"href":"https:\/\/www.nationalturk.com\/tr\/wp-json\/wp\/v2\/types\/post"}],"author":[{"embeddable":true,"href":"https:\/\/www.nationalturk.com\/tr\/wp-json\/wp\/v2\/users\/4"}],"replies":[{"embeddable":true,"href":"https:\/\/www.nationalturk.com\/tr\/wp-json\/wp\/v2\/comments?post=265398"}],"version-history":[{"count":0,"href":"https:\/\/www.nationalturk.com\/tr\/wp-json\/wp\/v2\/posts\/265398\/revisions"}],"wp:featuredmedia":[{"embeddable":true,"href":"https:\/\/www.nationalturk.com\/tr\/wp-json\/wp\/v2\/media\/265399"}],"wp:attachment":[{"href":"https:\/\/www.nationalturk.com\/tr\/wp-json\/wp\/v2\/media?parent=265398"}],"wp:term":[{"taxonomy":"category","embeddable":true,"href":"https:\/\/www.nationalturk.com\/tr\/wp-json\/wp\/v2\/categories?post=265398"},{"taxonomy":"post_tag","embeddable":true,"href":"https:\/\/www.nationalturk.com\/tr\/wp-json\/wp\/v2\/tags?post=265398"}],"curies":[{"name":"wp","href":"https:\/\/api.w.org\/{rel}","templated":true}]}}