{"id":265539,"date":"2018-05-24T15:22:45","date_gmt":"2018-05-24T12:22:45","guid":{"rendered":"http:\/\/www.nationalturk.com\/?p=265539"},"modified":"2018-05-24T15:22:45","modified_gmt":"2018-05-24T12:22:45","slug":"avrupa-birliginden-kudus-aciklamasi-hicbir-ulke-katilmadi","status":"publish","type":"post","link":"https:\/\/www.nationalturk.com\/tr\/avrupa-birliginden-kudus-aciklamasi-hicbir-ulke-katilmadi\/","title":{"rendered":"Avrupa Birli\u011fi&#8217;nden Kud\u00fcs a\u00e7\u0131klamas\u0131: Hi\u00e7bir \u00fclke kat\u0131lmad\u0131"},"content":{"rendered":"<h2>AB D\u0131\u015fi\u015fleri ve G\u00fcvenlik Politikalar\u0131 Y\u00fcksek Temsilcisi Mogherini, &#8220;ABD&#8217;nin Kud\u00fcs B\u00fcy\u00fckel\u00e7ili\u011finin resmi a\u00e7\u0131l\u0131\u015f t\u00f6renine hi\u00e7bir \u00fcye \u00fclkenin temsilcisi kat\u0131lmam\u0131\u015ft\u0131r. Bu tarz \u015feyler diplomaside \u00f6nemlidir.&#8221; dedi.<\/h2>\n<p>Avrupa Birli\u011fi (AB) D\u0131\u015fi\u015fleri ve G\u00fcvenlik Politikalar\u0131 Y\u00fcksek Temsilcisi Federica Mogherini, Br\u00fcksel&#8217;deki Egmont Saray\u0131&#8217;nda d\u00fczenlenen Avrupa \u0130\u015f Zirvesi&#8217;nin &#8220;K\u00fcresel G\u00fc\u00e7 Olarak AB&#8221; ba\u015fl\u0131kla oturumunda yapt\u0131\u011f\u0131 konu\u015fmada, \u0130ngiltere&#8217;nin AB&#8217;den ayr\u0131lma karar\u0131n\u0131n ard\u0131ndan Birli\u011fin da\u011f\u0131laca\u011f\u0131na y\u00f6nelik tart\u0131\u015fmalar\u0131n yo\u011funla\u015ft\u0131\u011f\u0131n\u0131 hat\u0131rlatarak, \u015fu anda durumun de\u011fi\u015fti\u011fini ve uluslararas\u0131 toplumun AB&#8217;nin &#8220;\u00e7ok tarafl\u0131&#8221; sistemi kurtarmas\u0131na y\u00f6nelik beklentileri oldu\u011funu belirtti. <\/p>\n<p>Mogherini, &#8220;\u00c7ok tarafl\u0131 uluslararas\u0131 sistemin ayakta kalmas\u0131 i\u00e7in kurallar\u0131n yerine getirilmesi i\u00e7in \u00e7aba sarf ediyoruz. K\u00fcresel alanda etki etmek i\u00e7in gerekli ara\u00e7 gere\u00e7 ve kapasiteye sahibiz.&#8221; diye konu\u015ftu.<\/p>\n<p>AB genelinde artan pop\u00fclist ak\u0131m\u0131n yanl\u0131\u015f bir \u015fekilde &#8220;Br\u00fcksel&#8217;de birilerinin \u00fcst\u00fcn davranarak not verdi\u011fi&#8221; d\u00fc\u015f\u00fcncesinden kaynaklad\u0131\u011f\u0131n\u0131 savunan Mogherini, \u00fcye \u00fclkelerin birlikte hareket ederek ortak kararlar ald\u0131\u011f\u0131na i\u015faret etti.<\/p>\n<p>ABD&#8217;nin \u0130ran n\u00fckleer anla\u015fmas\u0131ndan \u00e7ekilme karar\u0131n\u0131n sadece Avrupa&#8217;y\u0131 de\u011fil, t\u00fcm d\u00fcnyay\u0131 zor duruma soktu\u011funu dile getiren Mogherini, bu ad\u0131m\u0131n ABD&#8217;nin genel anlamda \u00e7ok tarafl\u0131 uluslararas\u0131 sistemden uzakla\u015fma e\u011filiminde oldu\u011funu g\u00f6sterdi\u011fini belirtti.<\/p>\n<p>Mogherini, &#8220;\u0130ran anla\u015fmas\u0131n\u0131 12 y\u0131l boyunca gece g\u00fcnd\u00fcz \u00e7al\u0131\u015farak in\u015fa ettik. AB bundan vazge\u00e7me niyetinde de\u011fil.&#8221; ifadesini kulland\u0131.<\/p>\n<p>&#8220;Bir anla\u015fma imzaland\u0131\u011f\u0131nda buna sad\u0131k kal\u0131nmas\u0131 gerekiyor. ABD Ba\u015fkan\u0131 de\u011fi\u015fince anla\u015fma da de\u011fi\u015fmez. Bu, uluslararas\u0131 anla\u015fmalar\u0131n g\u00fcvenilirli\u011fini sa\u011flar.&#8221; diyen Mogherini, aksi takdirde g\u00fcvenilirlik ve \u00f6ng\u00f6r\u00fclebilirlik ilkelerinin zarar g\u00f6rece\u011fini vurgulad\u0131.<\/p>\n<p>\u0130ran n\u00fckleer anla\u015fmas\u0131n\u0131n s\u00fcrd\u00fcr\u00fclmesi i\u00e7in AB&#8217;nin di\u011fer ortaklarla yo\u011fun \u00e7aba sarfetti\u011fini aktaran Mogherini, \u0130ran&#8217;\u0131n \u00f6nemli bir ekonomik pazar oldu\u011funu s\u00f6yledi. Mogherini, &#8220;Neden biz bu pazar\u0131 sadece Rusya ve \u00c7in&#8217;e b\u0131rakal\u0131m?&#8221; dedi.<\/p>\n<p>Mogherini, s\u00f6z konusu anla\u015fman\u0131n &#8220;AB i\u00e7in bir test&#8221; oldu\u011funu, anla\u015fmaya sad\u0131k kalarak Birli\u011fin kendi kararlar\u0131n\u0131 alabildi\u011fini ve g\u00fc\u00e7l\u00fc durdu\u011funu g\u00f6sterece\u011fini ifade etti.<\/p>\n<p>&#8220;Kud\u00fcs&#8217;\u00fcn stat\u00fcs\u00fc m\u00fczakereler yoluyla belirlenmeli&#8221;<br \/>\nABD&#8217;nin Tel Aviv&#8217;deki b\u00fcy\u00fckel\u00e7ili\u011fini Kud\u00fcs&#8217;e ta\u015f\u0131ma karar\u0131n\u0131 ele\u015ftiren Mogherini, Kud\u00fcs&#8217;\u00fcn stat\u00fcs\u00fcn\u00fcn m\u00fczakereler yoluyla belirlenmesi gerekti\u011fini ifade etti. Mogherini, Kud\u00fcs&#8217;\u00fcn \u0130srail ile Filistin devletlerinin ikisinin de ba\u015fkenti olmas\u0131 gerekti\u011fini s\u00f6yledi.<\/p>\n<p>ABD&#8217;nin Kud\u00fcs B\u00fcy\u00fckel\u00e7ili\u011finin a\u00e7\u0131l\u0131\u015f t\u00f6reni \u00f6ncesinde verdi\u011fi resepsiyona 3 AB \u00fcyesi \u00fclkenin b\u00fcy\u00fckel\u00e7isinin kat\u0131ld\u0131\u011f\u0131n\u0131 hat\u0131rlatan Mogherini, &#8220;ABD&#8217;nin Kud\u00fcs B\u00fcy\u00fckel\u00e7ili\u011finin resmi a\u00e7\u0131l\u0131\u015f t\u00f6renine hi\u00e7bir \u00fcye \u00fclkenin temsilcisi kat\u0131lmam\u0131\u015ft\u0131r. Bu tarz \u015feyler diplomaside \u00f6nemlidir.&#8221; dedi.<\/p>\n<p>Bel\u00e7ika D\u0131\u015fi\u015fleri Bakan\u0131 Didier Reynders de &#8220;\u0130ran n\u00fckleer anla\u015fmas\u0131 m\u00fckemmel de\u011fil ancak sonu\u00e7 veriyor.&#8221; ifadesini kulland\u0131.<\/p>\n<p>ABD&#8217;nin \u0130ran n\u00fckleer anla\u015fmas\u0131ndan \u00e7ekilme karar\u0131n\u0131n g\u00fcven ortam\u0131n\u0131 zedeledi\u011fine i\u015faret eden Reynders, bu karar\u0131n ard\u0131ndan ABD y\u00f6netiminin Kuzey Kore ile n\u00fckleer silahs\u0131zlanma konusunda m\u00fczakere y\u00fcr\u00fctmesinin de zorla\u015faca\u011f\u0131n\u0131 kaydetti.<\/p>\n<!-- Error, Advert is not available at this time due to schedule\/geolocation restrictions! -->\n","protected":false},"excerpt":{"rendered":"<p>AB D\u0131\u015fi\u015fleri ve G\u00fcvenlik Politikalar\u0131 Y\u00fcksek Temsilcisi Mogherini, &#8220;ABD&#8217;nin Kud\u00fcs B\u00fcy\u00fckel\u00e7ili\u011finin resmi a\u00e7\u0131l\u0131\u015f t\u00f6renine hi\u00e7bir \u00fcye \u00fclkenin temsilcisi kat\u0131lmam\u0131\u015ft\u0131r. Bu tarz \u015feyler diplomaside \u00f6nemlidir.&#8221; dedi. Avrupa Birli\u011fi (AB) D\u0131\u015fi\u015fleri ve G\u00fcvenlik Politikalar\u0131 Y\u00fcksek Temsilcisi Federica Mogherini, Br\u00fcksel&#8217;deki Egmont Saray\u0131&#8217;nda d\u00fczenlenen Avrupa \u0130\u015f Zirvesi&#8217;nin &#8220;K\u00fcresel G\u00fc\u00e7 Olarak AB&#8221; ba\u015fl\u0131kla oturumunda yapt\u0131\u011f\u0131 konu\u015fmada, \u0130ngiltere&#8217;nin AB&#8217;den ayr\u0131lma karar\u0131n\u0131n &hellip;<\/p>\n","protected":false},"author":4,"featured_media":265540,"comment_status":"open","ping_status":"open","sticky":false,"template":"","format":"standard","meta":{"_acf_changed":false,"footnotes":""},"categories":[6770,6665,6155,5005,6772,349],"tags":[4067,1887,1719,169005,1981,1555,29257],"class_list":["post-265539","post","type-post","status-publish","format-standard","has-post-thumbnail","hentry","category-avrupa","category-dunya","category-gundem","category-manset","category-ortadogu","category-son-dakika","tag-ab","tag-abd","tag-avrupa-birligi","tag-federica-mogherini","tag-iran","tag-israil","tag-kudus"],"acf":[],"_links":{"self":[{"href":"https:\/\/www.nationalturk.com\/tr\/wp-json\/wp\/v2\/posts\/265539","targetHints":{"allow":["GET"]}}],"collection":[{"href":"https:\/\/www.nationalturk.com\/tr\/wp-json\/wp\/v2\/posts"}],"about":[{"href":"https:\/\/www.nationalturk.com\/tr\/wp-json\/wp\/v2\/types\/post"}],"author":[{"embeddable":true,"href":"https:\/\/www.nationalturk.com\/tr\/wp-json\/wp\/v2\/users\/4"}],"replies":[{"embeddable":true,"href":"https:\/\/www.nationalturk.com\/tr\/wp-json\/wp\/v2\/comments?post=265539"}],"version-history":[{"count":0,"href":"https:\/\/www.nationalturk.com\/tr\/wp-json\/wp\/v2\/posts\/265539\/revisions"}],"wp:featuredmedia":[{"embeddable":true,"href":"https:\/\/www.nationalturk.com\/tr\/wp-json\/wp\/v2\/media\/265540"}],"wp:attachment":[{"href":"https:\/\/www.nationalturk.com\/tr\/wp-json\/wp\/v2\/media?parent=265539"}],"wp:term":[{"taxonomy":"category","embeddable":true,"href":"https:\/\/www.nationalturk.com\/tr\/wp-json\/wp\/v2\/categories?post=265539"},{"taxonomy":"post_tag","embeddable":true,"href":"https:\/\/www.nationalturk.com\/tr\/wp-json\/wp\/v2\/tags?post=265539"}],"curies":[{"name":"wp","href":"https:\/\/api.w.org\/{rel}","templated":true}]}}