{"id":265771,"date":"2018-05-31T18:06:06","date_gmt":"2018-05-31T15:06:06","guid":{"rendered":"http:\/\/www.nationalturk.com\/?p=265771"},"modified":"2018-05-31T18:06:06","modified_gmt":"2018-05-31T15:06:06","slug":"cenk-tosunun-hocasi-degisti","status":"publish","type":"post","link":"https:\/\/www.nationalturk.com\/tr\/cenk-tosunun-hocasi-degisti\/","title":{"rendered":"Cenk Tosun&#8217;un hocas\u0131 de\u011fi\u015fti"},"content":{"rendered":"<h2>\u0130ngiltere Premier Lig ekiplerinden Everton, teknik direkt\u00f6r Marco Silva ile anla\u015ft\u0131.<\/h2>\n<p>Milli futbolcu Cenk Tosun&#8217;un formas\u0131n\u0131 giydi\u011fi \u0130ngiliz ekibi, Sam Allardyce ile yollar\u0131n\u0131 ay\u0131rmas\u0131n\u0131n ard\u0131ndan teknik direkt\u00f6rl\u00fck g\u00f6revine 40 ya\u015f\u0131ndaki Silva&#8217;y\u0131 getirdi\u011fini duyurdu.<\/p>\n<p>Silva, kariyerinde Estoril, Sporting Lizbon ve Olympiakos&#8217;un ard\u0131ndan \u0130ngiltere&#8217;de Hull City ve Watford tak\u0131mlar\u0131n\u0131 \u00e7al\u0131\u015ft\u0131rm\u0131\u015ft\u0131.<\/p>\n<p>Everton, ge\u00e7en sezon ligi 49 puanla 8. s\u0131rada tamamlad\u0131.<\/p>\n<!-- Error, Advert is not available at this time due to schedule\/geolocation restrictions! -->\n","protected":false},"excerpt":{"rendered":"<p>\u0130ngiltere Premier Lig ekiplerinden Everton, teknik direkt\u00f6r Marco Silva ile anla\u015ft\u0131. Milli futbolcu Cenk Tosun&#8217;un formas\u0131n\u0131 giydi\u011fi \u0130ngiliz ekibi, Sam Allardyce ile yollar\u0131n\u0131 ay\u0131rmas\u0131n\u0131n ard\u0131ndan teknik direkt\u00f6rl\u00fck g\u00f6revine 40 ya\u015f\u0131ndaki Silva&#8217;y\u0131 getirdi\u011fini duyurdu. Silva, kariyerinde Estoril, Sporting Lizbon ve Olympiakos&#8217;un ard\u0131ndan \u0130ngiltere&#8217;de Hull City ve Watford tak\u0131mlar\u0131n\u0131 \u00e7al\u0131\u015ft\u0131rm\u0131\u015ft\u0131. Everton, ge\u00e7en sezon ligi 49 puanla 8. &hellip;<\/p>\n","protected":false},"author":4,"featured_media":262945,"comment_status":"open","ping_status":"open","sticky":false,"template":"","format":"standard","meta":{"_acf_changed":false,"footnotes":""},"categories":[6774,6155,5005,349,6194],"tags":[60805,19019,208712,14148,21330,210228],"class_list":["post-265771","post","type-post","status-publish","format-standard","has-post-thumbnail","hentry","category-futbol","category-gundem","category-manset","category-son-dakika","category-spor","tag-cenk-tosun","tag-everton","tag-hull-city","tag-olympiakos","tag-premier-lig","tag-sam-allardyce"],"acf":[],"_links":{"self":[{"href":"https:\/\/www.nationalturk.com\/tr\/wp-json\/wp\/v2\/posts\/265771","targetHints":{"allow":["GET"]}}],"collection":[{"href":"https:\/\/www.nationalturk.com\/tr\/wp-json\/wp\/v2\/posts"}],"about":[{"href":"https:\/\/www.nationalturk.com\/tr\/wp-json\/wp\/v2\/types\/post"}],"author":[{"embeddable":true,"href":"https:\/\/www.nationalturk.com\/tr\/wp-json\/wp\/v2\/users\/4"}],"replies":[{"embeddable":true,"href":"https:\/\/www.nationalturk.com\/tr\/wp-json\/wp\/v2\/comments?post=265771"}],"version-history":[{"count":0,"href":"https:\/\/www.nationalturk.com\/tr\/wp-json\/wp\/v2\/posts\/265771\/revisions"}],"wp:featuredmedia":[{"embeddable":true,"href":"https:\/\/www.nationalturk.com\/tr\/wp-json\/wp\/v2\/media\/262945"}],"wp:attachment":[{"href":"https:\/\/www.nationalturk.com\/tr\/wp-json\/wp\/v2\/media?parent=265771"}],"wp:term":[{"taxonomy":"category","embeddable":true,"href":"https:\/\/www.nationalturk.com\/tr\/wp-json\/wp\/v2\/categories?post=265771"},{"taxonomy":"post_tag","embeddable":true,"href":"https:\/\/www.nationalturk.com\/tr\/wp-json\/wp\/v2\/tags?post=265771"}],"curies":[{"name":"wp","href":"https:\/\/api.w.org\/{rel}","templated":true}]}}