{"id":265913,"date":"2018-06-04T09:35:44","date_gmt":"2018-06-04T06:35:44","guid":{"rendered":"http:\/\/www.nationalturk.com\/?p=265913"},"modified":"2018-06-04T09:35:44","modified_gmt":"2018-06-04T06:35:44","slug":"almanlar-suyunu-cikardi-mesut-ozil-ve-ilkay-gundogana-protesto","status":"publish","type":"post","link":"https:\/\/www.nationalturk.com\/tr\/almanlar-suyunu-cikardi-mesut-ozil-ve-ilkay-gundogana-protesto\/","title":{"rendered":"Almanlar suyunu \u00e7\u0131kard\u0131! Mesut \u00d6zil ve \u0130lkay G\u00fcndo\u011fan&#8217;a protesto"},"content":{"rendered":"<h2>Almanya-Avusturya haz\u0131rl\u0131k ma\u00e7\u0131nda baz\u0131 taraftarlar Cumhurba\u015fkan\u0131 Recep Tayyip Erdo\u011fan ile g\u00f6r\u00fc\u015fen Mesut \u00d6zil ve \u0130lkay G\u00fcndo\u011fan\u2019\u0131 protesto etti.<\/h2>\n<p>Rusya&#8217;da d\u00fczenlenecek 2018 FIFA D\u00fcnya Kupas\u0131 \u00f6ncesinde Cumartesi ak\u015fam\u0131 oynanan Almanya-Avusturya haz\u0131rl\u0131k ma\u00e7\u0131nda, baz\u0131 Alman taraftarlar \u00d6zil ve G\u00fcndo\u011fan\u2019\u0131 d\u00fcd\u00fck ve \u0131sl\u0131k \u00e7alarak protesto etti. \u201cSa\u011f\u0131r de\u011filiz, sesler duyuluyor\u201d diyen \u00d6zil ve G\u00fcndo\u011fan&#8217;\u0131n tak\u0131m arkada\u015f\u0131 Sami Khedira konuya ili\u015fkin olarak ba\u015fka bir a\u00e7\u0131klama yapmak istemedi\u011fini dile getirdi.<\/p>\n<p>DW T\u00fcrk\u00e7e&#8217;nin aktard\u0131\u011f\u0131na g\u00f6re, Alman Milli Tak\u0131m y\u00f6netimi ise art\u0131k \u00d6zil ve G\u00fcndo\u011fan&#8217;a y\u00f6nelik ele\u015ftiri ve protestolara son verilmesi gerekti\u011fi g\u00f6r\u00fc\u015f\u00fcn\u00fc dile getirdi. Alman Milli Tak\u0131m Menajeri Oliver Bierhoff ma\u00e7 \u00f6ncesinde \u00d6zil ve G\u00fcndo\u011fan\u2019a y\u00f6nelik ele\u015ftiriler konusunda uyar\u0131da bulundu. \u201cMesut ve \u0130lkay gen\u00e7 insanlar. S\u00fcrekli olarak sert ele\u015ftiriler y\u00f6neltmemek gerekiyor\u201d diyen Bierhoff, \u201cY\u00fcksek nitelikleri olan deneyimli siyaset\u00e7iler bile bazen pot k\u0131r\u0131yor, hata yap\u0131yor veya yanl\u0131\u015f mesajlar veriyor, ancak sonras\u0131nda i\u015flerine devam ediyorlar. Futbolcular i\u00e7in farkl\u0131 standartlar\u0131n ge\u00e7erli olmamas\u0131 gerekiyor\u201d \u015feklinde konu\u015ftu.<\/p>\n<p>Cumhurba\u015fkan\u0131 Erdo\u011fan ile biraraya gelerek, foto\u011fraf \u00e7ektiren \u00d6zil ve G\u00fcndo\u011fan\u2019\u0131n siyasi bir mesaj vermek istemedi\u011fin  g\u00f6rd\u00fc\u011f\u00fcn\u00fc belirten Bierhoff, ancak her iki futbolcuya ve dan\u0131\u015fmanlar\u0131na bu foto\u011fraf\u0131n yarataca\u011f\u0131 etkiyi d\u00fc\u015f\u00fcnmek zorunda olduklar\u0131n\u0131 s\u00f6yledi\u011fini aktard\u0131.<\/p>\n<p>Alman Milli Tak\u0131m oyucular\u0131ndan Thomas M\u00fcller de Avusturya ma\u00e7\u0131 \u00f6ncesinde yapt\u0131\u011f\u0131 a\u00e7\u0131klamada, \u00d6zil ve G\u00fcndo\u011fan&#8217;\u0131 savunarak, iki futbolcunun tak\u0131m a\u00e7\u0131s\u0131ndan \u00f6nemini vurgulad\u0131. Y\u00f6netimin karar\u0131n\u0131n ge\u00e7erli oldu\u011funu belirten M\u00fcller, \u201c\u0130kisinin de kesinlikle arkas\u0131nday\u0131z ve tak\u0131m\u0131m\u0131z\u0131n \u00f6nemli bir unsurunu olu\u015fturuyorlar. Konu bizim a\u00e7\u0131m\u0131zdan kapand\u0131\u201d dedi.<\/p>\n<p>Mesut \u00d6zil ve \u0130lkay G\u00fcndo\u011fan, may\u0131s ay\u0131n\u0131n ortas\u0131nda Londra\u2019daki bir otelde Cumhurba\u015fkan\u0131 Recep Tayyip Erdo\u011fan taraf\u0131ndan kabul edilmi\u015flerdi. \u00d6zil ve G\u00fcndo\u011fan, Erdo\u011fan\u2019a tak\u0131mlar\u0131 FC Arsenal ve Manchester City\u2019nin formalar\u0131n\u0131 takdim etmi\u015fti. G\u00fcndo\u011fan\u2019\u0131n formas\u0131n\u0131n \u00fczerindeki \u201cSay\u0131n Cumhurba\u015fk\u0131m\u2019a sayg\u0131lar\u0131mla\u201d yazmas\u0131 dikkati \u00e7ekmi\u015fti. Bu bulu\u015fmada \u00e7ekilen foto\u011fraf, Adalet ve Kalk\u0131nma Partisi\u2019nin sosyal medya hesaplar\u0131nda payla\u015f\u0131lm\u0131\u015ft\u0131.<\/p>\n<p>\u00d6zil ve G\u00fcndo\u011fan&#8217;\u0131n, T\u00fcrkiye&#8217;de 24 Haziran&#8217;da yap\u0131lacak erken se\u00e7imlere k\u0131sa bir s\u00fcre kala Erdo\u011fan ile g\u00f6r\u00fc\u015fmesi, Almanya&#8217;da tepkiyle kar\u015f\u0131lanm\u0131\u015ft\u0131.<\/p>\n<p>\u00d6zil ve G\u00fcndo\u011fan, Erdo\u011fan ile g\u00f6r\u00fc\u015fmelerinden yakla\u015f\u0131k bir hafta sonra da Berlin&#8217;de Cumhurba\u015fkan\u0131 Frank-Walter Steinmeier taraf\u0131ndan kabul edilmi\u015f ve Alman Futbol Federasyonu (DFB) y\u00f6neticileri ile konuya ili\u015fkin g\u00f6r\u00fc\u015fmeler yapm\u0131\u015flard\u0131. Alman Milli Futbol Tak\u0131m\u0131 Teknik Direkt\u00f6r\u00fc Joachim L\u00f6w, ge\u00e7en hafta art\u0131k \u00d6zil ve G\u00fcndo\u011fan\u2019\u0131n Erdo\u011fan ile g\u00f6r\u00fc\u015fmesi konusunun kapand\u0131\u011f\u0131 mesaj\u0131n\u0131 vermi\u015fti.<\/p>\n<!-- Error, Advert is not available at this time due to schedule\/geolocation restrictions! -->\n","protected":false},"excerpt":{"rendered":"<p>Almanya-Avusturya haz\u0131rl\u0131k ma\u00e7\u0131nda baz\u0131 taraftarlar Cumhurba\u015fkan\u0131 Recep Tayyip Erdo\u011fan ile g\u00f6r\u00fc\u015fen Mesut \u00d6zil ve \u0130lkay G\u00fcndo\u011fan\u2019\u0131 protesto etti. Rusya&#8217;da d\u00fczenlenecek 2018 FIFA D\u00fcnya Kupas\u0131 \u00f6ncesinde Cumartesi ak\u015fam\u0131 oynanan Almanya-Avusturya haz\u0131rl\u0131k ma\u00e7\u0131nda, baz\u0131 Alman taraftarlar \u00d6zil ve G\u00fcndo\u011fan\u2019\u0131 d\u00fcd\u00fck ve \u0131sl\u0131k \u00e7alarak protesto etti. \u201cSa\u011f\u0131r de\u011filiz, sesler duyuluyor\u201d diyen \u00d6zil ve G\u00fcndo\u011fan&#8217;\u0131n tak\u0131m arkada\u015f\u0131 Sami Khedira &hellip;<\/p>\n","protected":false},"author":4,"featured_media":265914,"comment_status":"open","ping_status":"open","sticky":false,"template":"","format":"standard","meta":{"_acf_changed":false,"footnotes":""},"categories":[6774,6155,5005,6194],"tags":[2174,66742,30748,787,23997],"class_list":["post-265913","post","type-post","status-publish","format-standard","has-post-thumbnail","hentry","category-futbol","category-gundem","category-manset","category-spor","tag-almanya","tag-ilkay-gundogan","tag-mesut-ozil","tag-recep-tayyip-erdogan","tag-thomas-muller"],"acf":[],"_links":{"self":[{"href":"https:\/\/www.nationalturk.com\/tr\/wp-json\/wp\/v2\/posts\/265913","targetHints":{"allow":["GET"]}}],"collection":[{"href":"https:\/\/www.nationalturk.com\/tr\/wp-json\/wp\/v2\/posts"}],"about":[{"href":"https:\/\/www.nationalturk.com\/tr\/wp-json\/wp\/v2\/types\/post"}],"author":[{"embeddable":true,"href":"https:\/\/www.nationalturk.com\/tr\/wp-json\/wp\/v2\/users\/4"}],"replies":[{"embeddable":true,"href":"https:\/\/www.nationalturk.com\/tr\/wp-json\/wp\/v2\/comments?post=265913"}],"version-history":[{"count":0,"href":"https:\/\/www.nationalturk.com\/tr\/wp-json\/wp\/v2\/posts\/265913\/revisions"}],"wp:featuredmedia":[{"embeddable":true,"href":"https:\/\/www.nationalturk.com\/tr\/wp-json\/wp\/v2\/media\/265914"}],"wp:attachment":[{"href":"https:\/\/www.nationalturk.com\/tr\/wp-json\/wp\/v2\/media?parent=265913"}],"wp:term":[{"taxonomy":"category","embeddable":true,"href":"https:\/\/www.nationalturk.com\/tr\/wp-json\/wp\/v2\/categories?post=265913"},{"taxonomy":"post_tag","embeddable":true,"href":"https:\/\/www.nationalturk.com\/tr\/wp-json\/wp\/v2\/tags?post=265913"}],"curies":[{"name":"wp","href":"https:\/\/api.w.org\/{rel}","templated":true}]}}