{"id":265922,"date":"2018-06-04T10:40:33","date_gmt":"2018-06-04T07:40:33","guid":{"rendered":"http:\/\/www.nationalturk.com\/?p=265922"},"modified":"2018-06-04T10:40:33","modified_gmt":"2018-06-04T07:40:33","slug":"referandumda-yuzde-60-evet-diyen-orc-yine-yuksekten-uctu","status":"publish","type":"post","link":"https:\/\/www.nationalturk.com\/tr\/referandumda-yuzde-60-evet-diyen-orc-yine-yuksekten-uctu\/","title":{"rendered":"Referandumda &#8220;Y\u00fczde 60 evet&#8221; diyen ORC yine y\u00fcksekten u\u00e7tu"},"content":{"rendered":"<h2>16 Nisan referandumundan 3 g\u00fcn \u00f6nce a\u00e7\u0131klad\u0131\u011f\u0131 son anketinde y\u00fczde 59,4 &#8216;Evet&#8217; \u00e7\u0131kaca\u011f\u0131n\u0131 iddia ederek en k\u00f6t\u00fc tahminde bulunan \u015firketlerin ba\u015f\u0131n\u0131 \u00e7eken ORC, 24 Haziran tahminlerinde de y\u00fcksekten u\u00e7tu.<\/h2>\n<p>Y\u00fczde 51.8 Evet \u00e7\u0131kan 16 Nisan referandumunda y\u00fczde 59.4 &#8216;Evet&#8217; \u00e7\u0131kaca\u011f\u0131n\u0131 a\u00e7\u0131klayan ORC ara\u015ft\u0131rma \u015firketi, bu kez de 28 May\u0131s\u20131 Haziran 2018 tarihleri aras\u0131nda 37 ilde toplam 3 bin 410 ki\u015fiyle y\u00fcz y\u00fcze ger\u00e7ekle\u015ftirdi\u011fi anketin sonu\u00e7lar\u0131n\u0131 \u201cSe\u00e7men tercihleri ara\u015ft\u0131rmas\u0131 &#8211; Haziran 2018\u201d ba\u015fl\u0131\u011f\u0131yla kamuoyuna duyurdu.<\/p>\n<p>Ak\u015fam gazetesinde yer alan Anket sonu\u00e7lar\u0131na g\u00f6re, anketin sonu\u00e7lar\u0131 T\u00fcrk halk\u0131n\u0131n Cumhurba\u015fkan\u0131 Recep Tayyip Erdo\u011fan\u2019a ve Cumhur \u0130ttifak\u0131\u2019na olan g\u00fcvenini ortaya koydu.<\/p>\n<p>Ankete kat\u0131lanlar\u0131n y\u00fczde 53,4\u2019\u00fc Cumhurba\u015fkanl\u0131\u011f\u0131 se\u00e7imlerindeki aday\u0131n\u0131n Cumhurba\u015fkan\u0131 Recep Tayyip Erdo\u011fan oldu\u011funu s\u00f6yledi. Ankete g\u00f6re CHP\u2019nin aday\u0131 Muharrem \u0130nce y\u00fczde 23,8, \u0130P\u2019nin aday\u0131 Meral Ak\u015fener\u2019e ise y\u00fczde 11,5\u2019te kald\u0131. <\/p>\n<p>Ankete g\u00f6re Cumhurba\u015fkanl\u0131\u011f\u0131 se\u00e7imlerinde di\u011fer adaylara verilen oy oranlar\u0131 \u015fu \u015fekilde:<\/p>\n<p>HDP\u2019nin aday\u0131 Selahattin Demirta\u015f y\u00fczde 8,7, Saadet Partisi aday\u0131 Temel Karamollao\u011flu y\u00fczde 2,1, Vatan Partisi aday\u0131 Do\u011fu Perin\u00e7ek y\u00fczde 0,5<\/p>\n<p>Genel Se\u00e7imler i\u00e7in oy tercihlerinde de Cumhur \u0130ttifak\u0131 rakiplerinin a\u00e7\u0131k ara \u00f6n\u00fcnde. Buna g\u00f6re ankete kat\u0131lanlar\u0131n y\u00fczde 52,8\u2019i Cumhur \u0130ttifak\u0131&#8217;na, y\u00fczde 35,6\u2019s\u0131 Millet \u0130ttifak\u0131na oy verirken HDP\u2019ye oy verenler y\u00fczde 10,9 di\u011fer partilere oy verenler ise y\u00fczde 0,7\u2019de kald\u0131.<\/p>\n<p>AKP Grup Ba\u015fkan Vekili Mustafa Elita\u015f ise Ak\u015fam Gazetesi&#8217;ne verdi\u011fi r\u00f6portajda Erdo\u011fan&#8217;\u0131n oy oran\u0131n\u0131n y\u00fczde 55, AKP &#8216;nin ise 46-48 oldu\u011funu iddia etti.<\/p>\n<!-- Error, Advert is not available at this time due to schedule\/geolocation restrictions! -->\n","protected":false},"excerpt":{"rendered":"<p>16 Nisan referandumundan 3 g\u00fcn \u00f6nce a\u00e7\u0131klad\u0131\u011f\u0131 son anketinde y\u00fczde 59,4 &#8216;Evet&#8217; \u00e7\u0131kaca\u011f\u0131n\u0131 iddia ederek en k\u00f6t\u00fc tahminde bulunan \u015firketlerin ba\u015f\u0131n\u0131 \u00e7eken ORC, 24 Haziran tahminlerinde de y\u00fcksekten u\u00e7tu. Y\u00fczde 51.8 Evet \u00e7\u0131kan 16 Nisan referandumunda y\u00fczde 59.4 &#8216;Evet&#8217; \u00e7\u0131kaca\u011f\u0131n\u0131 a\u00e7\u0131klayan ORC ara\u015ft\u0131rma \u015firketi, bu kez de 28 May\u0131s\u20131 Haziran 2018 tarihleri aras\u0131nda 37 ilde &hellip;<\/p>\n","protected":false},"author":4,"featured_media":265923,"comment_status":"open","ping_status":"open","sticky":false,"template":"","format":"standard","meta":{"_acf_changed":false,"footnotes":""},"categories":[6155,5005,6202,349],"tags":[217224,128861,128863,24218,13867],"class_list":["post-265922","post","type-post","status-publish","format-standard","has-post-thumbnail","hentry","category-gundem","category-manset","category-politika","category-son-dakika","tag-24-haziran-secimleri","tag-orc","tag-orc-secim-anketi","tag-referandum","tag-secim-anketi"],"acf":[],"_links":{"self":[{"href":"https:\/\/www.nationalturk.com\/tr\/wp-json\/wp\/v2\/posts\/265922","targetHints":{"allow":["GET"]}}],"collection":[{"href":"https:\/\/www.nationalturk.com\/tr\/wp-json\/wp\/v2\/posts"}],"about":[{"href":"https:\/\/www.nationalturk.com\/tr\/wp-json\/wp\/v2\/types\/post"}],"author":[{"embeddable":true,"href":"https:\/\/www.nationalturk.com\/tr\/wp-json\/wp\/v2\/users\/4"}],"replies":[{"embeddable":true,"href":"https:\/\/www.nationalturk.com\/tr\/wp-json\/wp\/v2\/comments?post=265922"}],"version-history":[{"count":0,"href":"https:\/\/www.nationalturk.com\/tr\/wp-json\/wp\/v2\/posts\/265922\/revisions"}],"wp:featuredmedia":[{"embeddable":true,"href":"https:\/\/www.nationalturk.com\/tr\/wp-json\/wp\/v2\/media\/265923"}],"wp:attachment":[{"href":"https:\/\/www.nationalturk.com\/tr\/wp-json\/wp\/v2\/media?parent=265922"}],"wp:term":[{"taxonomy":"category","embeddable":true,"href":"https:\/\/www.nationalturk.com\/tr\/wp-json\/wp\/v2\/categories?post=265922"},{"taxonomy":"post_tag","embeddable":true,"href":"https:\/\/www.nationalturk.com\/tr\/wp-json\/wp\/v2\/tags?post=265922"}],"curies":[{"name":"wp","href":"https:\/\/api.w.org\/{rel}","templated":true}]}}