{"id":266004,"date":"2018-06-06T12:04:50","date_gmt":"2018-06-06T09:04:50","guid":{"rendered":"http:\/\/www.nationalturk.com\/?p=266004"},"modified":"2018-06-06T13:36:51","modified_gmt":"2018-06-06T10:36:51","slug":"fox-tvnin-hastaneye-ulasim-zor-haberine-sorusturma","status":"publish","type":"post","link":"https:\/\/www.nationalturk.com\/tr\/fox-tvnin-hastaneye-ulasim-zor-haberine-sorusturma\/","title":{"rendered":"FOX TV&#8217;nin &#8220;Hastaneye ula\u015f\u0131m zor&#8221; haberine soru\u015fturma!"},"content":{"rendered":"<h2>FOX TV&#8217;nin Mersin Devlet Hastanesi hakk\u0131ndaki haberiyle ilgili &#8216;Devlet organlar\u0131n\u0131 a\u015fa\u011f\u0131lama&#8217;, &#8216;Hakaret&#8217; ve &#8216;\u0130ftira&#8217; su\u00e7lar\u0131 kapsam\u0131nda Bak\u0131rk\u00f6y Cumhuriyet Ba\u015fsavc\u0131l\u0131\u011f\u0131 taraf\u0131ndan soru\u015fturma ba\u015flat\u0131ld\u0131.<\/h2>\n<p>FOX TV Haber Spikeri Fatih Portakal ve Sorumlu M\u00fcd\u00fcr \u0130brahim Onur Kumbarac\u0131ba\u015f\u0131&#8217;n\u0131n soru\u015fturmada \u015f\u00fcpheli olduklar\u0131 belirtildi. Bak\u0131rk\u00f6y 1. Sulh Ceza Hakimli\u011fi ayn\u0131 haberle ilgili FOX TV ekranlar\u0131nda cevap ve d\u00fczeltme metni yay\u0131nlanmas\u0131na da karar verdi.<\/p>\n<p>Bak\u0131rk\u00f6y Cumhuriyet Ba\u015fsavc\u0131l\u0131\u011f\u0131, Sa\u011fl\u0131k Bakanl\u0131\u011f\u0131&#8217;n\u0131n \u015fikayeti \u00fczerine Mersin \u015eehir Hastanesi ile ilgili haberleri nedeniyle FOX TV Spikeri Fatih Portakal ile FOX TV Sorumlu M\u00fcd\u00fcr\u00fc \u0130brahim Onur Kumbarac\u0131ba\u015f\u0131 hakk\u0131nda &#8220;devletin organlar\u0131n\u0131 a\u015fa\u011f\u0131lama&#8221;, &#8220;hakaret&#8221; ve &#8220;iftira&#8221; su\u00e7lar\u0131ndan soru\u015fturma ba\u015flatt\u0131.<\/p>\n<p>Sa\u011fl\u0131k Bakanl\u0131\u011f\u0131 avukatlar\u0131 Esen Ertu\u011frul K\u0131rm\u0131z\u0131da\u011f ve \u00d6zge Co\u015fkun, FOX TV&#8217;de Mersin \u015eehir Hastanesi ile ilgili yap\u0131lan haberler nedeniyle Bak\u0131rk\u00f6y Cumhuriyet Ba\u015fsavc\u0131l\u0131\u011f\u0131&#8217;na su\u00e7 duyurusunda bulundu.<\/p>\n<p>S\u00f6z konusu ba\u015fvuruyu de\u011ferlendiren savc\u0131l\u0131k, FOX TV Spikeri Fatih Portakal ile FOX TV Sorumlu M\u00fcd\u00fcr\u00fc \u0130brahim Onur Kumbarac\u0131ba\u015f\u0131 hakk\u0131nda &#8220;devletin organlar\u0131n\u0131 a\u015fa\u011f\u0131lama&#8221;, &#8220;hakaret&#8221; ve &#8220;iftira&#8221; su\u00e7lar\u0131ndan soru\u015fturma ba\u015flatt\u0131.<\/p>\n<p>Bak\u0131rk\u00f6y 1. Sulh Ceza Hakimli\u011fi de avukatlar\u0131n bu televizyon kanal\u0131nda 5 g\u00fcn s\u00fcren haberlerle ilgili cevap ve d\u00fczeltme talebini de\u011ferlendirdi. Hakimlik karar\u0131nda, &#8220;Genel olarak yay\u0131nc\u0131l\u0131k kurallar\u0131na, haber verme ve haber alma \u00f6zg\u00fcrl\u00fc\u011f\u00fc kapsam\u0131nda objektif habercilik k\u0131staslar\u0131na, 6112 say\u0131l\u0131 Radyo Televizyon Kurulu\u015fu ve Yay\u0131n Hizmetleri Kanunu&#8217;nun 8. maddesinin &#8216;\u00e7&#8217; bendindeki yay\u0131n hizmetleri&#8230; &#8216;Ki\u015fi ya da kurulu\u015flar\u0131, ele\u015ftiri s\u0131n\u0131rlar\u0131n\u0131n \u00f6tesinde a\u015fa\u011f\u0131lay\u0131c\u0131, k\u00fc\u00e7\u00fck d\u00fc\u015f\u00fcr\u00fcc\u00fc ve iftira niteli\u011finde olamaz&#8217; kural\u0131 ile ayn\u0131 maddenin &#8216;\u0131&#8217; bendinde yer alan &#8216;Haberin do\u011frulu\u011fundan emin olmaks\u0131z\u0131n ve soru\u015fturulmaks\u0131z\u0131n yay\u0131nlanmaz&#8217; kural\u0131na ayk\u0131r\u0131 olduklar\u0131, bu ba\u011flamda iftira ve a\u015fa\u011f\u0131lay\u0131c\u0131 nitelik ta\u015f\u0131d\u0131klar\u0131 ve do\u011frulu\u011fu ara\u015ft\u0131r\u0131lmadan yay\u0131n yap\u0131ld\u0131\u011f\u0131 anla\u015f\u0131lm\u0131\u015ft\u0131r.&#8221; ifadelerine yer verdi.<\/p>\n<p>Hakimlik, Sa\u011fl\u0131k Bakanl\u0131\u011f\u0131&#8217;n\u0131n cevap ve d\u00fczeltme metninin s\u00f6z konusu haber kanal\u0131nda Fatih Portakal ile FOX TV Ana Haber program\u0131nda ve program\u0131n en ba\u015f\u0131nda, yukar\u0131dan a\u015fa\u011f\u0131ya yaz\u0131 kayd\u0131rma tekni\u011fi kullan\u0131larak &#8220;Sa\u011fl\u0131k Bakanl\u0131\u011f\u0131&#8217;n\u0131n cevap ve d\u00fczeltme metnidir.&#8221; ba\u015fl\u0131\u011f\u0131 alt\u0131nda anlamay\u0131 zorla\u015ft\u0131rmayacak bi\u00e7imde ola\u011fan okuma kurallar\u0131 \u00e7er\u00e7evesinde geciktirmeksizin derhal yay\u0131nlanmas\u0131na h\u00fckmetti.<\/p>\n<!-- Error, Advert is not available at this time due to schedule\/geolocation restrictions! -->\n","protected":false},"excerpt":{"rendered":"<p>FOX TV&#8217;nin Mersin Devlet Hastanesi hakk\u0131ndaki haberiyle ilgili &#8216;Devlet organlar\u0131n\u0131 a\u015fa\u011f\u0131lama&#8217;, &#8216;Hakaret&#8217; ve &#8216;\u0130ftira&#8217; su\u00e7lar\u0131 kapsam\u0131nda Bak\u0131rk\u00f6y Cumhuriyet Ba\u015fsavc\u0131l\u0131\u011f\u0131 taraf\u0131ndan soru\u015fturma ba\u015flat\u0131ld\u0131. FOX TV Haber Spikeri Fatih Portakal ve Sorumlu M\u00fcd\u00fcr \u0130brahim Onur Kumbarac\u0131ba\u015f\u0131&#8217;n\u0131n soru\u015fturmada \u015f\u00fcpheli olduklar\u0131 belirtildi. Bak\u0131rk\u00f6y 1. Sulh Ceza Hakimli\u011fi ayn\u0131 haberle ilgili FOX TV ekranlar\u0131nda cevap ve d\u00fczeltme metni yay\u0131nlanmas\u0131na da &hellip;<\/p>\n","protected":false},"author":4,"featured_media":266005,"comment_status":"open","ping_status":"open","sticky":false,"template":"","format":"standard","meta":{"_acf_changed":false,"footnotes":""},"categories":[6155,5005,6667,6669,349],"tags":[156727,5900,41141,3131,213163],"class_list":["post-266004","post","type-post","status-publish","format-standard","has-post-thumbnail","hentry","category-gundem","category-manset","category-medya","category-saglik","category-son-dakika","tag-fatih-portakal","tag-fox-tv","tag-lutfi-elvan","tag-mersin","tag-mersin-sehir-hastanesi"],"acf":[],"_links":{"self":[{"href":"https:\/\/www.nationalturk.com\/tr\/wp-json\/wp\/v2\/posts\/266004","targetHints":{"allow":["GET"]}}],"collection":[{"href":"https:\/\/www.nationalturk.com\/tr\/wp-json\/wp\/v2\/posts"}],"about":[{"href":"https:\/\/www.nationalturk.com\/tr\/wp-json\/wp\/v2\/types\/post"}],"author":[{"embeddable":true,"href":"https:\/\/www.nationalturk.com\/tr\/wp-json\/wp\/v2\/users\/4"}],"replies":[{"embeddable":true,"href":"https:\/\/www.nationalturk.com\/tr\/wp-json\/wp\/v2\/comments?post=266004"}],"version-history":[{"count":0,"href":"https:\/\/www.nationalturk.com\/tr\/wp-json\/wp\/v2\/posts\/266004\/revisions"}],"wp:featuredmedia":[{"embeddable":true,"href":"https:\/\/www.nationalturk.com\/tr\/wp-json\/wp\/v2\/media\/266005"}],"wp:attachment":[{"href":"https:\/\/www.nationalturk.com\/tr\/wp-json\/wp\/v2\/media?parent=266004"}],"wp:term":[{"taxonomy":"category","embeddable":true,"href":"https:\/\/www.nationalturk.com\/tr\/wp-json\/wp\/v2\/categories?post=266004"},{"taxonomy":"post_tag","embeddable":true,"href":"https:\/\/www.nationalturk.com\/tr\/wp-json\/wp\/v2\/tags?post=266004"}],"curies":[{"name":"wp","href":"https:\/\/api.w.org\/{rel}","templated":true}]}}