{"id":266111,"date":"2018-06-09T11:01:13","date_gmt":"2018-06-09T08:01:13","guid":{"rendered":"http:\/\/www.nationalturk.com\/?p=266111"},"modified":"2018-06-09T11:01:13","modified_gmt":"2018-06-09T08:01:13","slug":"ergenekon-icin-turkiye-bagirsaklarini-temizliyor-diyen-bulent-arinc-dun-bambaska-seyler-soyledi","status":"publish","type":"post","link":"https:\/\/www.nationalturk.com\/tr\/ergenekon-icin-turkiye-bagirsaklarini-temizliyor-diyen-bulent-arinc-dun-bambaska-seyler-soyledi\/","title":{"rendered":"Ergenekon i\u00e7in &#8220;T\u00fcrkiye ba\u011f\u0131rsaklar\u0131n\u0131 temizliyor&#8221; diyen B\u00fclent Ar\u0131n\u00e7 d\u00fcn bamba\u015fka \u015feyler s\u00f6yledi!"},"content":{"rendered":"<h2>Ergenekon davas\u0131 d\u00f6neminde &#8220;T\u00fcrkiye ba\u011f\u0131rsaklar\u0131n\u0131 temizliyor&#8221; diyerek davalar\u0131 \u00f6ven eski TBMM Ba\u015fkan\u0131 B\u00fclent Ar\u0131n\u00e7, d\u00fcn Habert\u00fcrk&#8217;te kat\u0131ld\u0131\u011f\u0131 programda ise bamba\u015fka \u015feyler s\u00f6yledi!<\/h2>\n<p>Habert\u00fcrk TV&#8217;de K\u00fcbra Par ve Eren E\u011filmez&#8217;in y\u00f6netti\u011fi programda gazetecilerin sorular\u0131n\u0131 yan\u0131tlayan B\u00fclent Ar\u0131n\u00e7\u2019\u0131n a\u00e7\u0131klamalar\u0131ndan ilgili k\u0131s\u0131m \u015f\u00f6yle:<\/p>\n<p>&#8220;Ergenekon soru\u015fturmalar\u0131nda vicdans\u0131z hain, savc\u0131lar onu tut bunu tut i\u00e7eri atmaya ba\u015flad\u0131lar. Ben hep tutuksuz yarg\u0131lanmadan yanayd\u0131m. Askerde emir komuta zinciri vard\u0131r. \u00d6mer Halisdemir\u2019i kahraman olarak g\u00f6r\u00fcyoruz. Neden komutan\u0131 \u015funu vur dedi, o da vurdu.Tam tersi de olabilir. Genelkurmay Ba\u015fkan\u0131 ter\u00f6r \u00f6rg\u00fct\u00fcn\u00fcn ba\u015f\u0131 olarak ilan edildi.<\/p>\n<p>Ya MGK&#8217;ya gidiyorduk, ya \u015furaya gidiyorduk 102 ki\u015fi i\u00e7in tutuklama karar\u0131 geldi. Y\u00fcz\u00fcm\u00fcz k\u0131pk\u0131rm\u0131z\u0131 oldu, utand\u0131k, \u00fcz\u00fcld\u00fck, s\u0131k\u0131ld\u0131k. Ba\u015fbakan&#8217;\u0131m\u0131z\u0131n g\u00f6sterdi\u011fi tepkiyi d\u00fcn gibi hat\u0131rl\u0131yorum: &#8216;Ne yap\u0131yor bunlar, \u00e7\u0131ld\u0131rd\u0131 m\u0131 bunlar? Utanm\u0131yor bunlar&#8217; dedi.<\/p>\n<p>Ben yarg\u0131laman\u0131n ne kadar adaletsiz oldu\u011funu biliyorum. Ancak hepsinin masum oldu\u011funu s\u00f6yleyemem. \u00d6nemli olan 1 su\u00e7luyu yarg\u0131lamak ama 10 tane masumu da kar\u015f\u0131na getirmekse, o 10 tane masum i\u00e7in 1 tane su\u00e7luyu da affetmektir.&#8221;<\/p>\n<h3>B\u00fclent Ar\u0131n\u00e7: T\u00fcrkiye ba\u011f\u0131rsaklar\u0131n\u0131 temizliyor<\/h3>\n<p>B\u00fclent Ar\u0131n\u00e7, Egenekon d\u00f6neminde 4 Temmuz 2008&#8217;de \u00dclke TV&#8217;ye \u00e7\u0131karak bu operasyonlar\u0131 savunmu\u015f ve \u015funlar\u0131 s\u00f6ylemi\u015fti:<\/p>\n<p>\u201cT\u00fcrkiye iyi bir noktaya gidiyor. Bu sanc\u0131lar bir taraftan do\u011fum sanc\u0131s\u0131d\u0131r, bir taraftan ba\u011f\u0131rsaklar\u0131n\u0131 temizlemesidir.\u201d <\/p>\n<p>Ar\u0131n\u00e7, bu s\u00f6zlerinin hat\u0131rlat\u0131lmas\u0131 \u00fczerine TSK ile al\u0131p veremedi\u011fi olmad\u0131\u011f\u0131n\u0131 aktard\u0131 ve o d\u00f6nemin m\u00fcdahale ve muht\u0131ralar d\u00f6nemleri oldu\u011funu s\u00f6yledi. Ar\u0131n\u00e7, T\u00fcrkiye&#8217;de TSK i\u00e7indeki cuntac\u0131l\u0131k faaliyetlerinin yeni olmad\u0131\u011f\u0131n\u0131 ekledi.<\/p>\n<!-- Error, Advert is not available at this time due to schedule\/geolocation restrictions! -->\n","protected":false},"excerpt":{"rendered":"<p>Ergenekon davas\u0131 d\u00f6neminde &#8220;T\u00fcrkiye ba\u011f\u0131rsaklar\u0131n\u0131 temizliyor&#8221; diyerek davalar\u0131 \u00f6ven eski TBMM Ba\u015fkan\u0131 B\u00fclent Ar\u0131n\u00e7, d\u00fcn Habert\u00fcrk&#8217;te kat\u0131ld\u0131\u011f\u0131 programda ise bamba\u015fka \u015feyler s\u00f6yledi! Habert\u00fcrk TV&#8217;de K\u00fcbra Par ve Eren E\u011filmez&#8217;in y\u00f6netti\u011fi programda gazetecilerin sorular\u0131n\u0131 yan\u0131tlayan B\u00fclent Ar\u0131n\u00e7\u2019\u0131n a\u00e7\u0131klamalar\u0131ndan ilgili k\u0131s\u0131m \u015f\u00f6yle: &#8220;Ergenekon soru\u015fturmalar\u0131nda vicdans\u0131z hain, savc\u0131lar onu tut bunu tut i\u00e7eri atmaya ba\u015flad\u0131lar. Ben hep tutuksuz &hellip;<\/p>\n","protected":false},"author":4,"featured_media":266112,"comment_status":"open","ping_status":"open","sticky":false,"template":"","format":"standard","meta":{"_acf_changed":false,"footnotes":""},"categories":[6155,5005,6202,349],"tags":[14378,4208,8071,4110],"class_list":["post-266111","post","type-post","status-publish","format-standard","has-post-thumbnail","hentry","category-gundem","category-manset","category-politika","category-son-dakika","tag-balyoz","tag-bulent-arinc","tag-ergenekon","tag-haberturk"],"acf":[],"_links":{"self":[{"href":"https:\/\/www.nationalturk.com\/tr\/wp-json\/wp\/v2\/posts\/266111","targetHints":{"allow":["GET"]}}],"collection":[{"href":"https:\/\/www.nationalturk.com\/tr\/wp-json\/wp\/v2\/posts"}],"about":[{"href":"https:\/\/www.nationalturk.com\/tr\/wp-json\/wp\/v2\/types\/post"}],"author":[{"embeddable":true,"href":"https:\/\/www.nationalturk.com\/tr\/wp-json\/wp\/v2\/users\/4"}],"replies":[{"embeddable":true,"href":"https:\/\/www.nationalturk.com\/tr\/wp-json\/wp\/v2\/comments?post=266111"}],"version-history":[{"count":0,"href":"https:\/\/www.nationalturk.com\/tr\/wp-json\/wp\/v2\/posts\/266111\/revisions"}],"wp:featuredmedia":[{"embeddable":true,"href":"https:\/\/www.nationalturk.com\/tr\/wp-json\/wp\/v2\/media\/266112"}],"wp:attachment":[{"href":"https:\/\/www.nationalturk.com\/tr\/wp-json\/wp\/v2\/media?parent=266111"}],"wp:term":[{"taxonomy":"category","embeddable":true,"href":"https:\/\/www.nationalturk.com\/tr\/wp-json\/wp\/v2\/categories?post=266111"},{"taxonomy":"post_tag","embeddable":true,"href":"https:\/\/www.nationalturk.com\/tr\/wp-json\/wp\/v2\/tags?post=266111"}],"curies":[{"name":"wp","href":"https:\/\/api.w.org\/{rel}","templated":true}]}}