{"id":266207,"date":"2018-06-12T13:20:39","date_gmt":"2018-06-12T10:20:39","guid":{"rendered":"http:\/\/www.nationalturk.com\/?p=266207"},"modified":"2018-06-12T13:20:39","modified_gmt":"2018-06-12T10:20:39","slug":"akpden-secim-vaadi-bedelli-askerlik","status":"publish","type":"post","link":"https:\/\/www.nationalturk.com\/tr\/akpden-secim-vaadi-bedelli-askerlik\/","title":{"rendered":"AKP&#8217;den se\u00e7im vaadi: Bedelli askerlik"},"content":{"rendered":"<h2>AKP Grup Ba\u015fkanvekili Mustafa Elita\u015f, bedelli askerlikle ilgili &#8220;Ya TSK&#8217;n\u0131n 4 ayda bir yap\u0131lan devrelerini 3 ayda bire d\u00fc\u015f\u00fcrerek askerlik s\u00fcresini k\u0131saltmak ya da Ba\u015fbakan\u0131m\u0131z\u0131n dedi\u011fi gibi bedeli mukabilinde askerli\u011fini ifa etmi\u015f saymak&#8221; dedi. Elita\u015f, d\u00fczenlemenin ise se\u00e7im sonras\u0131 yap\u0131labilece\u011fini ileri s\u00fcrd\u00fc!<\/h2>\n<p>Elita\u015f, 24 Haziran se\u00e7imlerinden sonra h\u00fck\u00fcmetin ilk g\u00fcndemlerinden birinin bedelli askerlik bekleyenler olaca\u011f\u0131n\u0131 belirtti.<\/p>\n<p>Habert\u00fcrk&#8217;te bedelli askerlikle ilgili soruya yan\u0131t veren Elita\u015f, \u015funlar\u0131 s\u00f6yledi:<br \/>\n&#8220;750-800 bin her y\u0131l askerlik \u00e7a\u011f\u0131 gelen karde\u015fimiz var. TSK&#8217;n\u0131n y\u0131lda 300 bin asker alma kapasitesi var. Ya TSK&#8217;n\u0131n 4 ayda bir yap\u0131lan devrelerini 3 ayda bire d\u00fc\u015f\u00fcrerek askerlik s\u00fcresini k\u0131saltmak ya da Ba\u015fbakan\u0131m\u0131z\u0131n dedi\u011fi gibi bedeli mukabilinde askerli\u011fini ifa etmi\u015f saymak. San\u0131r\u0131m yeni h\u00fck\u00fcmetin ilk g\u00fcndemlerinden biri bu kanun olarak gelecek. Bu i\u015flerin h\u00fck\u00fcmetle uyumlu olarak yap\u0131lmas\u0131 gerekir.&#8221;<\/p>\n<p>Ba\u015fbakan Binali Y\u0131ld\u0131r\u0131m, &#8220;Yeni h\u00fck\u00fcmetin g\u00fcndemindeki konulardan birisi bu olacak. Bu bir reform. Bence \u015fartlar olu\u015ftu. Bir birikim var, bunu bedelli ile sadece \u00e7\u00f6zmek m\u00fcmk\u00fcn de\u011fil. B\u00fct\u00fcn boyutlar\u0131 ile ele almak laz\u0131m&#8221; demi\u015fti.<\/p>\n<!-- Error, Advert is not available at this time due to schedule\/geolocation restrictions! -->\n","protected":false},"excerpt":{"rendered":"<p>AKP Grup Ba\u015fkanvekili Mustafa Elita\u015f, bedelli askerlikle ilgili &#8220;Ya TSK&#8217;n\u0131n 4 ayda bir yap\u0131lan devrelerini 3 ayda bire d\u00fc\u015f\u00fcrerek askerlik s\u00fcresini k\u0131saltmak ya da Ba\u015fbakan\u0131m\u0131z\u0131n dedi\u011fi gibi bedeli mukabilinde askerli\u011fini ifa etmi\u015f saymak&#8221; dedi. Elita\u015f, d\u00fczenlemenin ise se\u00e7im sonras\u0131 yap\u0131labilece\u011fini ileri s\u00fcrd\u00fc! Elita\u015f, 24 Haziran se\u00e7imlerinden sonra h\u00fck\u00fcmetin ilk g\u00fcndemlerinden birinin bedelli askerlik bekleyenler olaca\u011f\u0131n\u0131 &hellip;<\/p>\n","protected":false},"author":4,"featured_media":266208,"comment_status":"open","ping_status":"open","sticky":false,"template":"","format":"standard","meta":{"_acf_changed":false,"footnotes":""},"categories":[6155,5005,6202,349],"tags":[11974,1079,74537],"class_list":["post-266207","post","type-post","status-publish","format-standard","has-post-thumbnail","hentry","category-gundem","category-manset","category-politika","category-son-dakika","tag-bedelli-askerlik","tag-binali-yildirim","tag-mustafa-elitas"],"acf":[],"_links":{"self":[{"href":"https:\/\/www.nationalturk.com\/tr\/wp-json\/wp\/v2\/posts\/266207","targetHints":{"allow":["GET"]}}],"collection":[{"href":"https:\/\/www.nationalturk.com\/tr\/wp-json\/wp\/v2\/posts"}],"about":[{"href":"https:\/\/www.nationalturk.com\/tr\/wp-json\/wp\/v2\/types\/post"}],"author":[{"embeddable":true,"href":"https:\/\/www.nationalturk.com\/tr\/wp-json\/wp\/v2\/users\/4"}],"replies":[{"embeddable":true,"href":"https:\/\/www.nationalturk.com\/tr\/wp-json\/wp\/v2\/comments?post=266207"}],"version-history":[{"count":0,"href":"https:\/\/www.nationalturk.com\/tr\/wp-json\/wp\/v2\/posts\/266207\/revisions"}],"wp:featuredmedia":[{"embeddable":true,"href":"https:\/\/www.nationalturk.com\/tr\/wp-json\/wp\/v2\/media\/266208"}],"wp:attachment":[{"href":"https:\/\/www.nationalturk.com\/tr\/wp-json\/wp\/v2\/media?parent=266207"}],"wp:term":[{"taxonomy":"category","embeddable":true,"href":"https:\/\/www.nationalturk.com\/tr\/wp-json\/wp\/v2\/categories?post=266207"},{"taxonomy":"post_tag","embeddable":true,"href":"https:\/\/www.nationalturk.com\/tr\/wp-json\/wp\/v2\/tags?post=266207"}],"curies":[{"name":"wp","href":"https:\/\/api.w.org\/{rel}","templated":true}]}}