{"id":266218,"date":"2018-06-12T16:41:33","date_gmt":"2018-06-12T13:41:33","guid":{"rendered":"http:\/\/www.nationalturk.com\/?p=266218"},"modified":"2018-06-12T16:41:33","modified_gmt":"2018-06-12T13:41:33","slug":"efsane-ronaldo-brezilyaya-sampiyonluk-yetmez","status":"publish","type":"post","link":"https:\/\/www.nationalturk.com\/tr\/efsane-ronaldo-brezilyaya-sampiyonluk-yetmez\/","title":{"rendered":"Efsane Ronaldo: Brezilya&#8217;ya \u015fampiyonluk yetmez"},"content":{"rendered":"<h2>Brezilyal\u0131 efsane futbolcu Ronaldo, milli tak\u0131mlar\u0131n\u0131n yaln\u0131zca D\u00fcnya Kupas\u0131&#8217;n\u0131 kazanmas\u0131n\u0131 de\u011fil, ortaya seyir zevki y\u00fcksek bir futbol da koymas\u0131n\u0131 beklediklerini s\u00f6yledi.<\/h2>\n<p>Ronaldo, spor giyim firmas\u0131 Nike&#8217;\u0131n Moskova&#8217;daki Gorki Park&#8217;ta d\u00fczenlenen etkinli\u011finde bas\u0131n mensuplar\u0131n\u0131n sorular\u0131n\u0131 yan\u0131tlad\u0131. <\/p>\n<p>Efsane oyuncu, Brezilya&#8217;n\u0131n D\u00fcnya Kupas\u0131&#8217;n\u0131 kazanma \u015fans\u0131n\u0131n sorulmas\u0131 \u00fczerine \u015f\u00f6yle konu\u015ftu:<\/p>\n<p>&#8220;Milli tak\u0131m\u0131m\u0131z \u015fu anda \u00e7ok iyi oynuyor, \u00f6zellikle son iki senede teknik direkt\u00f6r\u00fcm\u00fcz Tite ile beraber \u00e7ok daha dengeli oynamaya ba\u015flad\u0131. Milli tak\u0131m\u0131m\u0131z gen\u00e7 ve motivasyonu \u00fcst d\u00fczey oyunculardan olu\u015fuyor. Gen\u00e7 olduklar\u0131 i\u00e7in ilk defa D\u00fcnya Kupas\u0131&#8217;nda oynayacak oyuncular\u0131m\u0131z da var ama bu onlarda gerginlik de\u011fil, heyecan olu\u015fturur. Brezilya&#8217;n\u0131n ba\u015far\u0131l\u0131 olaca\u011f\u0131na inan\u0131yorum. Brezilya&#8217;y\u0131 favori olarak g\u00f6r\u00fcyorum. Almanya, \u0130spanya ve Arjantin de tabii ki favoriler aras\u0131nda. Fransa&#8217;n\u0131n da \u00e7ok gen\u00e7 ve yetenekli bir kadrosu var. D\u00fcnya Kupas\u0131&#8217;n\u0131n kazan\u0131lmas\u0131 i\u00e7in bir\u00e7ok fakt\u00f6r\u00fcn bir araya gelmesi gerekiyor. Umar\u0131m Brezilya bu fakt\u00f6rleri bir araya getirir ve Rusya&#8217;dan kupa ile \u00fclkemize d\u00f6neriz. Ayr\u0131ca Brezilya Milli Tak\u0131m\u0131&#8217;ndan kupan\u0131n yan\u0131nda iyi futbol da bekliyoruz. Brezilya&#8217;ya sadece kupay\u0131 kazanmak yetmez. Brezilya Milli Tak\u0131m\u0131 olarak ne kadar g\u00fczel futbol oynad\u0131\u011f\u0131m\u0131z\u0131 da herkese g\u00f6stermemiz gerek.&#8221;<\/p>\n<p>&#8220;Neymar son ma\u00e7ta att\u0131\u011f\u0131 golle Romario&#8217;nun milli tak\u0131mda att\u0131\u011f\u0131 gol say\u0131s\u0131n\u0131 ge\u00e7ti, sizin gol say\u0131n\u0131za da yakla\u015ft\u0131. Neymar&#8217;\u0131n performans\u0131n\u0131 nas\u0131l buluyorsunuz?&#8221; sorusuna ise Ronaldo, \u015fu yan\u0131t\u0131 verdi: <\/p>\n<p>&#8220;Tabii ki ben Neymar&#8217;\u0131n benim gol say\u0131m\u0131 ge\u00e7mesini de isterim. Neymar sadece benim de\u011fil ke\u015fke Pele&#8217;nin de rekorunu ge\u00e7se. \u00c7\u00fcnk\u00fc onun bu golleri atmas\u0131 demek, Brezilya Milli Tak\u0131m\u0131&#8217;n\u0131n daha \u00e7ok kupa kazanmas\u0131 ve daha \u00e7ok \u015fampiyonluklar kazanmas\u0131 anlam\u0131na geliyor. Onun bu tutkusu ve iste\u011fi beni de \u00e7ok mutlu ediyor. Bu \u015fekilde milli tak\u0131m\u0131na yard\u0131m etmi\u015f oluyor.&#8221;<\/p>\n<p>Efsane oyuncu, Brezilya Milli Tak\u0131m\u0131&#8217;nda Firmino ve Jesus aras\u0131nda ya\u015fanan forma rekabeti hakk\u0131nda ise &#8220;Her zaman Brezilya&#8217;da bu rekabet olacakt\u0131r. \u00c7\u00fcnk\u00fc Brezilya Milli Tak\u0131m\u0131 d\u00fcnyan\u0131n en iyi oyuncular\u0131ndan olu\u015fuyor. T\u00fcm Brezilyal\u0131 futbolcular Avrupa&#8217;n\u0131n b\u00fcy\u00fck tak\u0131mlar\u0131nda oynuyor. Burada tabii ki en b\u00fcy\u00fck g\u00f6rev Tite&#8217;ye d\u00fc\u015f\u00fcyor. Gabriel Jesus&#8217;un yeri daha garanti gibi g\u00f6z\u00fck\u00fcyor. Oynad\u0131\u011f\u0131 ma\u00e7larda goller att\u0131. Tabii ki ayn\u0131 \u015fekilde yedek kul\u00fcbesinde oturan Firmino da Brezilya i\u00e7in itici bir g\u00fc\u00e7 olacakt\u0131r.&#8221; yorumunda bulundu. <\/p>\n<p>Ronaldo, teknik direkt\u00f6r Tite&#8217;nin Real Madrid&#8217;e gidece\u011fi iddialar\u0131n\u0131n hat\u0131rlat\u0131lmas\u0131 \u00fczerine, &#8220;\u015eu an bu dedikodular niye \u00e7\u0131k\u0131yor bilmiyorum. Hepimizin milli tak\u0131m\u0131n ba\u015far\u0131s\u0131na odaklanmam\u0131z gerek. Milli tak\u0131m\u0131 kar\u0131\u015ft\u0131racak hi\u00e7bir ortam\u0131n olu\u015fturulmamas\u0131 gerek.&#8221; diye konu\u015ftu.<\/p>\n<!-- Error, Advert is not available at this time due to schedule\/geolocation restrictions! -->\n","protected":false},"excerpt":{"rendered":"<p>Brezilyal\u0131 efsane futbolcu Ronaldo, milli tak\u0131mlar\u0131n\u0131n yaln\u0131zca D\u00fcnya Kupas\u0131&#8217;n\u0131 kazanmas\u0131n\u0131 de\u011fil, ortaya seyir zevki y\u00fcksek bir futbol da koymas\u0131n\u0131 beklediklerini s\u00f6yledi. Ronaldo, spor giyim firmas\u0131 Nike&#8217;\u0131n Moskova&#8217;daki Gorki Park&#8217;ta d\u00fczenlenen etkinli\u011finde bas\u0131n mensuplar\u0131n\u0131n sorular\u0131n\u0131 yan\u0131tlad\u0131. Efsane oyuncu, Brezilya&#8217;n\u0131n D\u00fcnya Kupas\u0131&#8217;n\u0131 kazanma \u015fans\u0131n\u0131n sorulmas\u0131 \u00fczerine \u015f\u00f6yle konu\u015ftu: &#8220;Milli tak\u0131m\u0131m\u0131z \u015fu anda \u00e7ok iyi oynuyor, \u00f6zellikle son &hellip;<\/p>\n","protected":false},"author":4,"featured_media":266219,"comment_status":"open","ping_status":"open","sticky":false,"template":"","format":"standard","meta":{"_acf_changed":false,"footnotes":""},"categories":[6774,6155,6194],"tags":[176472,1178,6595,69597,2617],"class_list":["post-266218","post","type-post","status-publish","format-standard","has-post-thumbnail","hentry","category-futbol","category-gundem","category-spor","tag-2018-dunya-kupasi","tag-brezilya","tag-dunya-kupasi","tag-neymar","tag-ronaldo"],"acf":[],"_links":{"self":[{"href":"https:\/\/www.nationalturk.com\/tr\/wp-json\/wp\/v2\/posts\/266218","targetHints":{"allow":["GET"]}}],"collection":[{"href":"https:\/\/www.nationalturk.com\/tr\/wp-json\/wp\/v2\/posts"}],"about":[{"href":"https:\/\/www.nationalturk.com\/tr\/wp-json\/wp\/v2\/types\/post"}],"author":[{"embeddable":true,"href":"https:\/\/www.nationalturk.com\/tr\/wp-json\/wp\/v2\/users\/4"}],"replies":[{"embeddable":true,"href":"https:\/\/www.nationalturk.com\/tr\/wp-json\/wp\/v2\/comments?post=266218"}],"version-history":[{"count":0,"href":"https:\/\/www.nationalturk.com\/tr\/wp-json\/wp\/v2\/posts\/266218\/revisions"}],"wp:featuredmedia":[{"embeddable":true,"href":"https:\/\/www.nationalturk.com\/tr\/wp-json\/wp\/v2\/media\/266219"}],"wp:attachment":[{"href":"https:\/\/www.nationalturk.com\/tr\/wp-json\/wp\/v2\/media?parent=266218"}],"wp:term":[{"taxonomy":"category","embeddable":true,"href":"https:\/\/www.nationalturk.com\/tr\/wp-json\/wp\/v2\/categories?post=266218"},{"taxonomy":"post_tag","embeddable":true,"href":"https:\/\/www.nationalturk.com\/tr\/wp-json\/wp\/v2\/tags?post=266218"}],"curies":[{"name":"wp","href":"https:\/\/api.w.org\/{rel}","templated":true}]}}