{"id":266231,"date":"2018-06-13T11:14:32","date_gmt":"2018-06-13T08:14:32","guid":{"rendered":"http:\/\/www.nationalturk.com\/?p=266231"},"modified":"2018-06-13T11:14:32","modified_gmt":"2018-06-13T08:14:32","slug":"son-dakika-adil-oksuzin-yeri-belli-oldu-iddiasi","status":"publish","type":"post","link":"https:\/\/www.nationalturk.com\/tr\/son-dakika-adil-oksuzin-yeri-belli-oldu-iddiasi\/","title":{"rendered":"Son Dakika: Adil \u00d6ks\u00fcz&#8217;in yeri belli oldu iddias\u0131!"},"content":{"rendered":"<h2>Fetullah\u00e7\u0131 Ter\u00f6r \u00d6rg\u00fct\u00fc&#8217;n\u00fcn (FET\u00d6)  darbeci s\u00f6zde &#8220;Hava Kuvvetleri \u0130mam\u0131&#8221; Adil \u00d6ks\u00fcz\u2019\u00fcn Almanya\u2019ya ka\u00e7t\u0131ktan sonra, \u00f6rg\u00fct\u00fcn Berlin\u2019deki h\u00fccre evlerinde kald\u0131\u011f\u0131 iddia edildi.<\/h2>\n<p>Anadolu Ajans\u0131\u2019na ula\u015fan bir ihbar mektubunda, Adil \u00d6ks\u00fcz\u2019\u00fcn Almanya\u2019n\u0131n ba\u015fkenti Berlin\u2019in Neuk\u00f6lln il\u00e7esinde Friedelstr 48. 12047 adresinde, S. Ya\u015far ad\u0131na kay\u0131tl\u0131 bir evde sakland\u0131\u011f\u0131 belirtildi.<\/p>\n<p>Bu ihbar \u00fczerine, s\u00f6z konusu adrese giden AA muhabirleri, firari \u00d6ks\u00fcz\u2019\u00fcn izini s\u00fcrd\u00fc.<\/p>\n<p>\u00c7o\u011funlukla g\u00f6\u00e7menlerin ya\u015fad\u0131\u011f\u0131 il\u00e7edeki eve ula\u015f\u0131ld\u0131\u011f\u0131nda, kap\u0131 zilinde buran\u0131n ev sahibi oldu\u011fu tahmin edilen &#8220;Ya\u015far&#8221; isminin yaz\u0131l\u0131 oldu\u011fu g\u00f6r\u00fcld\u00fc.<\/p>\n<p>Dairenin, apartman\u0131n caddeye bakan cephesi yerine sadece arka bah\u00e7eyi g\u00f6ren ve d\u0131\u015fardan fark edilemeyecek bir cephede yer almas\u0131 dikkati \u00e7ekiyor.<\/p>\n<p>AA\u2019n\u0131n g\u00f6r\u00fcnt\u00fcledi\u011fi ve zilini \u00e7ald\u0131\u011f\u0131 dairede kimsenin kap\u0131 a\u00e7mamas\u0131 dikkati \u00e7ekerken, apartman\u0131n Alman sakinleri de S. Ya\u015far ad\u0131nda bir ki\u015fiyi tan\u0131mad\u0131klar\u0131n\u0131 s\u00f6yledi.<\/p>\n<h3>Ka\u00e7\u0131\u015f ve bar\u0131nma i\u00e7in \u00f6rg\u00fctl\u00fc faaliyet<\/h3>\n<p>AA muhabirinin g\u00fcvenilir kaynaklardan edindi\u011fi bilgilere g\u00f6re, \u00d6ks\u00fcz&#8217;\u00fc saklayan kilit isim, Berlin&#8217;deki FET\u00d6 yap\u0131lanmas\u0131n\u0131n etkili unsurlar\u0131ndan firari Ali A. <\/p>\n<p>Berlin&#8217;de bir\u00e7ok gayr\u0131 menkulu bulunan Ali A., 15 Temmuz darbe giri\u015fiminin ard\u0131ndan T\u00fcrkiye\u2019den \u00e7ok say\u0131da FET\u00d6 eleba\u015f\u0131n\u0131n yasa d\u0131\u015f\u0131 yollarla ba\u015fta Almanya olmak \u00fczere Avrupa \u00fclkelerine ka\u00e7\u0131\u015f\u0131n\u0131 ve bar\u0131nmas\u0131n\u0131 organize etti.<\/p>\n<p>\u00d6ks\u00fcz&#8217;\u00fcn de bu evlerden birinde sakland\u0131\u011f\u0131 d\u00fc\u015f\u00fcn\u00fcl\u00fcyor.<\/p>\n<p>Ali A\u2019n\u0131n, S. Ya\u015far\u2019a ait h\u00fccre evde bir\u00e7ok FET\u00d6 eleba\u015f\u0131n\u0131 saklad\u0131\u011f\u0131, g\u00f6rg\u00fc tan\u0131klar\u0131n\u0131n ifadelerine de yans\u0131yor. <\/p>\n<p>\u00d6ks\u00fcz&#8217;\u00fcn Ali A. taraf\u0131ndan korundu\u011fu, bu ki\u015finin yard\u0131m\u0131yla dikkat \u00e7ekmeyecek \u015fekilde Almanya i\u00e7inde seyahat etti\u011fi gelen bilgiler aras\u0131nda.<\/p>\n<p>Ali A., T\u00fcrkiye&#8217;den ka\u00e7an bir\u00e7ok orta ve \u00fcst d\u00fczey FET\u00d6 eleba\u015f\u0131n\u0131n farkl\u0131 evlerde bar\u0131nmalar\u0131na da arac\u0131l\u0131k ederken, \u00f6rg\u00fct\u00fcn Polonya ve K\u0131rg\u0131zistan yap\u0131lanmas\u0131yla ba\u011flant\u0131s\u0131n\u0131 s\u00fcrd\u00fcr\u00fcyor. <\/p>\n<p>T\u00fcrkiye&#8217;den ka\u00e7\u0131\u015flarda \u00f6nce eski Do\u011fu Bloku \u00fclkelerine giden ve hemen sonra Berlin&#8217;e ge\u00e7en FET\u00d6 \u00fcyeleri, bu kenti adeta ilk toplanma merkezi olarak kulland\u0131.<\/p>\n<h4>FET\u00d6\u2019n\u00fcn Almanya yap\u0131lanmas\u0131<\/h4>\n<p>Avrupa\u2019daki en b\u00fcy\u00fck yap\u0131lanmas\u0131n\u0131 Almanya\u2019da kuran FET\u00d6\u2019n\u00fcn burada \u00e7ok say\u0131da dernek, \u015firket ve internet sitesi bulunuyor.<\/p>\n<p>Bir\u00e7ok FET\u00d6&#8217;c\u00fc i\u015fadam\u0131n\u0131n \u00f6zellikle 15 Temmuz darbe giri\u015fimi sonras\u0131, ba\u015fkent Berlin ba\u015fta olmak \u00fczere pek \u00e7ok yerde i\u015fyeri isimlerini de\u011fi\u015ftirdi\u011fi biliniyor.<\/p>\n<p>FET\u00d6&#8217;n\u00fcn Almanya yap\u0131lanmas\u0131, okullar\u0131na \u00f6\u011frenci bulmakta zorlanmas\u0131 nedeniyle de mali darbo\u011faza girdi. Bunun \u00fczerine FET\u00d6 eleba\u015flar\u0131 \u00e7areyi baz\u0131 okul binalar\u0131n\u0131 satmakta, baz\u0131lar\u0131n\u0131 ise Suriye&#8217;den gelen s\u0131\u011f\u0131nmac\u0131lar i\u00e7in belediyelere kiralamakta buldu.<\/p>\n<p>Almanya&#8217;daki FET\u00d6 yap\u0131lanmas\u0131 elindeki t\u00fcm imkanlar\u0131 halihaz\u0131rda, 15 Temmuz darbe giri\u015fiminden sonra T\u00fcrkiye\u2019den ve d\u00fcnyan\u0131n farkl\u0131 \u00fclkelerinden gelen FET\u00d6\u2019c\u00fclere destek olmak i\u00e7in seferber ediyor.<\/p>\n<p>15 Temmuz darbe giri\u015fiminden bu yana 4 binden fazla FET\u00d6\u2019c\u00fcn\u00fcn, Almanya\u2019daki \u00f6rg\u00fct \u00fcyeleri taraf\u0131ndan korundu\u011fu, kendilerine kalacak yer temin edildi\u011fi, oturum ve iltica talepleri konular\u0131nda destek sa\u011fland\u0131\u011f\u0131 \u00f6\u011frenildi.<\/p>\n<!-- Error, Advert is not available at this time due to schedule\/geolocation restrictions! -->\n","protected":false},"excerpt":{"rendered":"<p>Fetullah\u00e7\u0131 Ter\u00f6r \u00d6rg\u00fct\u00fc&#8217;n\u00fcn (FET\u00d6) darbeci s\u00f6zde &#8220;Hava Kuvvetleri \u0130mam\u0131&#8221; Adil \u00d6ks\u00fcz\u2019\u00fcn Almanya\u2019ya ka\u00e7t\u0131ktan sonra, \u00f6rg\u00fct\u00fcn Berlin\u2019deki h\u00fccre evlerinde kald\u0131\u011f\u0131 iddia edildi. Anadolu Ajans\u0131\u2019na ula\u015fan bir ihbar mektubunda, Adil \u00d6ks\u00fcz\u2019\u00fcn Almanya\u2019n\u0131n ba\u015fkenti Berlin\u2019in Neuk\u00f6lln il\u00e7esinde Friedelstr 48. 12047 adresinde, S. Ya\u015far ad\u0131na kay\u0131tl\u0131 bir evde sakland\u0131\u011f\u0131 belirtildi. Bu ihbar \u00fczerine, s\u00f6z konusu adrese giden AA muhabirleri, &hellip;<\/p>\n","protected":false},"author":4,"featured_media":266232,"comment_status":"open","ping_status":"open","sticky":false,"template":"","format":"standard","meta":{"_acf_changed":false,"footnotes":""},"categories":[6155,5005,349,6805],"tags":[207942,210507,2174,1120,202856],"class_list":["post-266231","post","type-post","status-publish","format-standard","has-post-thumbnail","hentry","category-gundem","category-manset","category-son-dakika","category-turkiye","tag-adil-oksuz","tag-adil-oksuz-nerede","tag-almanya","tag-berlin","tag-feto"],"acf":[],"_links":{"self":[{"href":"https:\/\/www.nationalturk.com\/tr\/wp-json\/wp\/v2\/posts\/266231","targetHints":{"allow":["GET"]}}],"collection":[{"href":"https:\/\/www.nationalturk.com\/tr\/wp-json\/wp\/v2\/posts"}],"about":[{"href":"https:\/\/www.nationalturk.com\/tr\/wp-json\/wp\/v2\/types\/post"}],"author":[{"embeddable":true,"href":"https:\/\/www.nationalturk.com\/tr\/wp-json\/wp\/v2\/users\/4"}],"replies":[{"embeddable":true,"href":"https:\/\/www.nationalturk.com\/tr\/wp-json\/wp\/v2\/comments?post=266231"}],"version-history":[{"count":0,"href":"https:\/\/www.nationalturk.com\/tr\/wp-json\/wp\/v2\/posts\/266231\/revisions"}],"wp:featuredmedia":[{"embeddable":true,"href":"https:\/\/www.nationalturk.com\/tr\/wp-json\/wp\/v2\/media\/266232"}],"wp:attachment":[{"href":"https:\/\/www.nationalturk.com\/tr\/wp-json\/wp\/v2\/media?parent=266231"}],"wp:term":[{"taxonomy":"category","embeddable":true,"href":"https:\/\/www.nationalturk.com\/tr\/wp-json\/wp\/v2\/categories?post=266231"},{"taxonomy":"post_tag","embeddable":true,"href":"https:\/\/www.nationalturk.com\/tr\/wp-json\/wp\/v2\/tags?post=266231"}],"curies":[{"name":"wp","href":"https:\/\/api.w.org\/{rel}","templated":true}]}}