{"id":266234,"date":"2018-06-13T11:49:42","date_gmt":"2018-06-13T08:49:42","guid":{"rendered":"http:\/\/www.nationalturk.com\/?p=266234"},"modified":"2018-06-13T11:49:42","modified_gmt":"2018-06-13T08:49:42","slug":"kilicdaroglu-muharrem-ince-ilk-turda-kazanabilir","status":"publish","type":"post","link":"https:\/\/www.nationalturk.com\/tr\/kilicdaroglu-muharrem-ince-ilk-turda-kazanabilir\/","title":{"rendered":"K\u0131l\u0131\u00e7daro\u011flu: Muharrem \u0130nce ilk turda kazanabilir"},"content":{"rendered":"<h2>CHP Genel Ba\u015fkan\u0131 Kemal K\u0131l\u0131\u00e7daro\u011flu, se\u00e7imlerin \u015fu anki verilere g\u00f6re ikinci tura kalaca\u011f\u0131n\u0131 belirterek, &#8220;Ger\u00e7ekten bir dip dalga geliyor. Muharrem \u0130nce 1. turda da cumhurba\u015fkanl\u0131\u011f\u0131 koltu\u011funa oturabilir&#8221; dedi. K\u0131l\u0131\u00e7daro\u011flu, Millet \u0130ttifak\u0131&#8217;n\u0131n da parlamentoda \u00e7o\u011funlu\u011fu alaca\u011f\u0131n\u0131 s\u00f6yledi.<\/h2>\n<p>Fox TV&#8217;de &#8216;\u0130smail K\u00fc\u00e7\u00fckkaya ile \u00c7alar Saat&#8217; program\u0131nda g\u00fcndeme ili\u015fkin sorular\u0131 yan\u0131tlayan K\u0131l\u0131\u00e7daro\u011flu, toplumun her kesimiyle, esnaf, \u00e7ift\u00e7i, muhtar, sanayici, tacirlerle \u00f6zel toplant\u0131lar yapt\u0131klar\u0131n\u0131, hepsinin kendilerini dinledikten sonra umutlar\u0131n\u0131n artt\u0131\u011f\u0131n\u0131 anlatt\u0131.<\/p>\n<p>&#8216;T\u00fcrkiye sahipsiz de\u011fil&#8217; diyen K\u0131l\u0131\u00e7daro\u011flu, T\u00fcrkiye&#8217;nin sorunlar\u0131n\u0131n oldu\u011funu ama bu sorunlar\u0131n ak\u0131lc\u0131 politikalarla \u00e7\u00f6z\u00fclebilece\u011fini belirtti. Bu se\u00e7imlerin T\u00fcrkiye&#8217;nin gelece\u011fi a\u00e7\u0131s\u0131ndan hayati oldu\u011funu dile getiren K\u0131l\u0131\u00e7daro\u011flu, &#8220;Var olan b\u00fct\u00fcn bu olumsuzluklar\u0131n sa\u011fl\u0131kl\u0131 ve tutarl\u0131 bir politikayla a\u015fabilece\u011fi y\u00f6n\u00fcnde bir kanaat olu\u015ftu&#8221; dedi.<\/p>\n<p>K\u0131l\u0131\u00e7daro\u011flu, \u015funlar\u0131 s\u00f6yledi:<\/p>\n<p>&#8220;Say\u0131n Muharrem \u0130nce, Allah nasip ederse 25 Haziran&#8217;da cumhurba\u015fkanl\u0131\u011f\u0131 koltu\u011funa oturacak. 1. veya 2. turda. Ama idealimiz bu y\u00f6nde, \u015fu anda b\u00fct\u00fcn veriler 2. tura kalaca\u011f\u0131 \u015feklinde. Ama ger\u00e7ekten bir dip dalga geliyor. Muharrem \u0130nce 1. turda da cumhurba\u015fkanl\u0131\u011f\u0131 koltu\u011funa oturabilir. \u0130kincisi ise Millet \u0130ttifak\u0131&#8217;n\u0131n parlamentoda \u00e7o\u011funlu\u011fu elde etmesidir. Bu da olacakt\u0131r. \u015eu anki b\u00fct\u00fcn veriler, Millet \u0130ttifak\u0131&#8217;n\u0131n parlamentoda \u00e7o\u011funlu\u011fu alaca\u011f\u0131n\u0131 g\u00f6steriyor. De\u011fi\u015fik siyasi partiler bir araya gelip, demokrasi konusunda g\u00fc\u00e7 birli\u011fi yapt\u0131. Farkl\u0131 siyasi partilerin demokrasiyi, insan haklar\u0131n\u0131 g\u00fc\u00e7lendirmek, var olan sorunlar\u0131 parlamenter demokratik sistem i\u00e7inde \u00e7\u00f6zmek i\u00e7in bir araya gelmesi T\u00fcrkiye&#8217;de bir ilk.&#8221;<\/p>\n<p>K\u0131l\u0131\u00e7daro\u011flu, se\u00e7imden sonra Millet \u0130ttifak\u0131&#8217;n\u0131n devam edip etmeyece\u011finin sorulmas\u0131 \u00fczerine, \u015fu yan\u0131t\u0131 verdi:<\/p>\n<p>&#8220;Millet \u0130ttifak\u0131 ilkesiz bir ittifak de\u011fil. \u00d6nce ilkelerin belirlendi\u011fi ve bunun kamuoyuyla payla\u015f\u0131ld\u0131\u011f\u0131, daha sonra da bu ilkelerden hareketle yola \u00e7\u0131k\u0131lan bir hareket. 4 parti bir araya geldi, oturduk, konu\u015ftuk, ilkelerimizi belirledik, &#8216;bu ilkeler \u00e7er\u00e7evesinde birlikteli\u011fimizi s\u00fcrd\u00fcrece\u011fiz&#8217; dedik ve bug\u00fcnk\u00fc noktaya kadar geldik. \u00d6b\u00fcr ittifak ise ilkesi yok, oturulup haz\u0131rlanan bir metin yok, kamuoyuyla payla\u015f\u0131lan, hangi konuda ve hangi gerek\u00e7elerle bir araya geldikleri de belli de\u011fil. Ama biz \u00f6yle de\u011filiz. E\u011fer ilkelerden yola \u00e7\u0131km\u0131\u015fsan\u0131z bu ilkeler ger\u00e7ekle\u015finceye kadar birlikteli\u011fimiz devam edecek. Demokratik parlamenter sistemi getirece\u011fiz. Parlamentoda demokratik parlamenter sistemi getirme konusunda e\u011fer di\u011fer partilerden de destek al\u0131rsak tabii \u00e7ok memnun olurum, belki AK Parti&#8217;den de milletvekilleri buna destek verecektir.&#8221;<\/p>\n<p>K\u0131l\u0131\u00e7daro\u011flu, Muharrem \u0130nce&#8217;nin cumhurba\u015fkanl\u0131\u011f\u0131 koltu\u011funa oturduktan sonra en ge\u00e7 48 saat i\u00e7inde OHAL&#8217;i kald\u0131raca\u011f\u0131n\u0131 a\u00e7\u0131klad\u0131\u011f\u0131n\u0131 hat\u0131rlatarak, \u015f\u00f6yle devam etti:<\/p>\n<p>&#8220;B\u00fct\u00fcn d\u00fcnyaya \u015fu mesaj\u0131 verece\u011fiz, &#8216;Biz y\u00f6n\u00fcm\u00fcz\u00fc demokrasiye \u00e7evirdik, OHAL&#8217;i kald\u0131r\u0131yoruz. Demokrasiyi g\u00fc\u00e7lendirece\u011fiz.&#8217; &#8216;Kald\u0131r\u0131yoruz&#8217; (Cumhurba\u015fkan\u0131 Erdo\u011fan) demiyor ama &#8216;Ne\u015fter vurmay\u0131 d\u00fc\u015f\u00fcn\u00fcyoruz&#8217;. Yani &#8216;A\u011f\u0131rla\u015ft\u0131rabiliriz&#8217; anlam\u0131na da gelebilir. &#8216;OHAL&#8217;in kime ne zarar\u0131 var?&#8217; diyor, o nedenle kald\u0131rmayaca\u011f\u0131n\u0131 s\u00f6ylemi\u015fti. OHAL&#8217;in herkese zarar\u0131 var. 81 milyona OHAL&#8217;in zarar\u0131 var. T\u00fcrk liras\u0131 niye bu kadar de\u011fer kaybetti. Hi\u00e7 kimsenin can ve mal g\u00fcvenli\u011fi yok. Ben bunu s\u00f6yledi\u011fim zaman k\u0131z\u0131yorlar, havuz medyas\u0131, &#8216;Vay efendim herkesin can ve mal g\u00fcvenli\u011fi var&#8217; Bir kanun h\u00fckm\u00fcnde kararnameyle herkesin mal varl\u0131\u011f\u0131na el konulabilir, patron tutuklanabilir, savc\u0131ya, hakime talimat verilebilir.&#8221;<\/p>\n<p>Bir siyasi parti ba\u015fkan\u0131 taraf\u0131ndan atanan hakimin siyasal kimli\u011fi ile \u00f6ne \u00e7\u0131kaca\u011f\u0131n\u0131 ifade eden K\u0131l\u0131\u00e7daro\u011flu, Dan\u0131\u015ftay \u00fcyesi Aysel Demirel&#8217;in \u0130nce&#8217;yle ilgili sosyal medya payla\u015f\u0131m\u0131 yapt\u0131\u011f\u0131n\u0131 hat\u0131rlatarak o hakimin istifas\u0131n\u0131 istedi.<\/p>\n<p>K\u0131l\u0131\u00e7daro\u011flu, \u015f\u00f6yle devam etti:<\/p>\n<!-- Error, Advert is not available at this time due to schedule\/geolocation restrictions! -->\n<p>&#8220;Partili bir cumhurba\u015fkan\u0131 tarafs\u0131z olamaz. \u00c7ift ki\u015filikli insanlar sa\u011fl\u0131kl\u0131 karar alamazlar o nedenle bunlar ayr\u0131lm\u0131\u015ft\u0131r. Cumhurba\u015fkan\u0131n\u0131n tarafs\u0131z olmas\u0131n\u0131n temelinde yatan ama\u00e7 \u015fudur, o mahkemeye hakim tayin edecek, onun i\u00e7in tarafs\u0131z olmak zorundad\u0131r. Bir partinin genel ba\u015fkan\u0131 hakim tayin etti\u011fi andan itibaren orada adalet sistemi \u00e7\u00f6ker. Cumhurba\u015fkan\u0131 tarafs\u0131z olmak zorundad\u0131r, b\u00fct\u00fcn siyasi partilere e\u015fit mesafede olmak zorundad\u0131r, hi\u00e7bir partinin de \u00fcyesi olmayacak, bunun da yasaklanmas\u0131 gerekiyor, eskiden oldu\u011fu gibi. Cumhurba\u015fkan\u0131 tarafs\u0131zd\u0131r. Say\u0131n Abdullah G\u00fcl, tarafs\u0131z bir cumhurba\u015fkan\u0131. \u015eerefin ve namusun bu co\u011frafyada ne kadar de\u011ferli oldu\u011funu hepimiz biliyoruz. Bir ki\u015fi &#8216;ben \u015ferefim, namusum \u00fczerine tarafs\u0131z davranaca\u011f\u0131m&#8217; diye yemin ettikten sonra gidip partiye kaydolursa, \u015feref de namusu da ayaklar alt\u0131na alm\u0131\u015f demektir.&#8221;<\/p>\n<p>K\u00fc\u00e7\u00fckkaya&#8217;n\u0131n sahurda imam hatiplilerle bir araya geldi\u011fini aktarmas\u0131 \u00fczerine K\u0131l\u0131\u00e7daro\u011flu, son derece g\u00fczel bir program oldu\u011funu belirterek, gen\u00e7lerin siyaseten kendilerine dayat\u0131lan bir anlay\u0131\u015f\u0131 reddetti\u011fini s\u00f6yledi.<\/p>\n<p>Bu gen\u00e7lerle daha \u00f6nce de TBMM&#8217;de bir araya geldiklerini belirten K\u0131l\u0131\u00e7daro\u011flu, sahur program\u0131nda kendisine imam hatiplerin kapat\u0131l\u0131p, kapat\u0131lmamas\u0131 y\u00f6n\u00fcnde sorular soruldu\u011funu dile getirerek, &#8220;\u0130mam hatipler hi\u00e7bir \u015fekilde kapat\u0131lmayacak. Niye kapatal\u0131m imam hatipleri? T\u00fcrkiye&#8217;de birlik ve b\u00fct\u00fcnl\u00fc\u011f\u00fc sa\u011flamak zorunday\u0131z. Gen\u00e7 imam hatiplilere bu konuda b\u00fcy\u00fck g\u00f6rev d\u00fc\u015f\u00fcyor. Onlar \u00f6n yarg\u0131s\u0131z yakla\u015f\u0131yorlar. Onlar hi\u00e7 kimsenin arka bah\u00e7esi olmak istemiyorlar. Daha \u00f6zg\u00fcr, daha rahat d\u00fc\u015f\u00fcnmek istiyorlar, tart\u0131\u015fmak, konu\u015fmak, d\u00fcnyay\u0131 ke\u015ffetmek istiyorlar&#8221; diye konu\u015ftu.<\/p>\n<p>Kemal K\u0131l\u0131\u00e7daro\u011flu, k\u0131z \u00e7ocuklar\u0131n\u0131n e\u011fitimine ili\u015fkin y\u00f6neltilen bir soru \u00fczerine de k\u0131z \u00e7ocuklar\u0131n\u0131n okumas\u0131n\u0131n \u00e7ok \u00f6nemli oldu\u011funu dile getirerek, kad\u0131n\u0131n e\u011fitildik\u00e7e toplumun da e\u011fitilmi\u015f olaca\u011f\u0131n\u0131 kaydetti.<\/p>\n<p>S\u0131nav\u0131 kazanan bir k\u0131z \u00e7ocu\u011funun, kalacak yer bulam\u0131yorsa okula devam etmekte zorland\u0131\u011f\u0131na i\u015faret eden K\u0131l\u0131\u00e7daro\u011flu, partisinin belediye ba\u015fkanlar\u0131na &#8220;Mutlaka bir \u00f6\u011frenci yurdu yap\u0131n&#8221; talimat\u0131 verdi\u011fini aktard\u0131.<br \/>\nK\u00fc\u00e7\u00fckkaya&#8217;n\u0131n, \u00c7orum&#8217;un G\u00fcney k\u00f6y\u00fcnde bir \u00f6\u011frenciye burs verdi\u011fini hat\u0131rlatmas\u0131 \u00fczerine K\u0131l\u0131\u00e7daro\u011flu, imam hatip lisesinde okuyan bir k\u0131z \u00f6\u011frenciye burs verdi\u011fini, bu \u00f6\u011frencinin son derece ba\u015far\u0131y\u0131 oldu\u011funu ve kendisinin de bununla gurur duydu\u011funu ifade etti.<\/p>\n<p>K\u0131l\u0131\u00e7daro\u011flu, pek \u00e7ok ki\u015fiye de burs verdi\u011fini aktararak, zaman zaman sosyal medyada kendisine hakaret i\u00e7erikli payla\u015f\u0131mlar yapanlara a\u00e7t\u0131\u011f\u0131 davalardan, bu ki\u015filerin \u00f6\u011frencilere burs vermeleri ko\u015fuluyla vazge\u00e7ti\u011fini s\u00f6yledi.<\/p>\n<p>Hakk\u0131nda a\u00e7\u0131lan tazminat davalar\u0131na ili\u015fkin y\u00f6neltilen sorular \u00fczerine K\u0131l\u0131\u00e7daro\u011flu, o davalar\u0131n b\u00fcy\u00fck bir k\u0131sm\u0131n\u0131 \u00fcst mahkemelerde kazand\u0131\u011f\u0131n\u0131 s\u00f6yledi.<\/p>\n<p>K\u0131l\u0131\u00e7daro\u011flu, K\u00fc\u00e7\u00fckkaya&#8217;n\u0131n, &#8220;Ama \u015fimdi \u00e7ok b\u00fcy\u00fck bir para \u00e7\u0131kt\u0131. 197 bin lira&#8221; ifadesi \u00fczerine, &#8220;Yarg\u0131tay\u0131n kararlar\u0131 vard\u0131r, tazminat davalar\u0131nda verilecek rakamlar\u0131n ki\u015fisel zenginli\u011fe yol a\u00e7mamas\u0131 gerekir der. Ama o kararlar\u0131n hi\u00e7birisine uyulmad\u0131. Deliller de toplanmad\u0131. \u00c7\u00fcnk\u00fc benim s\u00f6yledi\u011fim her \u015fey do\u011fru. \u00d6rne\u011fin dekontlar&#8221; diye konu\u015ftu.<br \/>\nK\u00fc\u00e7\u00fckkaya&#8217;n\u0131n &#8220;Man Adas\u0131&#8217;ndan m\u0131 bahsediyorsunuz?&#8221; sorusuna K\u0131l\u0131\u00e7daro\u011flu, &#8216;Evet&#8217; yan\u0131t\u0131n\u0131 vererek, \u015funlar\u0131 s\u00f6yledi:<\/p>\n<p>&#8220;Dekontlar\u0131, Halk Bankas\u0131 &#8216;Bu dekontlar yanl\u0131\u015ft\u0131r, bu dekontlar bizim bankam\u0131za ait de\u011fildir&#8217; diyemiyor zaten. Orijinallerini verdik zaten savc\u0131l\u0131\u011fa. MASAK&#8217;\u0131n raporu var. O da bak\u0131yor, para hareketlerinin hepsi do\u011fru. Sonra Erdo\u011fan da do\u011frulad\u0131 bunu. &#8216;Evet, 18 milyon dolarl\u0131k bir \u015firketi satt\u0131k.&#8217; dedi. Kime satt\u0131n? Sermayesi 1 sterlin olan bir \u015firkete. Yani naylon bir \u015firkete. O zaman \u015fu soruyu sordum &#8216;Peki bu hangi \u015firket?&#8217; Onun cevab\u0131n\u0131 bu zamana kadar alm\u0131\u015f de\u011filim. \u015eimdi bu hakim, deliller toplanmadan ki FET\u00d6&#8217;den \u00f6nce at\u0131lm\u0131\u015f, sonra tekrar g\u00f6reve iade edilmi\u015f, hemen oturuyor, 197 bin lira tazminata mahkum ediyor. Bu davay\u0131 kazan\u0131r\u0131m hi\u00e7 \u00f6nemli de\u011fil benim a\u00e7\u0131mdan. Bu davay\u0131 kazanmamak m\u00fcmk\u00fcn de\u011fil zaten, delillerin hepsi \u00e7ok a\u00e7\u0131k, net. Hi\u00e7 kimse bu deliller &#8216;Do\u011fru de\u011fildir, sahtedir&#8217; diyemiyor.&#8221;<\/p>\n<p>K\u00fc\u00e7\u00fckkaya&#8217;n\u0131n, kendisine ve ba\u015fka gazetecilere de baz\u0131 davalar a\u00e7\u0131ld\u0131\u011f\u0131n\u0131 s\u00f6ylemesi \u00fczerine K\u0131l\u0131\u00e7daro\u011flu, \u015f\u00f6yle devam etti:<\/p>\n<p>&#8220;Korkutmak istiyorlar, sindirmek istiyorlar. Kimse konu\u015fmas\u0131n, kimse bir \u015fey yapmas\u0131n diye. Ama ne yaparlarsa yaps\u0131nlar biz asla ve asla inand\u0131\u011f\u0131m\u0131z yoldan geri d\u00f6nmeyece\u011fiz. \u0130nand\u0131\u011f\u0131m\u0131z yoldan geri d\u00f6nersek bu \u00fclkenin insan\u0131na katk\u0131 veremeyiz, cesaretlendiremeyiz. Biz davam\u0131zda hakl\u0131ysak, s\u00f6ylediklerimizde hakl\u0131ysak, s\u00f6ylediklerimizin tamam\u0131 belgeliyse sonuna kadar gidece\u011fiz. Kayseri&#8217;de de bir s\u00fcr\u00fc tazminat davalar\u0131 a\u00e7t\u0131lar, hepsini kazand\u0131k. Bir dava var onu da Anayasa Mahkemesi&#8217;ne, Avrupa \u0130nsan Haklar\u0131 Mahkemesi&#8217;ne kadar g\u00f6t\u00fcrece\u011fim. Bir yerde bir usuls\u00fczl\u00fck, yolsuzluk varsa bunun \u00fczerine gitmek benim g\u00f6revim zaten.&#8221;<\/p>\n<!-- Error, Advert is not available at this time due to schedule\/geolocation restrictions! -->\n","protected":false},"excerpt":{"rendered":"<p>CHP Genel Ba\u015fkan\u0131 Kemal K\u0131l\u0131\u00e7daro\u011flu, se\u00e7imlerin \u015fu anki verilere g\u00f6re ikinci tura kalaca\u011f\u0131n\u0131 belirterek, &#8220;Ger\u00e7ekten bir dip dalga geliyor. Muharrem \u0130nce 1. turda da cumhurba\u015fkanl\u0131\u011f\u0131 koltu\u011funa oturabilir&#8221; dedi. K\u0131l\u0131\u00e7daro\u011flu, Millet \u0130ttifak\u0131&#8217;n\u0131n da parlamentoda \u00e7o\u011funlu\u011fu alaca\u011f\u0131n\u0131 s\u00f6yledi. Fox TV&#8217;de &#8216;\u0130smail K\u00fc\u00e7\u00fckkaya ile \u00c7alar Saat&#8217; program\u0131nda g\u00fcndeme ili\u015fkin sorular\u0131 yan\u0131tlayan K\u0131l\u0131\u00e7daro\u011flu, toplumun her kesimiyle, esnaf, \u00e7ift\u00e7i, muhtar, &hellip;<\/p>\n","protected":false},"author":4,"featured_media":265354,"comment_status":"open","ping_status":"open","sticky":false,"template":"","format":"standard","meta":{"_acf_changed":false,"footnotes":""},"categories":[6155,5005,6202,349],"tags":[217224,5900,5115,49097],"class_list":["post-266234","post","type-post","status-publish","format-standard","has-post-thumbnail","hentry","category-gundem","category-manset","category-politika","category-son-dakika","tag-24-haziran-secimleri","tag-fox-tv","tag-kemal-kilicdaroglu","tag-muharrem-ince"],"acf":[],"_links":{"self":[{"href":"https:\/\/www.nationalturk.com\/tr\/wp-json\/wp\/v2\/posts\/266234","targetHints":{"allow":["GET"]}}],"collection":[{"href":"https:\/\/www.nationalturk.com\/tr\/wp-json\/wp\/v2\/posts"}],"about":[{"href":"https:\/\/www.nationalturk.com\/tr\/wp-json\/wp\/v2\/types\/post"}],"author":[{"embeddable":true,"href":"https:\/\/www.nationalturk.com\/tr\/wp-json\/wp\/v2\/users\/4"}],"replies":[{"embeddable":true,"href":"https:\/\/www.nationalturk.com\/tr\/wp-json\/wp\/v2\/comments?post=266234"}],"version-history":[{"count":0,"href":"https:\/\/www.nationalturk.com\/tr\/wp-json\/wp\/v2\/posts\/266234\/revisions"}],"wp:featuredmedia":[{"embeddable":true,"href":"https:\/\/www.nationalturk.com\/tr\/wp-json\/wp\/v2\/media\/265354"}],"wp:attachment":[{"href":"https:\/\/www.nationalturk.com\/tr\/wp-json\/wp\/v2\/media?parent=266234"}],"wp:term":[{"taxonomy":"category","embeddable":true,"href":"https:\/\/www.nationalturk.com\/tr\/wp-json\/wp\/v2\/categories?post=266234"},{"taxonomy":"post_tag","embeddable":true,"href":"https:\/\/www.nationalturk.com\/tr\/wp-json\/wp\/v2\/tags?post=266234"}],"curies":[{"name":"wp","href":"https:\/\/api.w.org\/{rel}","templated":true}]}}