{"id":266277,"date":"2018-06-15T10:09:49","date_gmt":"2018-06-15T07:09:49","guid":{"rendered":"http:\/\/www.nationalturk.com\/?p=266277"},"modified":"2018-06-15T10:09:49","modified_gmt":"2018-06-15T07:09:49","slug":"cumhurbaskani-erdogandan-bedelli-askerlik-aciklamasi","status":"publish","type":"post","link":"https:\/\/www.nationalturk.com\/tr\/cumhurbaskani-erdogandan-bedelli-askerlik-aciklamasi\/","title":{"rendered":"Cumhurba\u015fkan\u0131 Erdo\u011fan&#8217;dan bedelli askerlik a\u00e7\u0131klamas\u0131"},"content":{"rendered":"<h2>Cumhurba\u015fkan\u0131 Erdo\u011fan, bedelli askerlikle ilgili g\u00fcndemimizde b\u00f6yle bir uygulama var dedi.<\/h2>\n<p>Cumhurba\u015fkan\u0131 Recep Tayyip Erdo\u011fan, bayram namaz\u0131n\u0131 Marmara \u0130lahiyat Camisi&#8217;nde k\u0131ld\u0131ktan sonra bas\u0131n mensuplar\u0131n\u0131n sorular\u0131n\u0131 yan\u0131tlad\u0131.<\/p>\n<p>Cumhurba\u015fkan\u0131 Erdo\u011fan, &#8220;Kal\u0131c\u0131 bir <strong>bedelli askerlik<\/strong> gelmesinin \u015fans\u0131 var m\u0131? B\u00f6yle bir konu g\u00fcndeminizde var m\u0131? sorusu \u00fczerine, kal\u0131c\u0131 bedelli askerli\u011fin \u00e7ok ayr\u0131 bir konu oldu\u011funu ifade etti.<\/p>\n<p><strong>Tayyip Erdo\u011fan<\/strong>, s\u00f6zlerine \u015f\u00f6yle devam etti:<\/p>\n<p>&#8220;Kal\u0131c\u0131 bir bedelli askerlikten \u00f6te, bir defa bedelli askerli\u011fin s\u0131n\u0131r\u0131 ne olacak, \u015fartlar\u0131 ne olacak? Bu konuda tabii bunu belirleyecek olan bir yerde de herhalde biz siviller olmaktan \u00f6te askeri erkan. Yani Genelkurmay. Onlarla oturaca\u011f\u0131z, konu\u015faca\u011f\u0131z. Genelkurmay Ba\u015fkanl\u0131\u011f\u0131m\u0131z &#8216;Bize \u015fu kadar asker gerekiyor&#8217; dedi\u011fi zaman biz kalk\u0131p da Genelkurmay&#8217;\u0131n bu talebini bir kenara koyamay\u0131z.<\/p>\n<p>T\u00fcrkiye&#8217;de \u015fu anda zaten bizim Silahl\u0131 Kuvvetlerimiz ciddi oranda profesyonel orduya ge\u00e7mi\u015f durumda, hala da devam ediyor. Ama \u015fimdi bu bedelli askerlikle ilgili de bir ihtiyac\u0131n oldu\u011fu ortada. Temennimiz o ki in\u015fallah se\u00e7imlerden sonra bunu T\u00fcrk Silahl\u0131 Kuvvetleri ile oturaca\u011f\u0131z, konu\u015faca\u011f\u0131z. \u0130htiya\u00e7 nedir? Ya\u015f s\u0131n\u0131rlar\u0131 ne olacak? Bunlar\u0131 belirledikten sonra da bunun ad\u0131m\u0131n\u0131 ataca\u011f\u0131z. Yani g\u00fcndemimizde var.&#8221;<\/p>\n<!-- Error, Advert is not available at this time due to schedule\/geolocation restrictions! -->\n","protected":false},"excerpt":{"rendered":"<p>Cumhurba\u015fkan\u0131 Erdo\u011fan, bedelli askerlikle ilgili g\u00fcndemimizde b\u00f6yle bir uygulama var dedi.<\/p>\n","protected":false},"author":3,"featured_media":266278,"comment_status":"open","ping_status":"open","sticky":false,"template":"","format":"standard","meta":{"_acf_changed":false,"footnotes":""},"categories":[6155,763,5005,349,6805],"tags":[11974],"class_list":["post-266277","post","type-post","status-publish","format-standard","has-post-thumbnail","hentry","category-gundem","category-gunun-olayi","category-manset","category-son-dakika","category-turkiye","tag-bedelli-askerlik"],"acf":[],"_links":{"self":[{"href":"https:\/\/www.nationalturk.com\/tr\/wp-json\/wp\/v2\/posts\/266277","targetHints":{"allow":["GET"]}}],"collection":[{"href":"https:\/\/www.nationalturk.com\/tr\/wp-json\/wp\/v2\/posts"}],"about":[{"href":"https:\/\/www.nationalturk.com\/tr\/wp-json\/wp\/v2\/types\/post"}],"author":[{"embeddable":true,"href":"https:\/\/www.nationalturk.com\/tr\/wp-json\/wp\/v2\/users\/3"}],"replies":[{"embeddable":true,"href":"https:\/\/www.nationalturk.com\/tr\/wp-json\/wp\/v2\/comments?post=266277"}],"version-history":[{"count":0,"href":"https:\/\/www.nationalturk.com\/tr\/wp-json\/wp\/v2\/posts\/266277\/revisions"}],"wp:featuredmedia":[{"embeddable":true,"href":"https:\/\/www.nationalturk.com\/tr\/wp-json\/wp\/v2\/media\/266278"}],"wp:attachment":[{"href":"https:\/\/www.nationalturk.com\/tr\/wp-json\/wp\/v2\/media?parent=266277"}],"wp:term":[{"taxonomy":"category","embeddable":true,"href":"https:\/\/www.nationalturk.com\/tr\/wp-json\/wp\/v2\/categories?post=266277"},{"taxonomy":"post_tag","embeddable":true,"href":"https:\/\/www.nationalturk.com\/tr\/wp-json\/wp\/v2\/tags?post=266277"}],"curies":[{"name":"wp","href":"https:\/\/api.w.org\/{rel}","templated":true}]}}