{"id":26641,"date":"2010-06-03T16:30:10","date_gmt":"2010-06-03T14:30:10","guid":{"rendered":"http:\/\/www.nationalturk.com\/?p=26641"},"modified":"2010-06-03T16:34:40","modified_gmt":"2010-06-03T14:34:40","slug":"fenerbahce-maneul-pellegrini-real-madrid-jose-mourinho-3789012","status":"publish","type":"post","link":"https:\/\/www.nationalturk.com\/tr\/fenerbahce-maneul-pellegrini-real-madrid-jose-mourinho-3789012\/","title":{"rendered":"\u0130spanyollar&#8217;dan &#8216;Manuel Pellegrini Fenerbah\u00e7e&#8217;de iddias\u0131!.."},"content":{"rendered":"<p><strong><a href=\"http:\/\/www.nationalturk.com\/tr\/wp-content\/uploads\/2010\/06\/manuelpellegrini1.nationalturk.jpg\"><img loading=\"lazy\" decoding=\"async\" class=\"alignleft size-medium wp-image-26646\" title=\"Manuel Pellegrini1.nationalturk\" src=\"http:\/\/www.nationalturk.com\/tr\/wp-content\/uploads\/2010\/06\/manuelpellegrini1.nationalturk-e1275574690272-280x204.jpg\" alt=\"\" width=\"280\" height=\"204\" srcset=\"https:\/\/www.nationalturk.com\/tr\/wp-content\/uploads\/2010\/06\/manuelpellegrini1.nationalturk-e1275574690272-280x204.jpg 280w, https:\/\/www.nationalturk.com\/tr\/wp-content\/uploads\/2010\/06\/manuelpellegrini1.nationalturk-e1275574690272-548x400.jpg 548w, https:\/\/www.nationalturk.com\/tr\/wp-content\/uploads\/2010\/06\/manuelpellegrini1.nationalturk-e1275574690272.jpg 776w\" sizes=\"auto, (max-width: 280px) 100vw, 280px\" \/><\/a>Fenerbah\u00e7e\u2019nin, Real Madrid\u2019te g\u00f6revden al\u0131nan \u015eilili teknik direkt\u00f6r Manuel Pellegrini\u2019ye teklif g\u00f6t\u00fcrd\u00fc\u011f\u00fc iddia edildi.<\/strong><\/p>\n<p>\u0130spanyol spor gazetesi AS, Pellegrini\u2019ye \u015fimdiden \u0130ngiltere, Almanya ve T\u00fcrkiye\u2019deki kul\u00fcplerden teklifler geldi\u011fini \u00f6ne s\u00fcrd\u00fc.<\/p>\n<p>\u0130ddialarda, Pellegrini ile ilgilenen T\u00fcrk kul\u00fcb\u00fcn\u00fcn Fenerbah\u00e7e oldu\u011fu belirtilirken, \u015eilili teknik adam\u0131n, karar vermeden \u00f6nce her teklifi ekonomik ve sportif boyutlar\u0131yla d\u00fc\u015f\u00fcnd\u00fc\u011f\u00fc kaydedildi.<\/p>\n<p>Pellegrini\u2019nin, Real Madrid\u2019deki 1 y\u0131ll\u0131k s\u00f6zle\u015fmesi feshedilmi\u015f ve yerine Jose Mourinho getirilmi\u015fti.<\/p>\n<span style=\"font-weight: bold; color: #f00;\">Error, group does not exist! Check your syntax! (ID: 103)<\/span>\n<span style=\"font-weight: bold; color: #f00;\">Error, group does not exist! Check your syntax! (ID: 113)<\/span>\n","protected":false},"excerpt":{"rendered":"<p>Fenerbah\u00e7e\u2019nin, Real Madrid\u2019te g\u00f6revden al\u0131nan \u015eilili teknik direkt\u00f6r Maneul Pellegrini\u2019ye teklif g\u00f6t\u00fcrd\u00fc\u011f\u00fc iddia edildi.<\/p>\n","protected":false},"author":28,"featured_media":191546,"comment_status":"open","ping_status":"open","sticky":false,"template":"","format":"standard","meta":{"_acf_changed":false,"footnotes":""},"categories":[6774,6194],"tags":[28874,28873],"class_list":["post-26641","post","type-post","status-publish","format-standard","has-post-thumbnail","hentry","category-futbol","category-spor","tag-as-gazetesi","tag-ispanyol-spor-gazetesi-as"],"acf":[],"_links":{"self":[{"href":"https:\/\/www.nationalturk.com\/tr\/wp-json\/wp\/v2\/posts\/26641","targetHints":{"allow":["GET"]}}],"collection":[{"href":"https:\/\/www.nationalturk.com\/tr\/wp-json\/wp\/v2\/posts"}],"about":[{"href":"https:\/\/www.nationalturk.com\/tr\/wp-json\/wp\/v2\/types\/post"}],"author":[{"embeddable":true,"href":"https:\/\/www.nationalturk.com\/tr\/wp-json\/wp\/v2\/users\/28"}],"replies":[{"embeddable":true,"href":"https:\/\/www.nationalturk.com\/tr\/wp-json\/wp\/v2\/comments?post=26641"}],"version-history":[{"count":0,"href":"https:\/\/www.nationalturk.com\/tr\/wp-json\/wp\/v2\/posts\/26641\/revisions"}],"wp:featuredmedia":[{"embeddable":true,"href":"https:\/\/www.nationalturk.com\/tr\/wp-json\/wp\/v2\/media\/191546"}],"wp:attachment":[{"href":"https:\/\/www.nationalturk.com\/tr\/wp-json\/wp\/v2\/media?parent=26641"}],"wp:term":[{"taxonomy":"category","embeddable":true,"href":"https:\/\/www.nationalturk.com\/tr\/wp-json\/wp\/v2\/categories?post=26641"},{"taxonomy":"post_tag","embeddable":true,"href":"https:\/\/www.nationalturk.com\/tr\/wp-json\/wp\/v2\/tags?post=26641"}],"curies":[{"name":"wp","href":"https:\/\/api.w.org\/{rel}","templated":true}]}}