{"id":266535,"date":"2018-06-23T15:37:36","date_gmt":"2018-06-23T12:37:36","guid":{"rendered":"http:\/\/www.nationalturk.com\/?p=266535"},"modified":"2018-06-23T15:37:36","modified_gmt":"2018-06-23T12:37:36","slug":"istanbulda-milyonlara-seslenen-muharrem-ince-erdogan-birakacaksan-delikanli-gibi-birak","status":"publish","type":"post","link":"https:\/\/www.nationalturk.com\/tr\/istanbulda-milyonlara-seslenen-muharrem-ince-erdogan-birakacaksan-delikanli-gibi-birak\/","title":{"rendered":"\u0130stanbul&#8217;da milyonlara seslenen Muharrem \u0130nce: Erdo\u011fan b\u0131rakacaksan delikanl\u0131 gibi b\u0131rak!"},"content":{"rendered":"<h2>Cumhurba\u015fkan\u0131 aday\u0131 Muharrem \u0130nce, se\u00e7im maratonunu Maltepe&#8217;de d\u00fczenlenen B\u00fcy\u00fck istanbul Mitingi ile sonland\u0131rd\u0131. Muharrem \u0130nce&#8217;yi miting alan\u0131 ve \u00e7evresinde yakla\u015f\u0131k be\u015f milyon ki\u015fi dinledi. Miting alan\u0131nda canl\u0131 yay\u0131n ara\u00e7lar\u0131n\u0131n &#8216;sinyal sorunu&#8217; \u00e7ekmesine sinirlenen \u0130nce, aksakl\u0131ktan h\u00fck\u00fcmeti sorumlu tutarak &#8220;Erdo\u011fan b\u0131rakacaksan delikanl\u0131 gibi b\u0131rak&#8221; dedi.<\/h2>\n<p>Cumhurba\u015fkan\u0131 aday\u0131 Muharrem \u0130nce, Maltepe&#8217;de d\u00fczenledi\u011fi B\u00fcy\u00fck \u0130stanbul Mitingi ile se\u00e7im maratonunu bitirdi.<\/p>\n<p>Sabah saatlerinde tamamen dolan Maltepe&#8217;deki alana, ara\u00e7 ve yaya trafi\u011fi y\u00fcz\u00fcnden y\u00fcz binlerce insan da kat\u0131lamad\u0131. Demokrasi \u015f\u00f6leni havas\u0131nda ge\u00e7en ve yakla\u015f\u0131k 5 milyon ki\u015finin kat\u0131ld\u0131\u011f\u0131 mitingte konu\u015fan Muharrem \u0130nce, AKP lideri Erdo\u011fan&#8217;a &#8220;Bu i\u015f tamam&#8230;&#8221; diye seslendi.<\/p>\n<p>Cumhurba\u015fkan\u0131 aday\u0131 Muharrem \u0130nce \u201cCumhuriyet tarihinin en b\u00fcy\u00fck mitingi olacak\u201d diye tan\u0131mlad\u0131\u011f\u0131, \u2018B\u00fcy\u00fck \u0130stanbul Mitingi\u2019nde alan\u0131 h\u0131nca h\u0131n\u00e7 dolduran milyonlara seslendi.<\/p>\n<p><strong>\u0130\u015fte Muharrem \u0130nce&#8217;nin Maltepe&#8217;de d\u00fczenlenen tarihi B\u00fcy\u00fck \u0130stanbul Mitingi&#8217;nden sat\u0131rba\u015flar\u0131&#8230;<\/strong><\/p>\n<p>Yar\u0131n devletin paras\u0131n\u0131 savurganl\u0131\u011fa son verece\u011fiz. 50 g\u00fcnde 107 miting ve \u015fafak 1. Herkesi kucaklayan bir cumhurba\u015fkan\u0131. Sa\u011fc\u0131 solcu yok 81 milyonun Cumhurba\u015fkan\u0131.<\/p>\n<p>Ne diyor Yahya Kemal, \u2018Sana bir tepeden bak\u0131yorum \u0130stanbul Sana bir tepeden bak\u0131yorum gelincik tarlas\u0131 gibisin. \u0130zmir\u2019de, Ankara\u2019da harikayd\u0131n. \u0130stanbul muhte\u015femsin. \u0130stanbul\u2019da 5 milyonsun.<\/p>\n<p>\u00dcreten bir T\u00fcrkiye yarataca\u011f\u0131z. Fabrikalar\u0131n\u0131n bacalar\u0131 t\u00fcten, bar\u0131\u015fm\u0131\u015f bir T\u00fcrkiye yarataca\u011f\u0131z.<\/p>\n<h3>&#8220;Erdo\u011fan\u2019\u0131n valisi de\u011filsiniz&#8221;<\/h3>\n<p>Yar\u0131n i\u00e7in b\u00fct\u00fcn valilere sesleniyorum siz herkesin valisisiniz Erdo\u011fan\u2019\u0131n valisi de\u011filsiniz. Ve TRT sen benim mitingimi versen ne olur vermesen ne olur.<\/p>\n<p>G\u00f6zler yalan s\u00f6ylemiyorsa, s\u00f6zler yalan s\u00f6ylemiyorsa, alanlar yalan s\u00f6ylemiyorsa, mitingler yalan s\u00f6ylemiyorsa bu i\u015f tamam.<\/p>\n<p><img loading=\"lazy\" decoding=\"async\" src=\"http:\/\/www.nationalturk.com\/tr\/wp-content\/uploads\/2018\/06\/muharrem-ince-nin-buyuk-istanbul-mitingi-ne-milyonlar-katildi-478502-5.jpg\" alt=\"Muharrem \u0130nce&#039;nin \u0130stanbul Mitingi&#039;ne milyonlar kat\u0131ld\u0131\" width=\"700\" height=\"420\" class=\"alignnone size-full wp-image-266537\" title=\"\"><\/p>\n<p>K\u0131raathane a\u00e7aca\u011f\u0131m diyen bir cumhurba\u015fkan\u0131 de\u011fil fabrika a\u00e7aca\u011f\u0131m diyen bir cumhurba\u015fkan\u0131. 16 y\u0131l\u0131n sonunda tek vaadi kek olan bir cumhurba\u015fkan\u0131 de\u011fil istihdam diyen bir cumhurba\u015fkan\u0131.<\/p>\n<p>Size formalar\u0131n\u0131zla gelin dedim \u00f6yle yapm\u0131\u015fs\u0131n\u0131z ne g\u00fczel yapm\u0131\u015fs\u0131n\u0131z.<\/p>\n<h3>&#8220;48 saat i\u00e7inde OHAL\u2019i kald\u0131raca\u011f\u0131m&#8221;<\/h3>\n<p>Allah&#8217;\u0131n izni ve milletin iste\u011fi ile cumhurba\u015fkan\u0131 oldu\u011fumda 48 saat i\u00e7inde OHAL\u2019i kald\u0131raca\u011f\u0131m.<\/p>\n<p>Merkez Ba\u015fkan\u0131 Y\u00f6netimi \u00d6zerk olacak. Ter\u00f6rle amans\u0131z bir m\u00fccadeleye girece\u011fiz<\/p>\n<p>S\u00fcriye\u2019ye 100 g\u00fcn i\u00e7inde b\u00fcy\u00fckel\u00e7i atayaca\u011f\u0131m. Suriye\u2019de bar\u0131\u015f sa\u011flan\u0131nca 4 milyon Suriyeli davul zurna ile evine gidecek<\/p>\n<p>Ba\u011f\u0131ms\u0131z bir yarg\u0131 i\u00e7in ne gerekiyorsa onu yapaca\u011f\u0131m. Yarg\u0131 d\u00fczelmeden ekonomi d\u00fczelmez. Her eve dert yerine et girmesi i\u00e7in yarg\u0131n\u0131n ba\u011f\u0131ms\u0131z olmas\u0131 \u015fart.<\/p>\n<p>Telefonlar\u0131n\u0131z dinlenmeyecek. Askeri okullar\u0131 kapatt\u0131lar. Yarg\u0131n\u0131n yar\u0131s\u0131 FET\u00d6\u2019c\u00fc nedne hukuk fak\u00fcltelerini kapatmad\u0131m. Askeri okullar\u0131 derhal a\u00e7aca\u011f\u0131m.<\/p>\n<p>Kamuda y\u00fckselme. M\u00fcd\u00fcr, y\u00f6netici olmak objektif hale gelecek. Kimsenin etnik k\u00f6kenine bak\u0131lmayacak. Cinsiyetine, dinine, mezhebine bak\u0131lmayacak.<\/p>\n<h4>&#8220;Benim ba\u015f\u00f6rt\u00fcs\u00fc diye bir sorunum yok&#8221;<\/h4>\n<p>Benim ba\u015f\u00f6rt\u00fcs\u00fc diye bir sorunum yok. \u0130ster Kamuda tak ister evde tak ister sokakta tak.<\/p>\n<p>Asgari \u00fccret 2200 TL olacak, en d\u00fc\u015f\u00fck emekli maa\u015f\u0131 ise 1500 TL olacak.<\/p>\n<p>Karadenizli karde\u015fim f\u0131nd\u0131k 15 lira olacak. 100 g\u00fcn i\u00e7inde cemevlerinin hukuki stat\u00fclerini d\u00fczenleyece\u011fiz.<\/p>\n<p>Aile sigortas\u0131n\u0131 100 g\u00fcn i\u00e7inde devreye sokaca\u011f\u0131z.<\/p>\n<h4>&#8220;Erdo\u011fan, sen bitmi\u015fsin demektir&#8221;<\/h4>\n<p>Miting alan\u0131nda canl\u0131 yay\u0131n ara\u00e7lar\u0131n\u0131n \u2018sinyal sorunu\u2019 \u00e7ekmesine sinirlenen Muharrem \u0130nce, &#8220;Erdo\u011fan yapma b\u00f6yle. Erdo\u011fan gidiyorsun iki dakika delikanl\u0131 ol. Gitmenin de bir \u015ferefi var. <\/p>\n<p>Erdo\u011fan b\u0131rakacaksan delikanl\u0131 gibi b\u0131rak. \u0130stanbul&#8217;da 5 milyonu g\u00f6rmezden gelip, canl\u0131 yay\u0131n\u0131 kestiriyorsan Erdo\u011fan, sen bitmi\u015fsin demektir&#8221;<\/p>\n<p>Erdo\u011fan kazan\u0131rsa dolar, faiz y\u00fckselecek, beton ekonomisi devam edecek Erdo\u011fan kazan\u0131rsa Suriyeliler gelmeye devam edecek. Erdo\u011fan kazan\u0131rsa korku d\u00fczeni devam edecek<\/p>\n<p>Yar\u0131n ak\u015fam \u0130nce kazan\u0131rsa g\u00fcven gelecek. Dolar d\u00fc\u015fecek faiz d\u00fc\u015fecek. \u0130nce kazan\u0131rsa yarg\u0131 d\u00fczelecek. \u0130nce kazan\u0131rsa tencerelere et girecek. \u0130nce kazan\u0131rsa uyu\u015fturucunun 100 g\u00fcn i\u00e7inde k\u00f6k\u00fcn\u00fc kaz\u0131yacak.<\/p>\n<h5>&#8220;\u0130nce kazan\u0131rsa AK Partili karde\u015fim kazanacak&#8221;<\/h5>\n<p>\u0130nce kazan\u0131rsa AK Partili karde\u015fim kazanacak, MHP karde\u015fim kazanacak T\u00fcrkiye\u2019ye kazanacak.<\/p>\n<p>\u015eu anda 5 milyon insan Maltepe\u2019de ama hi\u00e7 bir televizyon canl\u0131 vermiyor. Ahlaks\u0131zl\u0131\u011f\u0131n b\u00f6ylesi d\u00fcnyada yok. Bug\u00fcn bu canl\u0131 yay\u0131n\u0131 yasaklayanlar\u0131 canl\u0131 yay\u0131nda yarg\u0131layaca\u011f\u0131z.<\/p>\n<p>Yar\u0131n oy pusulas\u0131 bedava m\u00fcrekkep bedava m\u00fch\u00fcr bedava alacaks\u0131n muhr\u00fc Muharrem \u0130nce\u2019nin \u00fczerine basacaks\u0131n kurtulacaks\u0131n.<\/p>\n<p>24 y\u0131ld\u0131r \u0130stanbul\u2019u, 16 y\u0131ld\u0131r T\u00fcrkiye\u2019yi getirdi\u011fi hale bak.<\/p>\n<h5>&#8220;Marmaray Ecevit&#8217;in ba\u015fkanl\u0131\u011f\u0131ndaki MHP&#8217;li bakan\u0131n projesi&#8221;<\/h5>\n<p>Marmaray benim projem diyor. O proje Ecevit ba\u015fbakanl\u0131\u011f\u0131ndaki MHP\u2019li bakan\u0131n projesiydi. 3. K\u00f6pr\u00fc ise Demirel\u2019in projesiydi.<\/p>\n<p>Mimar Sinan G\u00fczel Sanatlar Fak\u00fcltesini bo\u015falt\u0131p saray\u0131na katacakm\u0131\u015f. Saraylara doymuyor. \u0130nsan do\u011faya, sanata sayg\u0131s\u0131 yok. \u0130nsana Sayg\u0131s\u0131 yok bunun<\/p>\n<h5>&#8220;Cumhurba\u015fkan\u0131 de\u011fil imar m\u00fcd\u00fcr\u00fc&#8221;<\/h5>\n<p>Millet bah\u00e7esi yapacakm\u0131\u015f. Ali Sami Yen\u2019i y\u0131kt\u0131n yerine ne yapt\u0131n? T\u00fcrkiye\u2019nin en b\u00fcy\u00fck millet bah\u00e7esi Atat\u00fcrk Orman \u00c7iftli\u011fi&#8217;ni ne hale getirdin. Cumhurba\u015fkan\u0131 de\u011fil imar m\u00fcd\u00fcr\u00fc.<\/p>\n<p>Yeni y\u00f6netim \u015femas\u0131n\u0131 a\u00e7\u0131kl\u0131yor. Paralel devlet yarat\u0131yor kendine. Devletin y\u00f6netim \u015feklini de\u011fi\u015ftirecekmi\u015f bu yang\u0131n varken itfaiyeyi de\u011fi\u015ftirmeye benzer. Yang\u0131n var Erdo\u011fan yang\u0131n.<\/p>\n<p>Yan\u0131ndakileri de\u011fi\u015ftirdi, bakanlar\u0131 ba\u015fbakan\u0131 de\u011fi\u015ftirdi bakt\u0131 olmuyor devlet y\u00f6netimini de\u011fi\u015ftirecek. Erdo\u011fan bu ancak sen de\u011fi\u015fince de\u011fi\u015fecek.<\/p>\n<p>Buna Demirel\u2019in k\u00f6pr\u00fcs\u00fc 11 lira iken neden senin k\u00f6pr\u00fcn neden 228 lira dedim. \u2018Paras\u0131 olmayan ge\u00e7mesin\u2019 dedi.<\/p>\n<p>\u015eehir hastanelerinde de mi paras\u0131 olan tedavi g\u00f6recek. Bir ka\u00e7 g\u00fcn daha olsa \u2018paras\u0131 olan ya\u015fas\u0131n\u2019 diyecek.<\/p>\n<p>Benim cumhurba\u015fkanl\u0131\u011f\u0131mla Erdo\u011fan\u2019\u0131n cumhurba\u015fkanl\u0131\u011f\u0131 aras\u0131nda kalite fark\u0131 olacak. \u00d6nce bar\u0131\u015faca\u011f\u0131z, sonra b\u00fcy\u00fcyece\u011fiz, son olarak da b\u00f6l\u00fc\u015fece\u011fiz. Bunu gen\u00e7lerle gen\u00e7 nesille birlikte yapaca\u011f\u0131z.<\/p>\n<p>\u00d6n\u00fcm\u00fczdeki 5 y\u0131l i\u00e7inde 16 yeni meslek \u00e7\u0131kacak. \u015euan ilk okulda okuyanlar\u0131n y\u00fczde 65\u2019i bilinmeyen mesleklerde \u00e7al\u0131\u015facak.<\/p>\n<h6>&#8220;Faiz art\u0131yorsa fakirle\u015fiyorsun demektir&#8221;<\/h6>\n<p>T\u00fcrkiye\u2019de her g\u00fcn fakirle\u015fiyor faiz art\u0131yorsa fakirle\u015fiyorsun demektir. Faiz art\u0131yorsa her g\u00fcn cebinden para \u00e7\u0131k\u0131yor demektir. \u0130\u015fte ge\u00e7lerle birlikte faizleri d\u00fc\u015f\u00fcrece\u011fiz. Erdo\u011fan\u2019\u0131n yapt\u0131\u011f\u0131 gibi emirle de\u011fil ak\u0131lla yapaca\u011f\u0131z.<\/p>\n<p>\u0130stanbul\u2019da 5 milyon, Ankara\u2019da 2 milyon \u0130zmir\u2019de 3 milyon ki\u015fiye konu\u015ftum birini bile vermedi. Ne yapal\u0131m bu TRT\u2019yi satal\u0131m m\u0131?.<\/p>\n<p>(Bir vatanda\u015f\u0131n elindeki patates so\u011fan\u0131 ad\u0131) Faiz y\u00fckselince faiz lobisi, dolar art\u0131nca dolar lobisi buna ne diyece\u011fiz so\u011fan lobisi mi? Geldi\u011fimiz hale bak. Ustaya bak ustaya so\u011fan dolar\u0131 ge\u00e7mi\u015f. \u00c7akma usta.<\/p>\n<h6>&#8220;Size 36 saat seferberlik ilan ediyorum&#8221;<\/h6>\n<p>Buraya gelen herkesten bir \u015fey isteyece\u011fim. Yar\u0131n hepiniz saat 5\u2019te sand\u0131kta olun hatta bir engeliniz yoksa bu geceden gidin. Hastalanmayacaks\u0131n\u0131z, ac\u0131kmayacaks\u0131n\u0131z, susamayacaks\u0131n\u0131z.<\/p>\n<p>Size 36 saat seferberlik ilan ediyorum. Tuvalete bile gitmeyeceksiniz. sand\u0131k ba\u015f\u0131ndan ayr\u0131lmayacaks\u0131n\u0131z. Islak imzal\u0131 tutanaklar\u0131 \u0130l Se\u00e7im Kurullar\u0131na gideceksiniz. Ben de oyumu kullan\u0131p Ankara\u2019ya Y\u00fcksek Se\u00e7im Kurulu\u2019na gidece\u011fim.<\/p>\n<p>50 g\u00fcnde 68 vilayete gittim gidemediklerimden \u00f6z\u00fcr diliyorum. onlara Cumhurba\u015fkan\u0131 olunca gidece\u011fim. \u0130lk olarak Erzurum\u2019a gidece\u011fim.<\/p>\n<h6>&#8220;Yar\u0131n Allah&#8217;\u0131n izniyle bu i\u015f tamam&#8221;<\/h6>\n<p>Umutlar\u0131n\u0131z\u0131 tazeleyin yar\u0131n yeni bir g\u00fcn olacak. Sadece i\u00e7eride olanlar de\u011fil d\u0131\u015far\u0131da olana arkada\u015flar\u0131m siz beni g\u00f6remiyorsunuz ama ben sizin y\u00fcre\u011finizi hissediyorum. Y\u00fcrek y\u00fcre\u011feyiz. Yar\u0131n Allah&#8217;\u0131n izniyle bu i\u015f tamam.<\/p>\n<p>T\u00fcrkiye\u2019nin bu devasa sorunlar\u0131n\u0131 yorgun, milletten kopmu\u015f bir adam \u00e7\u00f6zemez taze kan laz\u0131m.<\/p>\n<!-- Error, Advert is not available at this time due to schedule\/geolocation restrictions! -->\n","protected":false},"excerpt":{"rendered":"<p>Cumhurba\u015fkan\u0131 aday\u0131 Muharrem \u0130nce, se\u00e7im maratonunu Maltepe&#8217;de d\u00fczenlenen B\u00fcy\u00fck istanbul Mitingi ile sonland\u0131rd\u0131. Muharrem \u0130nce&#8217;yi miting alan\u0131 ve \u00e7evresinde yakla\u015f\u0131k be\u015f milyon ki\u015fi dinledi. Miting alan\u0131nda canl\u0131 yay\u0131n ara\u00e7lar\u0131n\u0131n &#8216;sinyal sorunu&#8217; \u00e7ekmesine sinirlenen \u0130nce, aksakl\u0131ktan h\u00fck\u00fcmeti sorumlu tutarak &#8220;Erdo\u011fan b\u0131rakacaksan delikanl\u0131 gibi b\u0131rak&#8221; dedi. Cumhurba\u015fkan\u0131 aday\u0131 Muharrem \u0130nce, Maltepe&#8217;de d\u00fczenledi\u011fi B\u00fcy\u00fck \u0130stanbul Mitingi ile se\u00e7im &hellip;<\/p>\n","protected":false},"author":9192198,"featured_media":266536,"comment_status":"open","ping_status":"open","sticky":false,"template":"","format":"standard","meta":{"_acf_changed":false,"footnotes":""},"categories":[763,5005,349,6805],"tags":[217677,8723,157153,47602,49097],"class_list":["post-266535","post","type-post","status-publish","format-standard","has-post-thumbnail","hentry","category-gunun-olayi","category-manset","category-son-dakika","category-turkiye","tag-buyuk-istanbul-mitingi","tag-chp","tag-cumhurbaskani-adayi","tag-istanbul-maltepe","tag-muharrem-ince"],"acf":[],"_links":{"self":[{"href":"https:\/\/www.nationalturk.com\/tr\/wp-json\/wp\/v2\/posts\/266535","targetHints":{"allow":["GET"]}}],"collection":[{"href":"https:\/\/www.nationalturk.com\/tr\/wp-json\/wp\/v2\/posts"}],"about":[{"href":"https:\/\/www.nationalturk.com\/tr\/wp-json\/wp\/v2\/types\/post"}],"author":[{"embeddable":true,"href":"https:\/\/www.nationalturk.com\/tr\/wp-json\/wp\/v2\/users\/9192198"}],"replies":[{"embeddable":true,"href":"https:\/\/www.nationalturk.com\/tr\/wp-json\/wp\/v2\/comments?post=266535"}],"version-history":[{"count":0,"href":"https:\/\/www.nationalturk.com\/tr\/wp-json\/wp\/v2\/posts\/266535\/revisions"}],"wp:featuredmedia":[{"embeddable":true,"href":"https:\/\/www.nationalturk.com\/tr\/wp-json\/wp\/v2\/media\/266536"}],"wp:attachment":[{"href":"https:\/\/www.nationalturk.com\/tr\/wp-json\/wp\/v2\/media?parent=266535"}],"wp:term":[{"taxonomy":"category","embeddable":true,"href":"https:\/\/www.nationalturk.com\/tr\/wp-json\/wp\/v2\/categories?post=266535"},{"taxonomy":"post_tag","embeddable":true,"href":"https:\/\/www.nationalturk.com\/tr\/wp-json\/wp\/v2\/tags?post=266535"}],"curies":[{"name":"wp","href":"https:\/\/api.w.org\/{rel}","templated":true}]}}