{"id":266719,"date":"2018-06-28T10:43:32","date_gmt":"2018-06-28T07:43:32","guid":{"rendered":"http:\/\/www.nationalturk.com\/?p=266719"},"modified":"2018-06-28T10:43:32","modified_gmt":"2018-06-28T07:43:32","slug":"cumhur-ittifakinda-yeni-tatsizlik-milletin-iradesini-sakatlamaya-yonelik-girisimler","status":"publish","type":"post","link":"https:\/\/www.nationalturk.com\/tr\/cumhur-ittifakinda-yeni-tatsizlik-milletin-iradesini-sakatlamaya-yonelik-girisimler\/","title":{"rendered":"Cumhur \u0130ttifak\u0131nda yeni tats\u0131zl\u0131k! &#8220;Milletin iradesini sakatlamaya y\u00f6nelik giri\u015fimler&#8221;"},"content":{"rendered":"<h2>\u2018Cumhur ittifak\u0131\u2019 ortaklar\u0131 AKP ve MHP aras\u0131nda birbirlerine k\u0131l pay\u0131 kapt\u0131rd\u0131klar\u0131 milletvekilliklerini geri alabilmek i\u00e7in se\u00e7im kurullar\u0131na yap\u0131lan kar\u015f\u0131l\u0131kl\u0131 itirazlar sorun oldu.  MHP Genel Ba\u015fkan Yard\u0131mc\u0131s\u0131 Feti Y\u0131ld\u0131z duruma \u201cMaalesef milletimizin iradesini sakatlamaya y\u00f6nelik giri\u015fimlere tan\u0131k olmaktay\u0131z\u201d diye tepki g\u00f6sterdi.<\/h2>\n<p>Adana ve D\u00fczce\u2019de iki milletvekilli\u011fi, 24 Haziran se\u00e7imlerine \u2018cumhur ittifak\u0131\u2019 \u00e7at\u0131s\u0131 alt\u0131nda giren AKP ve MHP aras\u0131nda az oy fark\u0131yla el de\u011fi\u015ftirmi\u015fti. AKP, Bilim, Sanayi ve Teknoloji Bakan\u0131 Faruk \u00d6zl\u00fc\u2019n\u00fcn D\u00fczce\u2019de, Avrupa Birli\u011fi Bakan\u0131 \u00d6mer \u00c7elik\u2019in giri\u015fimiyle Adana\u2019da k\u0131l pay\u0131 MHP\u2019ye kapt\u0131rd\u0131klar\u0131 iki milletvekilli\u011fini geri alabilme umuduyla oylar\u0131 yeniden sayd\u0131r\u0131yor.<\/p>\n<p>MHP Hukuk ve Se\u00e7im \u0130\u015flerinden Sorumlu Genel Ba\u015fkan Yard\u0131mc\u0131s\u0131 Feti Y\u0131ld\u0131z ise sand\u0131klara yap\u0131lan itirazlara ili\u015fkin olarak \u015fu tepkiyi g\u00f6sterdi: \u201cSand\u0131klar\u0131n a\u00e7\u0131l\u0131p say\u0131m yap\u0131lmas\u0131ndan sonra, maalesef milletimizin iradesini sakatlamaya y\u00f6nelik giri\u015fimlere tan\u0131k olmaktay\u0131z. Arkada\u015flar\u0131m\u0131z, itiraz yap\u0131lan il ve il\u00e7e se\u00e7im kurullar\u0131na siyasi bask\u0131lar yap\u0131ld\u0131\u011f\u0131 duyumlar\u0131n\u0131 partimize bildirmi\u015flerdir. MHP olarak T\u00fcrk milletinin sand\u0131\u011f\u0131 yans\u0131tt\u0131\u011f\u0131 iradesini sakatlamaya y\u00f6nelik giri\u015fimler sonu\u00e7 vermeyece\u011fine inan\u0131yoruz.\u201d<\/p>\n<p>Cumhuriyet\u2019ten Selda G\u00fcneysu\u2019nun haberine g\u00f6re, MHP y\u00f6netimi, iki bakan\u0131n \u201cMHP\u2019nin oylar\u0131na g\u00f6z dikti\u011fini\u201d belirtiyor.<\/p>\n<p>Bununla birlikte MHP , ba\u015fta Ayd\u0131n, Elaz\u0131\u011f, Hatay, Ni\u011fde, Trabzon ve D\u00fczce illeri olmak \u00fczere parti taraf\u0131ndan g\u00f6revlendirilmi\u015f hukuk\u00e7ular\u0131 arac\u0131l\u0131\u011f\u0131yla baz\u0131 sand\u0131k sonu\u00e7lar\u0131na itiraz ederek, oylar\u0131n yeniden say\u0131lmas\u0131n\u0131 talep etti. Ayd\u0131n\u2019da MHP Genel Ba\u015fkan Yard\u0131mc\u0131s\u0131 Deniz Depboylu, 240 oy farkla yurtd\u0131\u015f\u0131ndan gelen oylar nedeniyle milletvekilli\u011fini AKP\u2019ye kapt\u0131r\u0131rken, Elaz\u0131\u011f\u2019da MHP milletvekilli\u011fi 370 oy farkla, Hatay\u2019da da ikinci milletvekilli\u011fi 337 oy fark\u0131yla AKP\u2019ye ge\u00e7ti. Yap\u0131lan oy say\u0131mlar\u0131n\u0131n ve yurtd\u0131\u015f\u0131 oylar\u0131n da\u011f\u0131l\u0131m\u0131n\u0131n hukuka uygun olarak yap\u0131lmad\u0131\u011f\u0131n\u0131 savunan MHP y\u00f6netimi sonuca itiraz etti.<\/p>\n<p>AKP ise \u201cge\u00e7ersiz oylar\u0131n y\u00fczde 2\u2019nin \u00fcst\u00fcnde oldu\u011fu illere itiraz etmeyi\u201d planl\u0131yor.<\/p>\n<!-- Error, Advert is not available at this time due to schedule\/geolocation restrictions! -->\n","protected":false},"excerpt":{"rendered":"<p>\u2018Cumhur ittifak\u0131\u2019 ortaklar\u0131 AKP ve MHP aras\u0131nda birbirlerine k\u0131l pay\u0131 kapt\u0131rd\u0131klar\u0131 milletvekilliklerini geri alabilmek i\u00e7in se\u00e7im kurullar\u0131na yap\u0131lan kar\u015f\u0131l\u0131kl\u0131 itirazlar sorun oldu. MHP Genel Ba\u015fkan Yard\u0131mc\u0131s\u0131 Feti Y\u0131ld\u0131z duruma \u201cMaalesef milletimizin iradesini sakatlamaya y\u00f6nelik giri\u015fimlere tan\u0131k olmaktay\u0131z\u201d diye tepki g\u00f6sterdi. Adana ve D\u00fczce\u2019de iki milletvekilli\u011fi, 24 Haziran se\u00e7imlerine \u2018cumhur ittifak\u0131\u2019 \u00e7at\u0131s\u0131 alt\u0131nda giren AKP ve &hellip;<\/p>\n","protected":false},"author":4,"featured_media":265768,"comment_status":"open","ping_status":"open","sticky":false,"template":"","format":"standard","meta":{"_acf_changed":false,"footnotes":""},"categories":[6155,5005,6202,349],"tags":[9476,1799,216655,3668,8296,1396,10829,41390,3037],"class_list":["post-266719","post","type-post","status-publish","format-standard","has-post-thumbnail","hentry","category-gundem","category-manset","category-politika","category-son-dakika","tag-akp","tag-aydin","tag-cumhur-ittifaki","tag-duzce","tag-elazig","tag-hatay","tag-mhp","tag-nigde","tag-trabzon"],"acf":[],"_links":{"self":[{"href":"https:\/\/www.nationalturk.com\/tr\/wp-json\/wp\/v2\/posts\/266719","targetHints":{"allow":["GET"]}}],"collection":[{"href":"https:\/\/www.nationalturk.com\/tr\/wp-json\/wp\/v2\/posts"}],"about":[{"href":"https:\/\/www.nationalturk.com\/tr\/wp-json\/wp\/v2\/types\/post"}],"author":[{"embeddable":true,"href":"https:\/\/www.nationalturk.com\/tr\/wp-json\/wp\/v2\/users\/4"}],"replies":[{"embeddable":true,"href":"https:\/\/www.nationalturk.com\/tr\/wp-json\/wp\/v2\/comments?post=266719"}],"version-history":[{"count":0,"href":"https:\/\/www.nationalturk.com\/tr\/wp-json\/wp\/v2\/posts\/266719\/revisions"}],"wp:featuredmedia":[{"embeddable":true,"href":"https:\/\/www.nationalturk.com\/tr\/wp-json\/wp\/v2\/media\/265768"}],"wp:attachment":[{"href":"https:\/\/www.nationalturk.com\/tr\/wp-json\/wp\/v2\/media?parent=266719"}],"wp:term":[{"taxonomy":"category","embeddable":true,"href":"https:\/\/www.nationalturk.com\/tr\/wp-json\/wp\/v2\/categories?post=266719"},{"taxonomy":"post_tag","embeddable":true,"href":"https:\/\/www.nationalturk.com\/tr\/wp-json\/wp\/v2\/tags?post=266719"}],"curies":[{"name":"wp","href":"https:\/\/api.w.org\/{rel}","templated":true}]}}