{"id":266981,"date":"2018-07-05T13:46:54","date_gmt":"2018-07-05T10:46:54","guid":{"rendered":"http:\/\/www.nationalturk.com\/?p=266981"},"modified":"2018-07-05T13:46:54","modified_gmt":"2018-07-05T10:46:54","slug":"yesilcam-klasikleri-acik-hava-sinemasinda","status":"publish","type":"post","link":"https:\/\/www.nationalturk.com\/tr\/yesilcam-klasikleri-acik-hava-sinemasinda\/","title":{"rendered":"Ye\u015fil\u00e7am klasikleri a\u00e7\u0131k hava sinemas\u0131nda"},"content":{"rendered":"<h2>\u0130stanbul B\u00fcy\u00fck\u015fehir Belediyesi i\u015ftiraki K\u00fclt\u00fcr A\u015e, &#8220;Ye\u015fil\u00e7am Film G\u00fcnleri&#8221; etkinli\u011fi kapsam\u0131nda unutulmaz Ye\u015fil\u00e7am filmlerini a\u00e7\u0131k hava sinemas\u0131nda seyirciyle bulu\u015fturuyor.<\/h2>\n<p>K\u00fclt\u00fcr A\u015e&#8217;den yap\u0131lan a\u00e7\u0131klamaya g\u00f6re, Ye\u015fil\u00e7am filmlerinin se\u00e7kin \u00f6rneklerini 7&#8217;den 70&#8217;e t\u00fcm ku\u015faklarla bulu\u015fturmak amac\u0131yla d\u00fczenlenen etkinlikte, T\u00fcrk sinemas\u0131n\u0131n sevilen filmleri, yenilenmi\u015f ve y\u00fcksek \u00e7\u00f6z\u00fcn\u00fcrl\u00fckl\u00fc haliyle \u0130stanbullulara sunulacak.<\/p>\n<p>Etkinli\u011fin gala g\u00f6sterimi bu ak\u015fam, Muhsin Bey filmiyle yap\u0131lacak.<\/p>\n<p>Topkap\u0131 \u0130BB K\u00fclt\u00fcr Park\u0131 Amfi Tiyatro&#8217;daki g\u00f6sterimler, 5 Temmuz-2 Eyl\u00fcl 2018 aras\u0131nda her hafta cuma, cumartesi ve pazar g\u00fcnleri saat 21.30&#8217;da izlenebilecek.<\/p>\n<!-- Error, Advert is not available at this time due to schedule\/geolocation restrictions! -->\n","protected":false},"excerpt":{"rendered":"<p>\u0130stanbul B\u00fcy\u00fck\u015fehir Belediyesi i\u015ftiraki K\u00fclt\u00fcr A\u015e, &#8220;Ye\u015fil\u00e7am Film G\u00fcnleri&#8221; etkinli\u011fi kapsam\u0131nda unutulmaz Ye\u015fil\u00e7am filmlerini a\u00e7\u0131k hava sinemas\u0131nda seyirciyle bulu\u015fturuyor. K\u00fclt\u00fcr A\u015e&#8217;den yap\u0131lan a\u00e7\u0131klamaya g\u00f6re, Ye\u015fil\u00e7am filmlerinin se\u00e7kin \u00f6rneklerini 7&#8217;den 70&#8217;e t\u00fcm ku\u015faklarla bulu\u015fturmak amac\u0131yla d\u00fczenlenen etkinlikte, T\u00fcrk sinemas\u0131n\u0131n sevilen filmleri, yenilenmi\u015f ve y\u00fcksek \u00e7\u00f6z\u00fcn\u00fcrl\u00fckl\u00fc haliyle \u0130stanbullulara sunulacak. Etkinli\u011fin gala g\u00f6sterimi bu ak\u015fam, Muhsin Bey filmiyle &hellip;<\/p>\n","protected":false},"author":4,"featured_media":266982,"comment_status":"open","ping_status":"open","sticky":false,"template":"","format":"standard","meta":{"_acf_changed":false,"footnotes":""},"categories":[6155,6221,5005,6672],"tags":[41520,44971,55629,189094],"class_list":["post-266981","post","type-post","status-publish","format-standard","has-post-thumbnail","hentry","category-gundem","category-kultur","category-manset","category-sinema","tag-ibb","tag-topkapi","tag-yesilcam","tag-yesilcam-filmleri"],"acf":[],"_links":{"self":[{"href":"https:\/\/www.nationalturk.com\/tr\/wp-json\/wp\/v2\/posts\/266981","targetHints":{"allow":["GET"]}}],"collection":[{"href":"https:\/\/www.nationalturk.com\/tr\/wp-json\/wp\/v2\/posts"}],"about":[{"href":"https:\/\/www.nationalturk.com\/tr\/wp-json\/wp\/v2\/types\/post"}],"author":[{"embeddable":true,"href":"https:\/\/www.nationalturk.com\/tr\/wp-json\/wp\/v2\/users\/4"}],"replies":[{"embeddable":true,"href":"https:\/\/www.nationalturk.com\/tr\/wp-json\/wp\/v2\/comments?post=266981"}],"version-history":[{"count":0,"href":"https:\/\/www.nationalturk.com\/tr\/wp-json\/wp\/v2\/posts\/266981\/revisions"}],"wp:featuredmedia":[{"embeddable":true,"href":"https:\/\/www.nationalturk.com\/tr\/wp-json\/wp\/v2\/media\/266982"}],"wp:attachment":[{"href":"https:\/\/www.nationalturk.com\/tr\/wp-json\/wp\/v2\/media?parent=266981"}],"wp:term":[{"taxonomy":"category","embeddable":true,"href":"https:\/\/www.nationalturk.com\/tr\/wp-json\/wp\/v2\/categories?post=266981"},{"taxonomy":"post_tag","embeddable":true,"href":"https:\/\/www.nationalturk.com\/tr\/wp-json\/wp\/v2\/tags?post=266981"}],"curies":[{"name":"wp","href":"https:\/\/api.w.org\/{rel}","templated":true}]}}