{"id":267019,"date":"2018-07-06T13:20:01","date_gmt":"2018-07-06T10:20:01","guid":{"rendered":"http:\/\/www.nationalturk.com\/?p=267019"},"modified":"2018-07-06T13:20:01","modified_gmt":"2018-07-06T10:20:01","slug":"trump-putin-iyi-bir-insan","status":"publish","type":"post","link":"https:\/\/www.nationalturk.com\/tr\/trump-putin-iyi-bir-insan\/","title":{"rendered":"Trump: Putin iyi bir insan"},"content":{"rendered":"<h2>ABD Ba\u015fkan\u0131 Donald Trump, Rusya Devlet Ba\u015fkan\u0131 Vladimir Putin&#8217;le 16 Temmuz&#8217;da yapaca\u011f\u0131 g\u00f6r\u00fc\u015fme hakk\u0131nda y\u00f6neltilen ele\u015ftiriler kar\u015f\u0131s\u0131nda bu g\u00f6r\u00fc\u015fmeye t\u00fcm hayat\u0131 boyunca haz\u0131rland\u0131\u011f\u0131n\u0131 s\u00f6yledi.<\/h2>\n<p>Montana&#8217;da konu\u015fan Trump, 16 Temmuz&#8217;da Finlandiya&#8217;n\u0131n ba\u015fkenti Helsinki&#8217;de Putin&#8217;le yapaca\u011f\u0131 g\u00f6r\u00fc\u015fme hakk\u0131nda a\u00e7\u0131klamalarda bulundu.<\/p>\n<p>Rus liderle yapaca\u011f\u0131 bulu\u015fmaya ili\u015fkin ele\u015ftiriler kar\u015f\u0131s\u0131nda Putin&#8217;le iyi bir g\u00f6r\u00fc\u015fme ger\u00e7ekle\u015ftirmeyi bekledi\u011fini s\u00f6yleyen Trump, bunun sonucunda iyi bir ili\u015fki kurulabilece\u011fini belirtti.<\/p>\n<p>Trump, &#8220;Rusya da dahil t\u00fcm \u00fclkelerle iyi ili\u015fkilere sahip olmak g\u00fczel bir \u015fey ve Putin iyi bir insan&#8221; diye ekledi.<\/p>\n<p>Trump, kendisinin diplomatik acemili\u011fi nedeniyle g\u00f6r\u00fc\u015fmenin ulusal \u00e7\u0131karlara zarar verece\u011fi alg\u0131s\u0131na da tepki g\u00f6sterdi.<\/p>\n<p>ABD Ba\u015fkan\u0131, &#8220;Putin, iyi derecede haz\u0131rlanm\u0131\u015f durumda. Ben haz\u0131r olacak m\u0131y\u0131m? Tamamen haz\u0131r\u0131m. Bu \u015fey i\u00e7in hayat\u0131m boyunca haz\u0131rl\u0131k yapt\u0131m. Bana g\u00fcvenin, sadece g\u00fczel \u015feyler yapaca\u011f\u0131z ve belki g\u00fczel bir ili\u015fki de kurar\u0131m&#8221; ifadelerini kulland\u0131.<\/p>\n<p>ABD&#8217;nin Moskova B\u00fcy\u00fckel\u00e7isi Jon Huntsman, ABD Ba\u015fkan\u0131 Donald Trump&#8217;\u0131n Rusya Devlet Ba\u015fkan\u0131 Vladimir Putin&#8217;le yapaca\u011f\u0131 g\u00f6r\u00fc\u015fmenin gerilimi azaltmas\u0131n\u0131 ve yap\u0131c\u0131 i\u015fbirli\u011finin \u00f6n\u00fcn\u00fc a\u00e7mas\u0131n\u0131 umdu\u011funu s\u00f6ylemi\u015fti.<\/p>\n<p>Huntsman, &#8220;Trump ve Putin, Helsinki&#8217;de Rusya-ABD ili\u015fkilerini ve bir dizi ulusal g\u00fcvenlik konusunu isti\u015fare etmek i\u00e7in bir araya gelecek. Trump, bu g\u00f6r\u00fc\u015fmeye ABD&#8217;nin ulusal g\u00fcvenlik \u00e7\u0131karlar\u0131 a\u00e7\u0131s\u0131ndan \u00f6nem veriyor ve Rusya&#8217;n\u0131n ikili ili\u015fkilerde ilerleme sa\u011flanmas\u0131n\u0131 isteyip istemedi\u011fini belirlemeyi ama\u00e7l\u0131yor&#8221; demi\u015fti.<\/p>\n<!-- Error, Advert is not available at this time due to schedule\/geolocation restrictions! -->\n","protected":false},"excerpt":{"rendered":"<p>ABD Ba\u015fkan\u0131 Donald Trump, Rusya Devlet Ba\u015fkan\u0131 Vladimir Putin&#8217;le 16 Temmuz&#8217;da yapaca\u011f\u0131 g\u00f6r\u00fc\u015fme hakk\u0131nda y\u00f6neltilen ele\u015ftiriler kar\u015f\u0131s\u0131nda bu g\u00f6r\u00fc\u015fmeye t\u00fcm hayat\u0131 boyunca haz\u0131rland\u0131\u011f\u0131n\u0131 s\u00f6yledi. Montana&#8217;da konu\u015fan Trump, 16 Temmuz&#8217;da Finlandiya&#8217;n\u0131n ba\u015fkenti Helsinki&#8217;de Putin&#8217;le yapaca\u011f\u0131 g\u00f6r\u00fc\u015fme hakk\u0131nda a\u00e7\u0131klamalarda bulundu. Rus liderle yapaca\u011f\u0131 bulu\u015fmaya ili\u015fkin ele\u015ftiriler kar\u015f\u0131s\u0131nda Putin&#8217;le iyi bir g\u00f6r\u00fc\u015fme ger\u00e7ekle\u015ftirmeyi bekledi\u011fini s\u00f6yleyen Trump, bunun sonucunda &hellip;<\/p>\n","protected":false},"author":4,"featured_media":267020,"comment_status":"open","ping_status":"open","sticky":false,"template":"","format":"standard","meta":{"_acf_changed":false,"footnotes":""},"categories":[6768,6770,6665,6155,5005,6202,349],"tags":[1887,199658,721,1530],"class_list":["post-267019","post","type-post","status-publish","format-standard","has-post-thumbnail","hentry","category-amerika","category-avrupa","category-dunya","category-gundem","category-manset","category-politika","category-son-dakika","tag-abd","tag-donald-trump","tag-rusya","tag-vladimir-putin"],"acf":[],"_links":{"self":[{"href":"https:\/\/www.nationalturk.com\/tr\/wp-json\/wp\/v2\/posts\/267019","targetHints":{"allow":["GET"]}}],"collection":[{"href":"https:\/\/www.nationalturk.com\/tr\/wp-json\/wp\/v2\/posts"}],"about":[{"href":"https:\/\/www.nationalturk.com\/tr\/wp-json\/wp\/v2\/types\/post"}],"author":[{"embeddable":true,"href":"https:\/\/www.nationalturk.com\/tr\/wp-json\/wp\/v2\/users\/4"}],"replies":[{"embeddable":true,"href":"https:\/\/www.nationalturk.com\/tr\/wp-json\/wp\/v2\/comments?post=267019"}],"version-history":[{"count":0,"href":"https:\/\/www.nationalturk.com\/tr\/wp-json\/wp\/v2\/posts\/267019\/revisions"}],"wp:featuredmedia":[{"embeddable":true,"href":"https:\/\/www.nationalturk.com\/tr\/wp-json\/wp\/v2\/media\/267020"}],"wp:attachment":[{"href":"https:\/\/www.nationalturk.com\/tr\/wp-json\/wp\/v2\/media?parent=267019"}],"wp:term":[{"taxonomy":"category","embeddable":true,"href":"https:\/\/www.nationalturk.com\/tr\/wp-json\/wp\/v2\/categories?post=267019"},{"taxonomy":"post_tag","embeddable":true,"href":"https:\/\/www.nationalturk.com\/tr\/wp-json\/wp\/v2\/tags?post=267019"}],"curies":[{"name":"wp","href":"https:\/\/api.w.org\/{rel}","templated":true}]}}