{"id":267069,"date":"2018-07-08T16:37:36","date_gmt":"2018-07-08T13:37:36","guid":{"rendered":"http:\/\/www.nationalturk.com\/?p=267069"},"modified":"2018-07-08T16:37:36","modified_gmt":"2018-07-08T13:37:36","slug":"hatayda-kaybolan-minik-ufuktan-kotu-haber","status":"publish","type":"post","link":"https:\/\/www.nationalturk.com\/tr\/hatayda-kaybolan-minik-ufuktan-kotu-haber\/","title":{"rendered":"Hatay&#8217;da kaybolan minik Ufuk&#8217;tan k\u00f6t\u00fc haber"},"content":{"rendered":"<h2>Hatay&#8217;\u0131n Hassa il\u00e7esinde Amanos Da\u011flar\u0131 eteklerinde kaybolan 6 ya\u015f\u0131ndaki Ufuk Tatar \u00f6l\u00fc bulundu.<\/h2>\n<p>Amanos Da\u011flar\u0131 eteklerinde 8 g\u00fcn \u00f6nce kaybolan Ufuk Tatar \u00f6l\u00fc bulundu. Ailesiyle yak\u0131nlar\u0131n\u0131 ziyarete gitti\u011fi Arpal\u0131u\u015fa\u011f\u0131 Mahallesi&#8217;nde kaybolan Tatar&#8217;\u0131n bulunmas\u0131 i\u00e7in komando, jandarma \u00f6zel harekat ve AFAD ekiplerinin arama \u00e7al\u0131\u015fmalar\u0131 8. g\u00fcnde de devam etti.<\/p>\n<p>Bug\u00fcn de yo\u011fun \u015fekilde s\u00fcrd\u00fcr\u00fclen \u00e7al\u0131\u015fmalar sonucunda Tatar&#8217;\u0131n cesedine ula\u015f\u0131ld\u0131.<\/p>\n<p>Tatar&#8217;\u0131n cesedinin, arama \u00e7al\u0131\u015fmalar\u0131na kat\u0131lan g\u00fcvenlik korucular\u0131 taraf\u0131ndan, kayboldu\u011fu noktadan yakla\u015f\u0131k 5 kilometre uzakl\u0131ktaki Yoluklar Mahallesi&#8217;nin \u00fcst kesimlerindeki arazide bulundu\u011fu \u00f6\u011frenildi.<\/p>\n<!-- Error, Advert is not available at this time due to schedule\/geolocation restrictions! -->\n<p>Bu arada, cesedin bulunmas\u0131n\u0131n ard\u0131ndan cumhuriyet savc\u0131s\u0131 ve olay yeri inceleme ekipleri de beraberindeki komandolar nezaretinde trakt\u00f6rle b\u00f6lgeye hareket etti.<\/p>\n<h3>\u00d6l\u00fcm nedeni adli t\u0131p i\u015flemleri tamamlan\u0131nca payla\u015f\u0131lacak<\/h3>\n<p>Hatay Valili\u011finin internet sitesinden yap\u0131lan a\u00e7\u0131klamada, Tatar&#8217;a ait oldu\u011fu de\u011ferlendirilen cesedin, Amanos Da\u011flar\u0131 k\u0131rsal\u0131n\u0131n sert ve dik kayal\u0131k bir noktas\u0131nda bulundu\u011fu bildirildi.<\/p>\n<p>Kimlik tespiti i\u00e7in adli t\u0131p i\u015flemlerinin yap\u0131laca\u011f\u0131 bildirilen a\u00e7\u0131klamada, &#8220;\u00d6l\u00fcm nedeniyle ilgili bilgiler adli t\u0131p i\u015flemlerinin tamamlanmas\u0131n\u0131n ard\u0131ndan detayl\u0131 olarak payla\u015f\u0131lacakt\u0131r.&#8221; ifadesi kullan\u0131ld\u0131.<\/p>\n<h4>Olay\u0131n ge\u00e7mi\u015fi<\/h4>\n<p>Amanos Da\u011flar\u0131 eteklerinde bulunan Arpal\u0131u\u015fa\u011f\u0131 Mahallesi&#8217;ndeki yak\u0131nlar\u0131na 1 Temmuz Pazar g\u00fcn\u00fc ailesiyle ziyarete giden 6 ya\u015f\u0131ndaki Ufuk Tatar, zihinsel engelli bir akrabas\u0131yla ormanl\u0131k alandaki kaynaktan su doldurmaya gitmi\u015fti. Bir s\u00fcre sonra \u00e7ocu\u011fu su kayna\u011f\u0131n\u0131n bulundu\u011fu alanda b\u0131rakarak b\u00f6lgeden ayr\u0131lan aile yak\u0131n\u0131, geri d\u00f6nd\u00fc\u011f\u00fcnde ise Tatar&#8217;\u0131 bulamam\u0131\u015ft\u0131.<\/p>\n<p>Ufuk Tatar&#8217;\u0131n kayboldu\u011funu fark eden ailesinin durumu ilgililere bildirmesi \u00fczerine arama \u00e7al\u0131\u015fmas\u0131 ba\u015flat\u0131lm\u0131\u015ft\u0131.<\/p>\n<!-- Error, Advert is not available at this time due to schedule\/geolocation restrictions! -->\n","protected":false},"excerpt":{"rendered":"<p>Hatay&#8217;\u0131n Hassa il\u00e7esinde Amanos Da\u011flar\u0131 eteklerinde kaybolan 6 ya\u015f\u0131ndaki Ufuk Tatar \u00f6l\u00fc bulundu.<\/p>\n","protected":false},"author":3,"featured_media":267070,"comment_status":"open","ping_status":"open","sticky":false,"template":"","format":"standard","meta":{"_acf_changed":false,"footnotes":""},"categories":[6155,5005,349,6805],"tags":[196921,1396,217838],"class_list":["post-267069","post","type-post","status-publish","format-standard","has-post-thumbnail","hentry","category-gundem","category-manset","category-son-dakika","category-turkiye","tag-amanos","tag-hatay","tag-ufuk-tatar"],"acf":[],"_links":{"self":[{"href":"https:\/\/www.nationalturk.com\/tr\/wp-json\/wp\/v2\/posts\/267069","targetHints":{"allow":["GET"]}}],"collection":[{"href":"https:\/\/www.nationalturk.com\/tr\/wp-json\/wp\/v2\/posts"}],"about":[{"href":"https:\/\/www.nationalturk.com\/tr\/wp-json\/wp\/v2\/types\/post"}],"author":[{"embeddable":true,"href":"https:\/\/www.nationalturk.com\/tr\/wp-json\/wp\/v2\/users\/3"}],"replies":[{"embeddable":true,"href":"https:\/\/www.nationalturk.com\/tr\/wp-json\/wp\/v2\/comments?post=267069"}],"version-history":[{"count":0,"href":"https:\/\/www.nationalturk.com\/tr\/wp-json\/wp\/v2\/posts\/267069\/revisions"}],"wp:featuredmedia":[{"embeddable":true,"href":"https:\/\/www.nationalturk.com\/tr\/wp-json\/wp\/v2\/media\/267070"}],"wp:attachment":[{"href":"https:\/\/www.nationalturk.com\/tr\/wp-json\/wp\/v2\/media?parent=267069"}],"wp:term":[{"taxonomy":"category","embeddable":true,"href":"https:\/\/www.nationalturk.com\/tr\/wp-json\/wp\/v2\/categories?post=267069"},{"taxonomy":"post_tag","embeddable":true,"href":"https:\/\/www.nationalturk.com\/tr\/wp-json\/wp\/v2\/tags?post=267069"}],"curies":[{"name":"wp","href":"https:\/\/api.w.org\/{rel}","templated":true}]}}