{"id":267293,"date":"2018-07-12T16:29:33","date_gmt":"2018-07-12T13:29:33","guid":{"rendered":"http:\/\/www.nationalturk.com\/?p=267293"},"modified":"2018-07-12T16:29:33","modified_gmt":"2018-07-12T13:29:33","slug":"mit-2-fetocuyu-paketledi","status":"publish","type":"post","link":"https:\/\/www.nationalturk.com\/tr\/mit-2-fetocuyu-paketledi\/","title":{"rendered":"M\u0130T 2 FET\u00d6&#8217;c\u00fcy\u00fc paketledi"},"content":{"rendered":"<h2>M\u0130T Ba\u015fkanl\u0131\u011f\u0131nca, Fetullah\u00e7\u0131 Ter\u00f6r \u00d6rg\u00fct\u00fcne (FET\u00d6) y\u00f6nelik d\u00fczenlenen operasyon sonucu, ter\u00f6r \u00f6rg\u00fct\u00fcn\u00fcn &#8220;Azerbaycan kasas\u0131&#8221; ile Mersin&#8217;de FET\u00d6&#8217;ye ba\u011fl\u0131 i\u015f adamlar\u0131n\u0131n imaml\u0131\u011f\u0131n\u0131 yapan iki \u00fcst d\u00fczey ter\u00f6rist yurt d\u0131\u015f\u0131nda yakalanarak yurda getirildi.<\/h2>\n<p>Edinilen bilgiye g\u00f6re, FET\u00d6 ile m\u00fccadele kapsam\u0131nda operasyonlar\u0131na devam eden M\u0130T, haklar\u0131nda arama karar\u0131 bulunan iki ter\u00f6risti daha yurt d\u0131\u015f\u0131nda yakalad\u0131.<\/p>\n<p>FET\u00d6 \u00fcyelerinden \u0130sa \u00d6zdemir Azerbaycan&#8217;da, Salih Zeki Yi\u011fit ise de Ukrayna&#8217;da yakalanarak bug\u00fcn \u00f6\u011fleden sonra \u00f6zel u\u00e7akla \u0130stanbul&#8217;a getirildi.<\/p>\n<p>Atat\u00fcrk Havaliman\u0131&#8217;na inen u\u00e7akla getirilen FET\u00d6 mensuplar\u0131 hakk\u0131nda &#8220;silahl\u0131 ter\u00f6r \u00f6rg\u00fct\u00fcne \u00fcye olma&#8221; su\u00e7lamas\u0131yla arama kayd\u0131 bulunuyor.<\/p>\n<p>FET\u00d6 \u00fcyesi \u0130sa \u00d6zdemir, 1997&#8217;de Bak\u00fc Devlet \u00dcniversitesini bitirdi. Ter\u00f6r \u00f6rg\u00fct\u00fcn\u00fcn bir d\u00f6nem Azerbaycan hususi i\u015fler sorumlulu\u011funu y\u00fcr\u00fcten \u00d6zdemir&#8217;in, FET\u00d6&#8217;n\u00fcn &#8220;Azerbaycan kasas\u0131&#8221; olarak da g\u00f6rev yapt\u0131\u011f\u0131 bildirildi. Bak\u00fc&#8217;de ter\u00f6r \u00f6rg\u00fct\u00fc ad\u0131na in\u015faat sekt\u00f6r\u00fcnde paravan faaliyet y\u00fcr\u00fcten Avro 2000 firmas\u0131n\u0131n sahibi olan \u00d6zdemir hakk\u0131nda Ankara \u0130kinci Sulh Ceza Hakimli\u011finin arama kayd\u0131 bulunuyor.<\/p>\n<p>Ukrayna&#8217;da yakalanan FET\u00d6 \u00fcyesi Salih Zeki Yi\u011fit&#8217;in ise Mersin&#8217;de FET\u00d6&#8217;ye ba\u011fl\u0131 i\u015f adamlar\u0131n\u0131n imaml\u0131\u011f\u0131n\u0131 y\u00fcr\u00fctt\u00fc\u011f\u00fc belirlendi. \u0130\u015f adamlar\u0131ndan &#8220;himmet&#8221; ad\u0131 toplad\u0131\u011f\u0131 paralar\u0131 ba\u015fta Pensilvanya olmak \u00fczere Afrika \u00fclkelerindeki okullar\u0131n finansman\u0131 i\u00e7in yurt d\u0131\u015f\u0131na transfer eden Yi\u011fit&#8217;in, 15 Temmuz 2016&#8217;daki darbe giri\u015fimi sonras\u0131nda yurt d\u0131\u015f\u0131na ka\u00e7t\u0131\u011f\u0131 tespit edildi. Yi\u011fit hakk\u0131nda Mersin Sulh Ceza Mahkemesince arama karar\u0131 bulunuyor.<\/p>\n<!-- Error, Advert is not available at this time due to schedule\/geolocation restrictions! -->\n","protected":false},"excerpt":{"rendered":"<p>M\u0130T Ba\u015fkanl\u0131\u011f\u0131nca, Fetullah\u00e7\u0131 Ter\u00f6r \u00d6rg\u00fct\u00fcne (FET\u00d6) y\u00f6nelik d\u00fczenlenen operasyon sonucu, ter\u00f6r \u00f6rg\u00fct\u00fcn\u00fcn &#8220;Azerbaycan kasas\u0131&#8221; ile Mersin&#8217;de FET\u00d6&#8217;ye ba\u011fl\u0131 i\u015f adamlar\u0131n\u0131n imaml\u0131\u011f\u0131n\u0131 yapan iki \u00fcst d\u00fczey ter\u00f6rist yurt d\u0131\u015f\u0131nda yakalanarak yurda getirildi. Edinilen bilgiye g\u00f6re, FET\u00d6 ile m\u00fccadele kapsam\u0131nda operasyonlar\u0131na devam eden M\u0130T, haklar\u0131nda arama karar\u0131 bulunan iki ter\u00f6risti daha yurt d\u0131\u015f\u0131nda yakalad\u0131. FET\u00d6 \u00fcyelerinden \u0130sa &hellip;<\/p>\n","protected":false},"author":4,"featured_media":267294,"comment_status":"open","ping_status":"open","sticky":false,"template":"","format":"standard","meta":{"_acf_changed":false,"footnotes":""},"categories":[6155,763,349],"tags":[1958,202856,3131,8076],"class_list":["post-267293","post","type-post","status-publish","format-standard","has-post-thumbnail","hentry","category-gundem","category-gunun-olayi","category-son-dakika","tag-azerbaycan","tag-feto","tag-mersin","tag-mit"],"acf":[],"_links":{"self":[{"href":"https:\/\/www.nationalturk.com\/tr\/wp-json\/wp\/v2\/posts\/267293","targetHints":{"allow":["GET"]}}],"collection":[{"href":"https:\/\/www.nationalturk.com\/tr\/wp-json\/wp\/v2\/posts"}],"about":[{"href":"https:\/\/www.nationalturk.com\/tr\/wp-json\/wp\/v2\/types\/post"}],"author":[{"embeddable":true,"href":"https:\/\/www.nationalturk.com\/tr\/wp-json\/wp\/v2\/users\/4"}],"replies":[{"embeddable":true,"href":"https:\/\/www.nationalturk.com\/tr\/wp-json\/wp\/v2\/comments?post=267293"}],"version-history":[{"count":0,"href":"https:\/\/www.nationalturk.com\/tr\/wp-json\/wp\/v2\/posts\/267293\/revisions"}],"wp:featuredmedia":[{"embeddable":true,"href":"https:\/\/www.nationalturk.com\/tr\/wp-json\/wp\/v2\/media\/267294"}],"wp:attachment":[{"href":"https:\/\/www.nationalturk.com\/tr\/wp-json\/wp\/v2\/media?parent=267293"}],"wp:term":[{"taxonomy":"category","embeddable":true,"href":"https:\/\/www.nationalturk.com\/tr\/wp-json\/wp\/v2\/categories?post=267293"},{"taxonomy":"post_tag","embeddable":true,"href":"https:\/\/www.nationalturk.com\/tr\/wp-json\/wp\/v2\/tags?post=267293"}],"curies":[{"name":"wp","href":"https:\/\/api.w.org\/{rel}","templated":true}]}}