{"id":267402,"date":"2018-07-16T16:53:25","date_gmt":"2018-07-16T13:53:25","guid":{"rendered":"http:\/\/www.nationalturk.com\/?p=267402"},"modified":"2018-07-16T16:53:25","modified_gmt":"2018-07-16T13:53:25","slug":"tarihi-zirveden-rusya-ile-iyi-gecinmek-iyi-bir-sey","status":"publish","type":"post","link":"https:\/\/www.nationalturk.com\/tr\/tarihi-zirveden-rusya-ile-iyi-gecinmek-iyi-bir-sey\/","title":{"rendered":"Tarihi zirveden: &#8220;Rusya ile iyi ge\u00e7inmek iyi bir \u015fey&#8221;"},"content":{"rendered":"<h2>ABD Ba\u015fkan\u0131 Donald Trump, d\u00fcnyan\u0131n ABD ile Rusya&#8217;n\u0131n iyi ge\u00e7indi\u011fini g\u00f6rmek istedi\u011fini belirterek, &#8220;Biliyorsunuz y\u0131llard\u0131r s\u00f6yledim; Rusya ile iyi ge\u00e7inmek k\u00f6t\u00fc de\u011fil, iyi bir \u015feydir.&#8221; dedi.<\/h2>\n<p>Trump, Finlandiya&#8217;n\u0131n ba\u015fkenti Helsinki&#8217;de Rusya Devlet Ba\u015fkan\u0131 Vladimir Putin ile g\u00f6r\u00fc\u015fmesinden \u00f6nce yapt\u0131\u011f\u0131 a\u00e7\u0131klamada, &#8220;Ger\u00e7ekten de d\u00fcnyan\u0131n bizim iyi ge\u00e7indi\u011fimizi g\u00f6rmek istedi\u011fini d\u00fc\u015f\u00fcn\u00fcyorum.&#8221; ifadesini kulland\u0131.<\/p>\n<p>Yakla\u015f\u0131k 2 y\u0131ld\u0131r ABD ba\u015fkanl\u0131\u011f\u0131 g\u00f6revini y\u00fcr\u00fctt\u00fc\u011f\u00fcn\u00fc hat\u0131rlatan Trump, &#8220;En sonunda ola\u011fan\u00fcst\u00fc ili\u015fkilere sahip olaca\u011f\u0131m\u0131z\u0131 d\u00fc\u015f\u00fcn\u00fcyorum. Biliyorsunuz y\u0131llard\u0131r s\u00f6yledim; Rusya ile iyi ge\u00e7inmek k\u00f6t\u00fc de\u011fil, iyi bir \u015feydir.&#8221; diye konu\u015ftu.<\/p>\n<p>Bug\u00fcnk\u00fc zirvede ticaretten askeri ili\u015fkilere geni\u015f bir yelpazede konular\u0131n ele al\u0131naca\u011f\u0131n\u0131 belirten Trump, \u00f6zellikle \u00c7in konusu \u00fczerinde durulaca\u011f\u0131n\u0131n alt\u0131n\u0131 \u00e7izdi.<\/p>\n<p>&#8220;Son y\u0131llarda  \u00e7ok da iyi ge\u00e7inemeyen iki \u00fclke olarak \u00f6n\u00fcm\u00fczde b\u00fcy\u00fck f\u0131rsatlar oldu\u011funu d\u00fc\u015f\u00fcn\u00fcyorum.&#8221; diyen Trump, &#8220;\u0130ki b\u00fcy\u00fck n\u00fckleer g\u00fcc\u00fcz. N\u00fckleerin (kapasitenin) y\u00fczde 90&#8217;\u0131na sahibiz. Bu iyi de\u011fil, k\u00f6t\u00fc bir \u015fey. Bu konuda bir \u015fey yapabilece\u011fimizi umuyorum \u00e7\u00fcnk\u00fc bu olumlu de\u011fil, olumsuz bir g\u00fc\u00e7. O nedenle ba\u015fka konular\u0131n aras\u0131nda bunu da ele alaca\u011f\u0131z.&#8221; \u015feklinde konu\u015ftu.<\/p>\n<p>D\u00fcnyan\u0131n zirvenin sonucuna odakland\u0131\u011f\u0131n\u0131, kendisinin de \u00f6zel g\u00f6r\u00fc\u015fmeyi heyecanla bekledi\u011fini belirten Trump, &#8220;Hepimizin pek \u00e7ok sorusu var ve \u00fcmit ediyorum ki cevaplar\u0131 bulaca\u011f\u0131z.&#8221; dedi.<\/p>\n<p>Trump, sabah saatlerinde yapt\u0131\u011f\u0131 a\u00e7\u0131klamada, &#8220;ABD&#8217;nin y\u0131llard\u0131r s\u00fcren ahmakl\u0131\u011f\u0131 ve ak\u0131ls\u0131zl\u0131\u011f\u0131, \u015fimdi de cad\u0131 av\u0131 nedeniyle Rusya i<\/p>\n<h2>le ili\u015fkiler hi\u00e7bir zaman bu kadar k\u00f6t\u00fc olmam\u0131\u015ft\u0131.&#8221; ifadelerini kullanm\u0131\u015ft\u0131. <\/p>\n<p>Rusya D\u0131\u015fi\u015fleri Bakanl\u0131\u011f\u0131 da Trump&#8217;\u0131n mesaj\u0131na yan\u0131t olarak sosyal medyadaki resmi hesab\u0131ndan &#8220;Kat\u0131l\u0131yoruz&#8221; ifadesini payla\u015fm\u0131\u015ft\u0131. <\/p>\n<!-- Error, Advert is not available at this time due to schedule\/geolocation restrictions! -->\n<\/h2>\n","protected":false},"excerpt":{"rendered":"<p>ABD Ba\u015fkan\u0131 Donald Trump, d\u00fcnyan\u0131n ABD ile Rusya&#8217;n\u0131n iyi ge\u00e7indi\u011fini g\u00f6rmek istedi\u011fini belirterek, &#8220;Biliyorsunuz y\u0131llard\u0131r s\u00f6yledim; Rusya ile iyi ge\u00e7inmek k\u00f6t\u00fc de\u011fil, iyi bir \u015feydir.&#8221; dedi. Trump, Finlandiya&#8217;n\u0131n ba\u015fkenti Helsinki&#8217;de Rusya Devlet Ba\u015fkan\u0131 Vladimir Putin ile g\u00f6r\u00fc\u015fmesinden \u00f6nce yapt\u0131\u011f\u0131 a\u00e7\u0131klamada, &#8220;Ger\u00e7ekten de d\u00fcnyan\u0131n bizim iyi ge\u00e7indi\u011fimizi g\u00f6rmek istedi\u011fini d\u00fc\u015f\u00fcn\u00fcyorum.&#8221; ifadesini kulland\u0131. Yakla\u015f\u0131k 2 y\u0131ld\u0131r ABD &hellip;<\/p>\n","protected":false},"author":4,"featured_media":267403,"comment_status":"open","ping_status":"open","sticky":false,"template":"","format":"standard","meta":{"_acf_changed":false,"footnotes":""},"categories":[6155,763,349],"tags":[199658,1530],"class_list":["post-267402","post","type-post","status-publish","format-standard","has-post-thumbnail","hentry","category-gundem","category-gunun-olayi","category-son-dakika","tag-donald-trump","tag-vladimir-putin"],"acf":[],"_links":{"self":[{"href":"https:\/\/www.nationalturk.com\/tr\/wp-json\/wp\/v2\/posts\/267402","targetHints":{"allow":["GET"]}}],"collection":[{"href":"https:\/\/www.nationalturk.com\/tr\/wp-json\/wp\/v2\/posts"}],"about":[{"href":"https:\/\/www.nationalturk.com\/tr\/wp-json\/wp\/v2\/types\/post"}],"author":[{"embeddable":true,"href":"https:\/\/www.nationalturk.com\/tr\/wp-json\/wp\/v2\/users\/4"}],"replies":[{"embeddable":true,"href":"https:\/\/www.nationalturk.com\/tr\/wp-json\/wp\/v2\/comments?post=267402"}],"version-history":[{"count":0,"href":"https:\/\/www.nationalturk.com\/tr\/wp-json\/wp\/v2\/posts\/267402\/revisions"}],"wp:featuredmedia":[{"embeddable":true,"href":"https:\/\/www.nationalturk.com\/tr\/wp-json\/wp\/v2\/media\/267403"}],"wp:attachment":[{"href":"https:\/\/www.nationalturk.com\/tr\/wp-json\/wp\/v2\/media?parent=267402"}],"wp:term":[{"taxonomy":"category","embeddable":true,"href":"https:\/\/www.nationalturk.com\/tr\/wp-json\/wp\/v2\/categories?post=267402"},{"taxonomy":"post_tag","embeddable":true,"href":"https:\/\/www.nationalturk.com\/tr\/wp-json\/wp\/v2\/tags?post=267402"}],"curies":[{"name":"wp","href":"https:\/\/api.w.org\/{rel}","templated":true}]}}