{"id":267427,"date":"2018-07-17T15:22:34","date_gmt":"2018-07-17T12:22:34","guid":{"rendered":"http:\/\/www.nationalturk.com\/?p=267427"},"modified":"2018-07-17T15:22:34","modified_gmt":"2018-07-17T12:22:34","slug":"kilicdarogludan-karikatur-cagrisi-koyacagim-twitter-hesabima-bakalim-ne-yapacaksin","status":"publish","type":"post","link":"https:\/\/www.nationalturk.com\/tr\/kilicdarogludan-karikatur-cagrisi-koyacagim-twitter-hesabima-bakalim-ne-yapacaksin\/","title":{"rendered":"K\u0131l\u0131\u00e7daro\u011flu&#8217;dan karikat\u00fcr \u00e7a\u011fr\u0131s\u0131: &#8220;Koyaca\u011f\u0131m Twitter hesab\u0131ma bakal\u0131m ne yapacaks\u0131n?&#8221;"},"content":{"rendered":"<h2>CHP Genel Ba\u015fkan\u0131 Kemal K\u0131l\u0131\u00e7daro\u011flu, Cumhurba\u015fkan\u0131 Recep Tayyip Erdo\u011fan&#8217;a hakaret iddias\u0131yla ODT\u00dc&#8217;l\u00fc gen\u00e7lerin tutuklanmas\u0131na gerek\u00e7e yap\u0131lan karikat\u00fcr\u00fc sosyal medya hesab\u0131ndan yay\u0131nlayaca\u011f\u0131n\u0131 a\u00e7\u0131klad\u0131 ve t\u00fcm milletvekillerine de \u00e7a\u011fr\u0131da bulundu: &#8220;B\u00fct\u00fcn arkada\u015flar\u0131m bu karikat\u00fcr\u00fc yay\u0131nlas\u0131n. Koyaca\u011f\u0131m Twitter hesab\u0131ma bakal\u0131m ne yapacaks\u0131n?&#8221;<\/h2>\n<p>Partisinin Meclis grup toplant\u0131s\u0131nda K\u0131l\u0131\u00e7daro\u011flu, 15 Temmuz darbe giri\u015fimiyle ilgili mesaj\u0131na y\u00f6nelik ele\u015ftirilere verdi\u011fi yan\u0131tta, &#8220;Daha d\u00fcne kadar &#8216;kontroll\u00fc darbe diyordu&#8217; dediler. \u0130ki 15 Temmuz var; bir halk\u0131n 15 Temmuz&#8217;u, biri saray\u0131n 15 Temmuz&#8217;u&#8221; ifadelerini kulland\u0131.<\/p>\n<p>Yarg\u0131y\u0131 ele\u015ftiren K\u0131l\u0131\u00e7daro\u011flu &#8220;Anayasa Mahkemesi karar\u0131n\u0131 uygulamayan hakimi Yarg\u0131tay&#8217;a atad\u0131lar. Yarg\u0131tay i\u00e7in y\u00fcz karas\u0131d\u0131r. Yar\u0131n birisi ben Yarg\u0131tay karar\u0131n\u0131 uygulam\u0131yorum derse ne olacak. Hukuksuzlu\u011fu hukuk k\u00fclt\u00fcr\u00fc diye yutturmaya \u00e7al\u0131\u015f\u0131yorlar. Adaletin olmad\u0131\u011f\u0131 bir \u00fclkedir T\u00fcrkiye. Adalet yok&#8221; diye konu\u015ftu.<\/p>\n<p>K\u0131l\u0131\u00e7daro\u011flu&#8217;nun a\u00e7\u0131klamalar\u0131ndan \u00f6ne \u00e7\u0131kanlar \u015f\u00f6yle:<\/p>\n<p>Hakimin hukukun \u00fcst\u00fcnl\u00fc\u011f\u00fcne g\u00f6re karar vermesi laz\u0131m. Say\u0131n Enis Berbero\u011flu&#8217;nun i\u00e7eride kald\u0131\u011f\u0131 her dakika bir hukuksuzluk \u00f6rne\u011fidir. Yarg\u0131ya sesleniyorum, beklemeden gere\u011fini yap\u0131n. Eren Erdem eski milletvekilimiz\u2026 Milletvekiliyken hakk\u0131nda soru\u015fturma a\u00e7\u0131lm\u0131\u015ft\u0131. 29 Haziran&#8217;da g\u00f6zalt\u0131na al\u0131nd\u0131 ve tutukland\u0131. Davas\u0131 hangi gerek\u00e7e ile \u00f6ne al\u0131nd\u0131.<\/p>\n<p>Dokunulmazl\u0131\u011f\u0131 kalkt\u0131ktan sonra 39 kez yurtd\u0131\u015f\u0131an gidip geldi. Ka\u00e7sa o zaman ka\u00e7ard\u0131. Ka\u00e7abilir gerek\u00e7esiyle tutukluyorlar. Eren Erdem&#8217;in yazd\u0131\u011f\u0131 kitaplar\u0131n tamam\u0131 FET\u00d6 ter\u00f6r \u00f6rg\u00fct\u00fcn\u00fcn T\u00fcrkiye i\u00e7in ne kadar tehlikeli oldu\u011funu anlatmakt\u0131r. Bu T\u00fcrkiye&#8217;de yarg\u0131n\u0131n hangi noktaya geldi\u011fini g\u00f6steriyor.<\/p>\n<p>San\u0131yorlar ki bask\u0131 kurduk\u00e7a K\u0131l\u0131\u00e7daro\u011flu geri ad\u0131m atacak. Sizin feri\u015ftah\u0131n\u0131z gelse geri ad\u0131m atmayaca\u011f\u0131m. Her ortamda ve her yerde hakk\u0131 hukuku ve adaleti savunaca\u011f\u0131m. Dava benim \u015fahsi davam de\u011fil, t\u00fcy\u00fc bitmemi\u015f yetimin davas\u0131d\u0131r. Adalet istiyoruz. C\u00fcbbeni \u00e7\u0131karacaks\u0131n geleceksin buraya sana nas\u0131l ders verilir ben sana g\u00f6sterece\u011fim.<\/p>\n<p>&#8216;AYM kimdir? diyen hakimi Yarg\u0131tay&#8217;a atad\u0131lar. Yarg\u0131tay i\u00e7in y\u00fcz karas\u0131d\u0131r. Yar\u0131n birisi \u00e7\u0131k\u0131p Yarg\u0131tay karar\u0131n\u0131 uygulam\u0131yorum derse ne olacak? Hukuksuzlu\u011fu hukuk k\u00fclt\u00fcr\u00fc diye bize yutturmaya \u00e7al\u0131\u015f\u0131yorlar.<\/p>\n<p>Tren kazas\u0131 i\u00e7in bir heyet g\u00f6nderdik. Bir rapor haz\u0131rlad\u0131lar, yar\u0131n bu raporu kazan\u0131n oldu\u011fu yerde payla\u015faca\u011f\u0131z. Ula\u015ft\u0131rma Bakan\u0131 bir a\u00e7\u0131klama yapt\u0131 a\u015f\u0131r\u0131 ya\u011f\u0131\u015f nedeniyle oldu\u011funu s\u00f6yledi. Menfez ile ray aras\u0131ndaki a\u00e7\u0131kl\u0131k a\u015f\u0131r\u0131 ya\u011f\u0131\u015f nedeniyle de\u011fil topra\u011f\u0131n yeteri kadar bask\u0131lanmamas\u0131ndan kaynaklan\u0131yor. \u00d6n\u00fcm\u00fczdeki s\u00fcre\u00e7te konuyu TBMM&#8217;ye getirece\u011fiz.<\/p>\n<p>ODT\u00dc&#8217;l\u00fcler 13 y\u0131l \u00f6nce yay\u0131nlanan bir karikat\u00fcr\u00fc ta\u015f\u0131yor. Karikat\u00fcrist yarg\u0131lanm\u0131\u015f beraat etmi\u015f. 13 y\u0131l sonra geldi\u011fimiz noktaya bak\u0131n. Demokraside ne kadar geriye gitti\u011fimize bak\u0131n. Ben bug\u00fcn b\u00fct\u00fcn arkada\u015flar\u0131mdan istirham ediyorum. Twitter hesab\u0131mdan bug\u00fcn bu karikat\u00fcr yay\u0131nlanacak. B\u00fct\u00fcn milletvekili arkada\u015flar\u0131m bu karikat\u00fcr\u00fc yay\u0131nlas\u0131n. Koyaca\u011f\u0131m Twitter hesab\u0131ma bakal\u0131m ne yapacaks\u0131n?<\/p>\n<p>Turgut \u00d6zal d\u00f6neminde Ba\u015fbakanl\u0131k d\u00f6neminde G\u0131rg\u0131r dergisinde kendisini ele\u015ftiren karikat\u00fcrleri duvarlara asm\u0131\u015ft\u0131. Gelen konuklar karikat\u00fcrleri g\u00f6r\u00fcnce &#8216;Bu \u00fclkede fikir \u00f6zg\u00fcrl\u00fckleri var&#8217; diyor. Sen ele\u015ftiriye tahamm\u00fcl edeceksin. Twitter hesab\u0131na koydum, buyur ne yapacaks\u0131n?<\/p>\n<!-- Error, Advert is not available at this time due to schedule\/geolocation restrictions! -->\n","protected":false},"excerpt":{"rendered":"<p>CHP Genel Ba\u015fkan\u0131 Kemal K\u0131l\u0131\u00e7daro\u011flu, Cumhurba\u015fkan\u0131 Recep Tayyip Erdo\u011fan&#8217;a hakaret iddias\u0131yla ODT\u00dc&#8217;l\u00fc gen\u00e7lerin tutuklanmas\u0131na gerek\u00e7e yap\u0131lan karikat\u00fcr\u00fc sosyal medya hesab\u0131ndan yay\u0131nlayaca\u011f\u0131n\u0131 a\u00e7\u0131klad\u0131 ve t\u00fcm milletvekillerine de \u00e7a\u011fr\u0131da bulundu: &#8220;B\u00fct\u00fcn arkada\u015flar\u0131m bu karikat\u00fcr\u00fc yay\u0131nlas\u0131n. Koyaca\u011f\u0131m Twitter hesab\u0131ma bakal\u0131m ne yapacaks\u0131n?&#8221; Partisinin Meclis grup toplant\u0131s\u0131nda K\u0131l\u0131\u00e7daro\u011flu, 15 Temmuz darbe giri\u015fimiyle ilgili mesaj\u0131na y\u00f6nelik ele\u015ftirilere verdi\u011fi yan\u0131tta, &#8220;Daha &hellip;<\/p>\n","protected":false},"author":4,"featured_media":267428,"comment_status":"open","ping_status":"open","sticky":false,"template":"","format":"standard","meta":{"_acf_changed":false,"footnotes":""},"categories":[6155,5005,6202,349],"tags":[8723,5115,11669,787],"class_list":["post-267427","post","type-post","status-publish","format-standard","has-post-thumbnail","hentry","category-gundem","category-manset","category-politika","category-son-dakika","tag-chp","tag-kemal-kilicdaroglu","tag-odtu","tag-recep-tayyip-erdogan"],"acf":[],"_links":{"self":[{"href":"https:\/\/www.nationalturk.com\/tr\/wp-json\/wp\/v2\/posts\/267427","targetHints":{"allow":["GET"]}}],"collection":[{"href":"https:\/\/www.nationalturk.com\/tr\/wp-json\/wp\/v2\/posts"}],"about":[{"href":"https:\/\/www.nationalturk.com\/tr\/wp-json\/wp\/v2\/types\/post"}],"author":[{"embeddable":true,"href":"https:\/\/www.nationalturk.com\/tr\/wp-json\/wp\/v2\/users\/4"}],"replies":[{"embeddable":true,"href":"https:\/\/www.nationalturk.com\/tr\/wp-json\/wp\/v2\/comments?post=267427"}],"version-history":[{"count":0,"href":"https:\/\/www.nationalturk.com\/tr\/wp-json\/wp\/v2\/posts\/267427\/revisions"}],"wp:featuredmedia":[{"embeddable":true,"href":"https:\/\/www.nationalturk.com\/tr\/wp-json\/wp\/v2\/media\/267428"}],"wp:attachment":[{"href":"https:\/\/www.nationalturk.com\/tr\/wp-json\/wp\/v2\/media?parent=267427"}],"wp:term":[{"taxonomy":"category","embeddable":true,"href":"https:\/\/www.nationalturk.com\/tr\/wp-json\/wp\/v2\/categories?post=267427"},{"taxonomy":"post_tag","embeddable":true,"href":"https:\/\/www.nationalturk.com\/tr\/wp-json\/wp\/v2\/tags?post=267427"}],"curies":[{"name":"wp","href":"https:\/\/api.w.org\/{rel}","templated":true}]}}