{"id":267510,"date":"2018-07-19T11:08:22","date_gmt":"2018-07-19T08:08:22","guid":{"rendered":"http:\/\/www.nationalturk.com\/?p=267510"},"modified":"2018-07-19T11:08:22","modified_gmt":"2018-07-19T08:08:22","slug":"venezuela-turkiye-yakinlasmasinda-yeni-adim-altinlar-geliyor","status":"publish","type":"post","link":"https:\/\/www.nationalturk.com\/tr\/venezuela-turkiye-yakinlasmasinda-yeni-adim-altinlar-geliyor\/","title":{"rendered":"Venezuela-T\u00fcrkiye yak\u0131nla\u015fmas\u0131nda yeni ad\u0131m: Alt\u0131nlar geliyor"},"content":{"rendered":"<h2>Venezela Madencilik Bakan\u0131 Victor Cano, \u00fclke alt\u0131nlar\u0131n\u0131n T\u00fcrkiye&#8217;de rafine edilece\u011fini s\u00f6yledi.<\/h2>\n<p>Bakan Cano, kamu maden \u015firketleriyle k\u00fc\u00e7\u00fck maden i\u015fletmelerinin Venezuela\u2019da \u00e7\u0131kard\u0131klar\u0131 alt\u0131n\u0131 i\u015flenmesi ve alt\u0131n paraya \u00e7evrilmesi i\u00e7in T\u00fcrkiye\u2019ye yollad\u0131\u011f\u0131n\u0131 s\u00f6yledi.<\/p>\n<p>Cano, &#8220;Eskiden sertifikaland\u0131rma s\u00fcreci \u0130svi\u00e7re\u2019de yap\u0131l\u0131rd\u0131, art\u0131k yapm\u0131yoruz. Bu s\u00fcre\u00e7 art\u0131k m\u00fcttefik \u00fclkelerde yap\u0131l\u0131yor. \u0130svi\u00e7re\u2019ye alt\u0131n\u0131 yollad\u0131\u011f\u0131n\u0131z\u0131, onlar\u0131n da yapt\u0131r\u0131mlar y\u00fcz\u00fcnden alt\u0131n\u0131n\u0131z\u0131 tuttu\u011funu d\u00fc\u015f\u00fcn\u00fcn&#8221; dedi.<\/p>\n<p>Cano, T\u00fcrkiye ile Venezuela\u2019n\u0131n bu y\u0131l alt\u0131n i\u015flemek \u00fczere anla\u015fma imzalad\u0131\u011f\u0131n\u0131 bildirirken anla\u015fman\u0131n detaylar\u0131na ili\u015fkin bilgi vermedi. <\/p>\n<p>Anla\u015fman\u0131n Venezuela Merkez Bankas\u0131 ile T\u00fcrkiye aras\u0131nda imzaland\u0131\u011f\u0131n\u0131 kaydeden Cano, yasad\u0131\u015f\u0131 bir durum olmad\u0131\u011f\u0131n\u0131 s\u00f6yledi. Alt\u0131n\u0131n Venez\u00fcella\u2019da \u00e7\u0131kar\u0131larak sertifikaland\u0131r\u0131ld\u0131\u011f\u0131n\u0131 kaydeden Cano alt\u0131n\u0131n hem ithalat\u0131nda hem de ihracat\u0131nda uluslararas\u0131 y\u00f6netmeliklere ve ta\u015f\u0131mac\u0131l\u0131k kurallar\u0131na uyuldu\u011funu s\u00f6yledi.<\/p>\n<p>Cano, T\u00fcrk \u015firket delegasyonunun alt\u0131n i\u015fleme anla\u015fmas\u0131n\u0131n detaylar\u0131na g\u00f6r\u00fc\u015fmek \u00fczere Caracas\u2019\u0131 ziyaret etti\u011fini de bildirdi.<\/p>\n<!-- Error, Advert is not available at this time due to schedule\/geolocation restrictions! -->\n","protected":false},"excerpt":{"rendered":"<p>Venezela Madencilik Bakan\u0131 Victor Cano, \u00fclke alt\u0131nlar\u0131n\u0131n T\u00fcrkiye&#8217;de rafine edilece\u011fini s\u00f6yledi. Bakan Cano, kamu maden \u015firketleriyle k\u00fc\u00e7\u00fck maden i\u015fletmelerinin Venezuela\u2019da \u00e7\u0131kard\u0131klar\u0131 alt\u0131n\u0131 i\u015flenmesi ve alt\u0131n paraya \u00e7evrilmesi i\u00e7in T\u00fcrkiye\u2019ye yollad\u0131\u011f\u0131n\u0131 s\u00f6yledi. Cano, &#8220;Eskiden sertifikaland\u0131rma s\u00fcreci \u0130svi\u00e7re\u2019de yap\u0131l\u0131rd\u0131, art\u0131k yapm\u0131yoruz. Bu s\u00fcre\u00e7 art\u0131k m\u00fcttefik \u00fclkelerde yap\u0131l\u0131yor. \u0130svi\u00e7re\u2019ye alt\u0131n\u0131 yollad\u0131\u011f\u0131n\u0131z\u0131, onlar\u0131n da yapt\u0131r\u0131mlar y\u00fcz\u00fcnden alt\u0131n\u0131n\u0131z\u0131 tuttu\u011funu d\u00fc\u015f\u00fcn\u00fcn&#8221; &hellip;<\/p>\n","protected":false},"author":4,"featured_media":265486,"comment_status":"open","ping_status":"open","sticky":false,"template":"","format":"standard","meta":{"_acf_changed":false,"footnotes":""},"categories":[6199,6155,5005,349],"tags":[195938,7013],"class_list":["post-267510","post","type-post","status-publish","format-standard","has-post-thumbnail","hentry","category-ekonomi","category-gundem","category-manset","category-son-dakika","tag-turkiye","tag-venezuela"],"acf":[],"_links":{"self":[{"href":"https:\/\/www.nationalturk.com\/tr\/wp-json\/wp\/v2\/posts\/267510","targetHints":{"allow":["GET"]}}],"collection":[{"href":"https:\/\/www.nationalturk.com\/tr\/wp-json\/wp\/v2\/posts"}],"about":[{"href":"https:\/\/www.nationalturk.com\/tr\/wp-json\/wp\/v2\/types\/post"}],"author":[{"embeddable":true,"href":"https:\/\/www.nationalturk.com\/tr\/wp-json\/wp\/v2\/users\/4"}],"replies":[{"embeddable":true,"href":"https:\/\/www.nationalturk.com\/tr\/wp-json\/wp\/v2\/comments?post=267510"}],"version-history":[{"count":0,"href":"https:\/\/www.nationalturk.com\/tr\/wp-json\/wp\/v2\/posts\/267510\/revisions"}],"wp:featuredmedia":[{"embeddable":true,"href":"https:\/\/www.nationalturk.com\/tr\/wp-json\/wp\/v2\/media\/265486"}],"wp:attachment":[{"href":"https:\/\/www.nationalturk.com\/tr\/wp-json\/wp\/v2\/media?parent=267510"}],"wp:term":[{"taxonomy":"category","embeddable":true,"href":"https:\/\/www.nationalturk.com\/tr\/wp-json\/wp\/v2\/categories?post=267510"},{"taxonomy":"post_tag","embeddable":true,"href":"https:\/\/www.nationalturk.com\/tr\/wp-json\/wp\/v2\/tags?post=267510"}],"curies":[{"name":"wp","href":"https:\/\/api.w.org\/{rel}","templated":true}]}}