{"id":26757,"date":"2010-06-04T12:57:41","date_gmt":"2010-06-04T10:57:41","guid":{"rendered":"http:\/\/www.nationalturk.com\/?p=26757"},"modified":"2010-06-04T12:57:41","modified_gmt":"2010-06-04T10:57:41","slug":"osman-baydemir-taburcu-93600234","status":"publish","type":"post","link":"https:\/\/www.nationalturk.com\/tr\/osman-baydemir-taburcu-93600234\/","title":{"rendered":"Osman Baydemir taburcu oldu"},"content":{"rendered":"<p><strong><img loading=\"lazy\" decoding=\"async\" class=\"alignleft size-medium wp-image-26758\" title=\"Osman Baydemir taburcu oldu\" src=\"http:\/\/www.nationalturk.com\/tr\/wp-content\/uploads\/2010\/06\/osman_baydemir_hastanee-279x184.jpg\" alt=\"\" width=\"279\" height=\"184\" srcset=\"https:\/\/www.nationalturk.com\/tr\/wp-content\/uploads\/2010\/06\/osman_baydemir_hastanee-279x184.jpg 279w, https:\/\/www.nationalturk.com\/tr\/wp-content\/uploads\/2010\/06\/osman_baydemir_hastanee.jpg 550w\" sizes=\"auto, (max-width: 279px) 100vw, 279px\" \/>Kalp spazm\u0131 ge\u00e7iren Diyarbak\u0131r B\u00fcy\u00fck\u015fehir Belediye Ba\u015fkan\u0131 Osman Baydemir, d\u00fcn ak\u015fam taburcu oldu.<\/strong><\/p>\n<p>\u00d6zel Alman Hastanesi&#8217;nde tedavi alt\u0131na al\u0131nan Diyarbak\u0131r B\u00fcy\u00fck\u015fehir Belediye Ba\u015fkan\u0131 Osman Baydemir, hastane \u00e7\u0131k\u0131\u015f\u0131nda a\u00e7\u0131klamalarda bulunarak \u201cDiyarbak\u0131r halk\u0131n\u0131n da izniyle birka\u00e7 g\u00fcn dinlenece\u011fim ama bu \u00e7ok uzun s\u00fcrmeyecek. \u0130n\u015fallah daha y\u00fcksek, daha g\u00fc\u00e7l\u00fc bir tempoyla \u00e7al\u0131\u015fmaya devam edece\u011fiz. Kat etmemiz gereken mesafeler var. Bu maratonu ko\u015farken bazen yorulabiliriz. Ama ne pahas\u0131na olursa olsun, mutlaka bu kent hak etti\u011fi noktaya gelecektir\u201d dedi.<\/p>\n<p>Baydemir, hastane personeline \u00e7i\u00e7ek verip, te\u015fekk\u00fcr etti.<\/p>\n<span style=\"font-weight: bold; color: #f00;\">Error, group does not exist! Check your syntax! (ID: 79)<\/span>\n","protected":false},"excerpt":{"rendered":"<p>Kalp spazm\u0131 ge\u00e7iren Diyarbak\u0131r B\u00fcy\u00fck\u015fehir Belediye Ba\u015fkan\u0131 Osman Baydemir, d\u00fcn ak\u015fam taburcu oldu.<\/p>\n","protected":false},"author":4,"featured_media":191537,"comment_status":"open","ping_status":"open","sticky":false,"template":"","format":"standard","meta":{"_acf_changed":false,"footnotes":""},"categories":[6155,6805],"tags":[1470,28602,28979,9256,28600,28601,9255,28596,28597,28598,28599,28978],"class_list":["post-26757","post","type-post","status-publish","format-standard","has-post-thumbnail","hentry","category-gundem","category-turkiye","tag-diyarbakir","tag-diyarbakir-alman-hastanesi","tag-diyarbakir-alman-hastanesi-baydemir","tag-diyarbakir-buyuksehir-belediyesi","tag-haci-ciftci","tag-ilhan-diken","tag-osman-baydemir","tag-osman-baydemir-hastane","tag-osman-baydemir-hastaneye-kaldirildi","tag-osman-baydemir-kalp-krizi","tag-osman-baydemir-kalp-spazmi","tag-osman-baydemir-taburcu"],"acf":[],"_links":{"self":[{"href":"https:\/\/www.nationalturk.com\/tr\/wp-json\/wp\/v2\/posts\/26757","targetHints":{"allow":["GET"]}}],"collection":[{"href":"https:\/\/www.nationalturk.com\/tr\/wp-json\/wp\/v2\/posts"}],"about":[{"href":"https:\/\/www.nationalturk.com\/tr\/wp-json\/wp\/v2\/types\/post"}],"author":[{"embeddable":true,"href":"https:\/\/www.nationalturk.com\/tr\/wp-json\/wp\/v2\/users\/4"}],"replies":[{"embeddable":true,"href":"https:\/\/www.nationalturk.com\/tr\/wp-json\/wp\/v2\/comments?post=26757"}],"version-history":[{"count":0,"href":"https:\/\/www.nationalturk.com\/tr\/wp-json\/wp\/v2\/posts\/26757\/revisions"}],"wp:featuredmedia":[{"embeddable":true,"href":"https:\/\/www.nationalturk.com\/tr\/wp-json\/wp\/v2\/media\/191537"}],"wp:attachment":[{"href":"https:\/\/www.nationalturk.com\/tr\/wp-json\/wp\/v2\/media?parent=26757"}],"wp:term":[{"taxonomy":"category","embeddable":true,"href":"https:\/\/www.nationalturk.com\/tr\/wp-json\/wp\/v2\/categories?post=26757"},{"taxonomy":"post_tag","embeddable":true,"href":"https:\/\/www.nationalturk.com\/tr\/wp-json\/wp\/v2\/tags?post=26757"}],"curies":[{"name":"wp","href":"https:\/\/api.w.org\/{rel}","templated":true}]}}