{"id":267572,"date":"2018-07-20T13:07:51","date_gmt":"2018-07-20T10:07:51","guid":{"rendered":"http:\/\/www.nationalturk.com\/?p=267572"},"modified":"2018-07-20T13:07:51","modified_gmt":"2018-07-20T10:07:51","slug":"rusyadan-beyaz-saray-ziyaretine-yesil-isik","status":"publish","type":"post","link":"https:\/\/www.nationalturk.com\/tr\/rusyadan-beyaz-saray-ziyaretine-yesil-isik\/","title":{"rendered":"Rusya&#8217;dan Beyaz Saray ziyaretine ye\u015fil \u0131\u015f\u0131k"},"content":{"rendered":"<h2>Rusya&#8217;n\u0131n Washington B\u00fcy\u00fckel\u00e7isi Anatoliy Antonov, ABD Ba\u015fkan\u0131 Donald Trump&#8217;\u0131n davetinin ard\u0131ndan, Rusya Devlet Ba\u015fkan\u0131 Vladimir Putin&#8217;in Beyaz Saray&#8217;\u0131 ziyaret etmesi ihtimalini g\u00f6r\u00fc\u015fmeye haz\u0131r olduklar\u0131n\u0131 s\u00f6yledi.<\/h2>\n<p>Rus B\u00fcy\u00fckel\u00e7i Antonov&#8217;a, ABD Ba\u015fkan\u0131 Trump&#8217;\u0131n hafta ba\u015f\u0131nda Helsinki&#8217;de bir araya geldi\u011fi Rusya lideri Putin&#8217;i bir sonraki g\u00f6r\u00fc\u015fmeleri i\u00e7in Beyaz Saray&#8217;a davet etmesi hakk\u0131nda Moskova&#8217;n\u0131n ne d\u00fc\u015f\u00fcnd\u00fc\u011f\u00fc soruldu.<br \/>\nAntonov soru kar\u015f\u0131s\u0131nda, &#8220;Rusya bu t\u00fcr tekliflere her zaman a\u00e7\u0131k. Bu konuyu g\u00f6r\u00fc\u015fmeye haz\u0131r\u0131z&#8221; dedi.<\/p>\n<p>Di\u011fer taraftan Antonov, bir sonraki g\u00f6r\u00fc\u015fme hakk\u0131nda d\u00fc\u015f\u00fcnmeden \u00f6nce Helsinki&#8217;deki zirvenin sonu\u00e7lar\u0131n\u0131n sindirilip, liderler aras\u0131nda var\u0131lan anla\u015fmalar\u0131n yerine getirilmesi gerekti\u011fini de ekledi.<\/p>\n<p>Antonov ayr\u0131ca, zirvelerin ger\u00e7ekle\u015fip ger\u00e7ekle\u015fmeyece\u011fi ya da ne zaman d\u00fczenlenece\u011fine karar verenin Kremlin oldu\u011fu vurgusunu da yapt\u0131.<\/p>\n<p>Helsinki&#8217;deki g\u00f6r\u00fc\u015fmeden beri ABD&#8217;de tart\u0131\u015fmalar dinmiyor. Trump&#8217;\u0131n zirve sonras\u0131nda, ABD&#8217;deki ba\u015fkanl\u0131k se\u00e7imlerine m\u00fcdahale etmedi\u011fini belirtti\u011finde Putin&#8217;e inand\u0131\u011f\u0131n\u0131 s\u00f6ylemesi, hem Demokratlar ve istihbarat\u00e7\u0131lar\u0131n yan\u0131 s\u0131ra Cumhuriyet\u00e7i Parti&#8217;den de ele\u015ftiri toplam\u0131\u015ft\u0131.<\/p>\n<p>Nitekim Trump daha sonra bu a\u00e7\u0131klamas\u0131n\u0131 d\u00fczeltip, Rusya&#8217;y\u0131 se\u00e7imlere m\u00fcdahale etmekle su\u00e7layan ABD istihbarat\u0131na g\u00fcveninin tam oldu\u011funu ifade etmi\u015fti.<\/p>\n<!-- Error, Advert is not available at this time due to schedule\/geolocation restrictions! -->\n","protected":false},"excerpt":{"rendered":"<p>Rusya&#8217;n\u0131n Washington B\u00fcy\u00fckel\u00e7isi Anatoliy Antonov, ABD Ba\u015fkan\u0131 Donald Trump&#8217;\u0131n davetinin ard\u0131ndan, Rusya Devlet Ba\u015fkan\u0131 Vladimir Putin&#8217;in Beyaz Saray&#8217;\u0131 ziyaret etmesi ihtimalini g\u00f6r\u00fc\u015fmeye haz\u0131r olduklar\u0131n\u0131 s\u00f6yledi. Rus B\u00fcy\u00fckel\u00e7i Antonov&#8217;a, ABD Ba\u015fkan\u0131 Trump&#8217;\u0131n hafta ba\u015f\u0131nda Helsinki&#8217;de bir araya geldi\u011fi Rusya lideri Putin&#8217;i bir sonraki g\u00f6r\u00fc\u015fmeleri i\u00e7in Beyaz Saray&#8217;a davet etmesi hakk\u0131nda Moskova&#8217;n\u0131n ne d\u00fc\u015f\u00fcnd\u00fc\u011f\u00fc soruldu. Antonov soru &hellip;<\/p>\n","protected":false},"author":4,"featured_media":267573,"comment_status":"open","ping_status":"open","sticky":false,"template":"","format":"standard","meta":{"_acf_changed":false,"footnotes":""},"categories":[6155,763,349],"tags":[1887,2936,721,1530],"class_list":["post-267572","post","type-post","status-publish","format-standard","has-post-thumbnail","hentry","category-gundem","category-gunun-olayi","category-son-dakika","tag-abd","tag-beyaz-saray","tag-rusya","tag-vladimir-putin"],"acf":[],"_links":{"self":[{"href":"https:\/\/www.nationalturk.com\/tr\/wp-json\/wp\/v2\/posts\/267572","targetHints":{"allow":["GET"]}}],"collection":[{"href":"https:\/\/www.nationalturk.com\/tr\/wp-json\/wp\/v2\/posts"}],"about":[{"href":"https:\/\/www.nationalturk.com\/tr\/wp-json\/wp\/v2\/types\/post"}],"author":[{"embeddable":true,"href":"https:\/\/www.nationalturk.com\/tr\/wp-json\/wp\/v2\/users\/4"}],"replies":[{"embeddable":true,"href":"https:\/\/www.nationalturk.com\/tr\/wp-json\/wp\/v2\/comments?post=267572"}],"version-history":[{"count":0,"href":"https:\/\/www.nationalturk.com\/tr\/wp-json\/wp\/v2\/posts\/267572\/revisions"}],"wp:featuredmedia":[{"embeddable":true,"href":"https:\/\/www.nationalturk.com\/tr\/wp-json\/wp\/v2\/media\/267573"}],"wp:attachment":[{"href":"https:\/\/www.nationalturk.com\/tr\/wp-json\/wp\/v2\/media?parent=267572"}],"wp:term":[{"taxonomy":"category","embeddable":true,"href":"https:\/\/www.nationalturk.com\/tr\/wp-json\/wp\/v2\/categories?post=267572"},{"taxonomy":"post_tag","embeddable":true,"href":"https:\/\/www.nationalturk.com\/tr\/wp-json\/wp\/v2\/tags?post=267572"}],"curies":[{"name":"wp","href":"https:\/\/api.w.org\/{rel}","templated":true}]}}