{"id":267733,"date":"2018-07-25T11:05:20","date_gmt":"2018-07-25T08:05:20","guid":{"rendered":"http:\/\/www.nationalturk.com\/?p=267733"},"modified":"2018-07-25T11:05:20","modified_gmt":"2018-07-25T08:05:20","slug":"berna-lacine-de-hapis-talebi","status":"publish","type":"post","link":"https:\/\/www.nationalturk.com\/tr\/berna-lacine-de-hapis-talebi\/","title":{"rendered":"Berna La\u00e7in&#8217;e de hapis talebi!"},"content":{"rendered":"<h2>Oyuncu Berna La\u00e7in hakk\u0131nda Twitter hesab\u0131ndan yapt\u0131\u011f\u0131 bir payla\u015f\u0131mda &#8216;halk\u0131n bir kesiminin benimsedi\u011fi dini de\u011ferleri alenen a\u015fa\u011f\u0131lama&#8217; su\u00e7unu i\u015fledi\u011fi iddias\u0131yla 1 y\u0131la kadar hapis istemiyle dava a\u00e7\u0131ld\u0131.<\/h2>\n<p>\u00c7ocuklara y\u00f6nelik cinsel istismar ve \u00f6ld\u00fcrme eylemleri s\u0131ras\u0131nda sosyal medya hesab\u0131nda payla\u015f\u0131mda bulunan oyuncu Berna La\u00e7in hakk\u0131nda, &#8216;halk\u0131n bir kesiminin benimsedi\u011fi dini de\u011ferleri alenen a\u015fa\u011f\u0131lama&#8217; su\u00e7undan 6 aydan 1 y\u0131la kadar hapis cezas\u0131 istemiyle dava a\u00e7\u0131ld\u0131.<\/p>\n<p>\u0130stanbul Anadolu Cumhuriyet Ba\u015fsavc\u0131l\u0131\u011f\u0131&#8217;ndan yap\u0131lan a\u00e7\u0131klamada, La\u00e7in&#8217;in &#8216;@bernalacin35&#8217; adl\u0131 Twitter hesab\u0131ndan 3 Temmuz&#8217;da halk\u0131n dini de\u011ferlerini a\u015fa\u011f\u0131lay\u0131c\u0131 mahiyette yaz\u0131 yay\u0131nlad\u0131\u011f\u0131n\u0131n, bu yaz\u0131ya kar\u015f\u0131l\u0131k muhtelif sosyal medya sitelerinde yo\u011fun tepkiler olu\u015ftu\u011funun tespit edildi\u011fi belirtilmi\u015fti.<\/p>\n<p>La\u00e7in, idama kar\u015f\u0131 oldu\u011funa dair bir mesaj payla\u015fm\u0131\u015f ve &#8220;\u0130dam \u00e7\u00f6z\u00fcm olsayd\u0131 Medine topraklar\u0131 tecav\u00fczde rekor k\u0131rmazd\u0131&#8221; ifadelerini kullanm\u0131\u015ft\u0131.<\/p>\n<p>Hakk\u0131nda 1 y\u0131la kadar dava a\u00e7\u0131lmas\u0131n\u0131 BirG\u00fcn&#8217;e de\u011ferlendiren La\u00e7in, a\u00e7\u0131lan davan\u0131n kendisini endi\u015felendirmedi\u011fini, &#8220;\u00c7ok rahat\u0131m. \u0130nsan\u0131n hakl\u0131 oldu\u011funda nas\u0131l rahat oldu\u011funu g\u00f6r\u00fcyorum \u015fu an&#8221; s\u00f6zleriyle ifade etti.<\/p>\n<p>La\u00e7in, &#8220;Benim \u00e7ok anlamland\u0131rabildi\u011fim bir \u015fey de\u011fil. Soru\u015fturma dahi a\u00e7\u0131lmamas\u0131 gereken bir konuydu bu. Hukuken de bakt\u0131\u011f\u0131n\u0131zda hi\u00e7 dava a\u00e7\u0131lacak bir \u015fey yok. Hukuk\u00e7u olmayan da bunu bilir zaten. \u00c7ok rahat\u0131m. \u0130nsan\u0131n hakl\u0131 oldu\u011funda nas\u0131l rahat oldu\u011funu g\u00f6r\u00fcyorum \u015fu an. Benim i\u00e7in bir anlam ifade etmiyor. Hukuku \u00e7ok \u0131v\u0131r z\u0131v\u0131r \u015feylerle oyal\u0131yoruz. Zaten kalabal\u0131k sorunlar silsilesi var \u00fclkenin. Art\u0131k \u00e7ok belli, infial yaratan trolleri de bo\u015f \u00e7evirmeyelim gibi bir tutum halindeler herhalde. Zorlama bir hareket&#8221; diye konu\u015ftu.<\/p>\n<p>Anadolu Cumhuriyet Ba\u015fsavc\u0131l\u0131\u011f\u0131 Bas\u0131n Su\u00e7lar\u0131 Soru\u015fturma B\u00fcrosunca haz\u0131rlanan iddianamede, \u00e7ocuklara kar\u015f\u0131 i\u015flenen cinsel istismar ve \u00f6ld\u00fcrme eylemlerinin idam cezas\u0131 gerektirip gerektirmedi\u011fine dair kamuoyunda \u00e7\u0131kan tart\u0131\u015fmalar kapsam\u0131nda \u015f\u00fcpheli Berna La\u00e7in&#8217;in Twitter hesab\u0131ndan 3 Temmuz&#8217;da bir yaz\u0131 yay\u0131nlad\u0131\u011f\u0131 anlat\u0131ld\u0131.<\/p>\n<p>Bu yaz\u0131ya kar\u015f\u0131l\u0131k muhtelif sosyal medya sitelerinde yo\u011fun tepkiler olu\u015ftu\u011funun tespit edilmesi \u00fczerine \u015f\u00fcpheli La\u00e7in hakk\u0131nda soru\u015fturma ba\u015flat\u0131ld\u0131\u011f\u0131 aktar\u0131lan iddianamede, La\u00e7in&#8217;in al\u0131nan savunmas\u0131nda su\u00e7a konu payla\u015f\u0131m\u0131 kendisinin yapt\u0131\u011f\u0131n\u0131, o tarihte g\u00fcndemde idam ve \u00e7ocuk tacizine ili\u015fkin sosyal medyada tart\u0131\u015fmalar yap\u0131ld\u0131\u011f\u0131n\u0131, takip\u00e7ileri ile yaz\u0131\u015f\u0131rken Suudi Arabistan&#8217;daki d\u00fczen i\u00e7erisinde tacizin ve tecav\u00fcz\u00fcn olmad\u0131\u011f\u0131na dair iddialarda bulunuldu\u011funu, bunun \u00fczerine kendisinin de s\u00f6z konusu yorumu yapt\u0131\u011f\u0131n\u0131, halk\u0131n bir kesiminin benimsedi\u011fi dini de\u011ferleri a\u015fa\u011f\u0131lama kast\u0131n\u0131n bulunmad\u0131\u011f\u0131n\u0131, s\u00f6z konusu tweetin konusunun da idama ili\u015fkin oldu\u011funu, sadece idama kar\u015f\u0131 oldu\u011funu, \u00e7ocuk ve kad\u0131nlara tecav\u00fcz, kad\u0131na \u015fiddet su\u00e7lar\u0131 ile benzeri su\u00e7larda idam\u0131n \u00e7\u00f6z\u00fcm olmad\u0131\u011f\u0131n\u0131 anlatmak istedi\u011fini s\u00f6yledi\u011fi ifade edildi.<\/p>\n<p>\u0130ddianamede, soru\u015fturmaya konu yaz\u0131da \u00f6rnek g\u00f6sterilen Medine \u015fehrinde \u0130slam Peygamberi&#8217;nin kabrinin bulundu\u011fu, hac ibadeti kapsam\u0131nda ziyaret edildi\u011fi ve t\u00fcm d\u00fcnya M\u00fcsl\u00fcmanlar\u0131nca kutsal bir \u015fehir oldu\u011fu, a\u00e7\u0131k internet kaynaklar\u0131ndan yap\u0131lan ara\u015ft\u0131rmaya g\u00f6re buradaki tecav\u00fcz su\u00e7lar\u0131n\u0131n, d\u00fcnyadaki di\u011fer \u015fehir veya \u00fclkelere nazaran &#8220;tecav\u00fcz rekoru k\u0131rd\u0131\u011f\u0131&#8221; \u015feklinde lanse edilmesini gerektirecek hi\u00e7bir resmi ya da gayri resmi istatistiki veri bulunmad\u0131\u011f\u0131 vurguland\u0131.<\/p>\n<p>Dolay\u0131s\u0131yla M\u00fcsl\u00fcmanlar i\u00e7in kutsal de\u011feri bulunan bu \u015fehrin tecav\u00fcz rekoruna sahip oldu\u011funa dair \u015f\u00fcpheli La\u00e7in taraf\u0131ndan dile getirilen iddian\u0131n, nesnel bir veriye dayanmad\u0131\u011f\u0131 aktar\u0131lan iddianamede, Avrupa \u0130nsan Haklar\u0131 Mahkemesi&#8217;nin kararlar\u0131nda vurguland\u0131\u011f\u0131 \u00fczere \u015fiddet \u00e7a\u011fr\u0131s\u0131 bar\u0131nd\u0131rmasa bile dini de\u011ferlere y\u00f6nelik &#8220;ucuz&#8221; sald\u0131r\u0131lar\u0131n ifade \u00f6zg\u00fcrl\u00fc\u011f\u00fc kapsam\u0131nda korunamayaca\u011f\u0131 ve d\u00fc\u015f\u00fcnce a\u00e7\u0131klan\u0131rken dini de\u011ferlere y\u00f6nelik sayg\u0131s\u0131z tutumlardan ka\u00e7\u0131n\u0131lmas\u0131 gerekti\u011fi ifade edildi.<\/p>\n<p>\u0130ddianamede, bu nedenle \u015f\u00fcpheli La\u00e7in&#8217;in kamuoyuna yans\u0131yan idam tart\u0131\u015fmalar\u0131na hi\u00e7 bir \u015fekilde katk\u0131s\u0131 olmayan, nesnel bir veriye dayanmayan ve b\u00fcy\u00fck tepki alan ifadelerinin de halk\u0131n dini de\u011ferlerini a\u015fa\u011f\u0131lay\u0131c\u0131 ve kamu bar\u0131\u015f\u0131n\u0131 bozmaya elveri\u015fli nitelik ta\u015f\u0131d\u0131\u011f\u0131 aktar\u0131ld\u0131.<\/p>\n<p>\u015e\u00fcpheli La\u00e7in&#8217;in bu \u015fekilde \u00fczerine at\u0131l\u0131 &#8220;halk\u0131n bir kesiminin benimsedi\u011fi dini de\u011ferleri alenen a\u015fa\u011f\u0131lama&#8221; su\u00e7unu i\u015fledi\u011fi kaydedilen iddianamede, 6 aydan 1 y\u0131la kadar hapisle cezaland\u0131r\u0131lmas\u0131 istendi.<\/p>\n<p>\u0130ddianame g\u00f6nderildi\u011fi Anadolu 59. Asliye Ceza Mahkemesi&#8217;nce kabul edildi. \u015e\u00fcpheli La\u00e7in ilerleyen g\u00fcnlerde hakim kar\u015f\u0131s\u0131na \u00e7\u0131kacak.<\/p>\n<!-- Error, Advert is not available at this time due to schedule\/geolocation restrictions! -->\n","protected":false},"excerpt":{"rendered":"<p>Oyuncu Berna La\u00e7in hakk\u0131nda Twitter hesab\u0131ndan yapt\u0131\u011f\u0131 bir payla\u015f\u0131mda &#8216;halk\u0131n bir kesiminin benimsedi\u011fi dini de\u011ferleri alenen a\u015fa\u011f\u0131lama&#8217; su\u00e7unu i\u015fledi\u011fi iddias\u0131yla 1 y\u0131la kadar hapis istemiyle dava a\u00e7\u0131ld\u0131. \u00c7ocuklara y\u00f6nelik cinsel istismar ve \u00f6ld\u00fcrme eylemleri s\u0131ras\u0131nda sosyal medya hesab\u0131nda payla\u015f\u0131mda bulunan oyuncu Berna La\u00e7in hakk\u0131nda, &#8216;halk\u0131n bir kesiminin benimsedi\u011fi dini de\u011ferleri alenen a\u015fa\u011f\u0131lama&#8217; su\u00e7undan 6 aydan &hellip;<\/p>\n","protected":false},"author":4,"featured_media":267734,"comment_status":"open","ping_status":"open","sticky":false,"template":"","format":"standard","meta":{"_acf_changed":false,"footnotes":""},"categories":[6155,6232,5005,349,6805],"tags":[118415,65685,53619,48055],"class_list":["post-267733","post","type-post","status-publish","format-standard","has-post-thumbnail","hentry","category-gundem","category-magazin","category-manset","category-son-dakika","category-turkiye","tag-berna-lacin","tag-idam-cezasi","tag-medine","tag-twitter"],"acf":[],"_links":{"self":[{"href":"https:\/\/www.nationalturk.com\/tr\/wp-json\/wp\/v2\/posts\/267733","targetHints":{"allow":["GET"]}}],"collection":[{"href":"https:\/\/www.nationalturk.com\/tr\/wp-json\/wp\/v2\/posts"}],"about":[{"href":"https:\/\/www.nationalturk.com\/tr\/wp-json\/wp\/v2\/types\/post"}],"author":[{"embeddable":true,"href":"https:\/\/www.nationalturk.com\/tr\/wp-json\/wp\/v2\/users\/4"}],"replies":[{"embeddable":true,"href":"https:\/\/www.nationalturk.com\/tr\/wp-json\/wp\/v2\/comments?post=267733"}],"version-history":[{"count":0,"href":"https:\/\/www.nationalturk.com\/tr\/wp-json\/wp\/v2\/posts\/267733\/revisions"}],"wp:featuredmedia":[{"embeddable":true,"href":"https:\/\/www.nationalturk.com\/tr\/wp-json\/wp\/v2\/media\/267734"}],"wp:attachment":[{"href":"https:\/\/www.nationalturk.com\/tr\/wp-json\/wp\/v2\/media?parent=267733"}],"wp:term":[{"taxonomy":"category","embeddable":true,"href":"https:\/\/www.nationalturk.com\/tr\/wp-json\/wp\/v2\/categories?post=267733"},{"taxonomy":"post_tag","embeddable":true,"href":"https:\/\/www.nationalturk.com\/tr\/wp-json\/wp\/v2\/tags?post=267733"}],"curies":[{"name":"wp","href":"https:\/\/api.w.org\/{rel}","templated":true}]}}