{"id":26783,"date":"2010-06-04T14:17:19","date_gmt":"2010-06-04T12:17:19","guid":{"rendered":"http:\/\/www.nationalturk.com\/?p=26783"},"modified":"2022-08-26T11:37:37","modified_gmt":"2022-08-26T08:37:37","slug":"yildirim-demiroren-besiktas-dergi-siyah-beyaz-taviz-vermedik-2678903","status":"publish","type":"post","link":"https:\/\/www.nationalturk.com\/tr\/yildirim-demiroren-besiktas-dergi-siyah-beyaz-taviz-vermedik-2678903\/","title":{"rendered":"Y\u0131ld\u0131r\u0131m Demir\u00f6ren: Be\u015fikta\u015fl\u0131 duru\u015fumuzdan taviz vermedik"},"content":{"rendered":"<p><strong><a href=\"http:\/\/www.nationalturk.com\/tr\/wp-content\/uploads\/2010\/06\/yildirimdemirorenbjk1.nationalturk.jpg\"><img loading=\"lazy\" decoding=\"async\" class=\"alignleft size-medium wp-image-26789\" title=\"Y\u0131ld\u0131r\u0131m Demir\u00f6renbjk.nationalturk\" src=\"http:\/\/www.nationalturk.com\/tr\/wp-content\/uploads\/2010\/06\/yildirimdemirorenbjk1.nationalturk-e1275653704426-280x189.jpg\" alt=\"\" width=\"280\" height=\"189\" srcset=\"https:\/\/www.nationalturk.com\/tr\/wp-content\/uploads\/2010\/06\/yildirimdemirorenbjk1.nationalturk-e1275653704426-280x189.jpg 280w, https:\/\/www.nationalturk.com\/tr\/wp-content\/uploads\/2010\/06\/yildirimdemirorenbjk1.nationalturk-e1275653704426.jpg 426w\" sizes=\"auto, (max-width: 280px) 100vw, 280px\" \/><\/a>Be\u015fikta\u015f Kul\u00fcb\u00fc Ba\u015fkan\u0131 Y\u0131ld\u0131r\u0131m Demir\u00f6ren, 2009-10 sezonunda t\u00fcm bran\u015flarda \u00e7etin m\u00fccadeleler verdiklerini, baz\u0131lar\u0131nda ba\u015far\u0131 olurken, baz\u0131 bran\u015flarda al\u0131n terlerinin kar\u015f\u0131l\u0131\u011f\u0131n\u0131 alamad\u0131klar\u0131n\u0131, ancak Be\u015fikta\u015fl\u0131 duru\u015flar\u0131ndan asla taviz vermediklerini belirtti.<\/strong><\/p>\n<p>Demir\u00f6ren, kul\u00fcb\u00fcn ayl\u0131k yay\u0131n organ\u0131 Be\u015fikta\u015f Dergisi&#8217;nde yer alan yaz\u0131s\u0131nda, siyah-beyazl\u0131 sporcular\u0131n t\u00fcm bran\u015flarla sahaya emeklerini, al\u0131n terlerini, &#8220;Kartal y\u00fcreklerini&#8221; koyduklar\u0131n\u0131 ve forma a\u015fk\u0131yla yar\u0131\u015ft\u0131klar\u0131n\u0131 belirterek, &#8220;Baz\u0131 bran\u015flarda kul\u00fcb\u00fcm\u00fcz\u00fc ve camiam\u0131z\u0131 gururland\u0131ran ba\u015far\u0131lar elde ettik. Baz\u0131 bran\u015flarda da al\u0131n terimizin kar\u015f\u0131l\u0131\u011f\u0131n\u0131 t\u00fcm kamuoyunun bildi\u011fi etkenler nedeniyle alamad\u0131k, ancak hangi bran\u015fta olursa olsun, Be\u015fikta\u015fl\u0131 duru\u015fumuzdan asla taviz vermedik.<\/p>\n<p>Bizim bundan sonraki sezonlarda da duru\u015fumuz de\u011fi\u015fmeyecek. \u015eampiyonluklar i\u00e7in ba\u015fkalar\u0131n\u0131n hakk\u0131n\u0131 gasp eden bir kul\u00fcp olmayaca\u011f\u0131m\u0131z gibi haklar\u0131m\u0131z i\u00e7in de sonuna kadar masaya yumru\u011fumuzu vuraca\u011f\u0131z&#8221; dedi.\u00a0Hentbol tak\u0131m\u0131n\u0131n, T\u00fcrk hentbolunda tarih yazmaya devam etti\u011fini ve bu sezon da kul\u00fcb\u00fc ba\u015far\u0131yla temsil edecek \u00e7ifte \u015fampiyonlu\u011fa imza att\u0131\u011f\u0131n\u0131 dile getiren Demir\u00f6ren, 6 y\u0131lda 12 kupay\u0131 m\u00fczelerine ta\u015f\u0131yan hentbol tak\u0131m\u0131na, ba\u015far\u0131lar\u0131 ve bu ba\u015far\u0131y\u0131 al\u0131nlar\u0131n\u0131n terleriyle elde ettikleri i\u00e7in te\u015fekk\u00fcr etti.<\/p>\n<p>Bedensel engelliler \u015fubesinin de kul\u00fcp i\u00e7in ayr\u0131 bir gurur kayna\u011f\u0131 oldu\u011funu, Tekerlekli Sandalye Basketbol Tak\u0131m\u0131\u2019n\u0131n, bu y\u0131l Avrupa ikincili\u011fini elde etti\u011fini kaydeden Demir\u00f6ren, &#8220;Onlar\u0131n duru\u015fu, engel tan\u0131mayan Be\u015fikta\u015fl\u0131 duru\u015funun bir yans\u0131mas\u0131d\u0131r&#8221; ifadesini kulland\u0131.<\/p>\n<p>KAMP PROGRAMI BELL\u0130 OLDU<\/p>\n<p>Be\u015fikta\u015f&#8217;\u0131n\u00a0yeni sezon kamp program\u0131 belli oldu. Siyah beyazl\u0131 tak\u0131m\u0131n 2010-2011 sezonu haz\u0131rl\u0131klar\u0131 \u00e7er\u00e7evesinde 26 Haziran &#8211; 10 Temmuz tarihleri aras\u0131nda Avustur&#8217;n\u0131n Pongau B\u00f6lgesi&#8217;ndeki St. Johann Kasabas\u0131&#8217;nda kamp yapaca\u011f\u0131 a\u00e7\u0131kland\u0131.<\/p>\n<p>23 Haziran tarihinde \u0130stanbul&#8217;da toplanacak ve yeni sezonun ilk \u00e7al\u0131\u015fmalar\u0131n\u0131 burada ger\u00e7ekle\u015ftirecek olan Siyah-Beyazl\u0131lar 3 g\u00fcnl\u00fck \u00e7al\u0131\u015fman\u0131n ard\u0131ndan 26 Haziran&#8217;da Avusturya&#8217;ya gidecek. Be\u015fikta\u015f&#8217;\u0131n kamp s\u00fcresince oynayaca\u011f\u0131 haz\u0131rl\u0131k ma\u00e7lar\u0131 program\u0131n\u0131n ise daha sonra a\u00e7\u0131klanaca\u011f\u0131 belirtildi.<\/p>\n<span style=\"font-weight: bold; color: #f00;\">Error, group does not exist! Check your syntax! (ID: 103)<\/span>\n<span style=\"font-weight: bold; color: #f00;\">Error, group does not exist! Check your syntax! (ID: 113)<\/span>\n","protected":false},"excerpt":{"rendered":"<p>Be\u015fikta\u015f Kul\u00fcb\u00fc Ba\u015fkan\u0131 Y\u0131ld\u0131r\u0131m Demir\u00f6ren, 2009-10 sezonunda t\u00fcm bran\u015flarda \u00e7etin m\u00fccadeleler verdiklerini, baz\u0131lar\u0131nda ba\u015far\u0131 olurken, baz\u0131 bran\u015flarda al\u0131n terlerinin kar\u015f\u0131l\u0131\u011f\u0131n\u0131 alamad\u0131klar\u0131n\u0131, ancak Be\u015fikta\u015fl\u0131 duru\u015flar\u0131ndan asla taviz vermediklerini belirtti.<\/p>\n","protected":false},"author":28,"featured_media":191531,"comment_status":"open","ping_status":"open","sticky":false,"template":"","format":"standard","meta":{"_acf_changed":false,"footnotes":""},"categories":[6774,6194],"tags":[29027,29031,29021,29019,29025,1748,25862,29017,21827,29020,29023,29026,29018,8498,23831,29029,2269],"class_list":["post-26783","post","type-post","status-publish","format-standard","has-post-thumbnail","hentry","category-futbol","category-spor","tag-26-haziran-10-temmuz","tag-26-haziran-gidis","tag-6-yilda-12-kupa","tag-alin-teri","tag-bedensel-engelliler-subesi","tag-besiktas","tag-besiktas-baskani-yildirim-demiroren","tag-besiktas-dergisi","tag-besiktas-kulubu","tag-besiktasli-durusu","tag-hentbol-takimi","tag-kamp-programi-belli-oldu","tag-kartal-yurekleri","tag-siyah-beyaz","tag-siyah-beyazli-takim","tag-st-johann-kasabasi","tag-yildirim-demiroren"],"acf":[],"_links":{"self":[{"href":"https:\/\/www.nationalturk.com\/tr\/wp-json\/wp\/v2\/posts\/26783","targetHints":{"allow":["GET"]}}],"collection":[{"href":"https:\/\/www.nationalturk.com\/tr\/wp-json\/wp\/v2\/posts"}],"about":[{"href":"https:\/\/www.nationalturk.com\/tr\/wp-json\/wp\/v2\/types\/post"}],"author":[{"embeddable":true,"href":"https:\/\/www.nationalturk.com\/tr\/wp-json\/wp\/v2\/users\/28"}],"replies":[{"embeddable":true,"href":"https:\/\/www.nationalturk.com\/tr\/wp-json\/wp\/v2\/comments?post=26783"}],"version-history":[{"count":0,"href":"https:\/\/www.nationalturk.com\/tr\/wp-json\/wp\/v2\/posts\/26783\/revisions"}],"wp:featuredmedia":[{"embeddable":true,"href":"https:\/\/www.nationalturk.com\/tr\/wp-json\/wp\/v2\/media\/191531"}],"wp:attachment":[{"href":"https:\/\/www.nationalturk.com\/tr\/wp-json\/wp\/v2\/media?parent=26783"}],"wp:term":[{"taxonomy":"category","embeddable":true,"href":"https:\/\/www.nationalturk.com\/tr\/wp-json\/wp\/v2\/categories?post=26783"},{"taxonomy":"post_tag","embeddable":true,"href":"https:\/\/www.nationalturk.com\/tr\/wp-json\/wp\/v2\/tags?post=26783"}],"curies":[{"name":"wp","href":"https:\/\/api.w.org\/{rel}","templated":true}]}}