{"id":268116,"date":"2018-08-06T10:41:35","date_gmt":"2018-08-06T07:41:35","guid":{"rendered":"http:\/\/www.nationalturk.com\/?p=268116"},"modified":"2018-08-06T10:41:35","modified_gmt":"2018-08-06T07:41:35","slug":"dunyada-yeni-kriz-suudi-arabistan-kanada","status":"publish","type":"post","link":"https:\/\/www.nationalturk.com\/tr\/dunyada-yeni-kriz-suudi-arabistan-kanada\/","title":{"rendered":"D\u00fcnyada yeni kriz: Suudi Arabistan &#8211; Kanada"},"content":{"rendered":"<h2>Suudi Arabistan, i\u00e7i\u015flerine kar\u0131\u015ft\u0131\u011f\u0131 gerek\u00e7esiyle Kanada&#8217;yla t\u00fcm yeni ticaret ve yat\u0131r\u0131m anla\u015fmalar\u0131yla, diplomatik ili\u015fkilerini dondurdu\u011funu a\u00e7\u0131klad\u0131.<\/h2>\n<p>Suudi D\u0131\u015fi\u015fleri Bakanl\u0131\u011f\u0131, bir dizi Twitter mesaj\u0131nda ayr\u0131ca \u00fclkedeki Kanada B\u00fcy\u00fckel\u00e7isini s\u0131n\u0131rd\u0131\u015f\u0131 etti\u011fini ve Kanada&#8217;daki B\u00fcy\u00fckel\u00e7isini geri \u00e7ekti\u011fini duyurdu.<\/p>\n<p>Riyad y\u00f6netiminin bu hamlesi, Kanada&#8217;n\u0131n baz\u0131 insan haklar\u0131 savunucular\u0131n\u0131n g\u00f6zalt\u0131na al\u0131nmas\u0131ndan &#8220;derin kayg\u0131 duyuldu\u011funu&#8221; a\u00e7\u0131klamas\u0131ndan sonra geldi.<\/p>\n<p>G\u00f6zalt\u0131na al\u0131nanlar aras\u0131nda Suudi Arabistan ve ABD vatanda\u015f\u0131 kad\u0131n haklar\u0131 savunucusu Samar Badawi de bulunuyor.<\/p>\n<p>Badawi, Suudi Arabistan&#8217;daki erkek vesayeti sistemine son verilmesi \u00e7a\u011fr\u0131s\u0131 yap\u0131yordu.<\/p>\n<p>Suudi D\u0131\u015fi\u015fleri Bakanl\u0131\u011f\u0131&#8217;n\u0131n a\u00e7\u0131klamas\u0131nda i\u00e7i\u015flerine &#8220;herhangi bir \u015fekilde m\u00fcdahalenin kabul edilmeyece\u011fi&#8221; belirtildi.<\/p>\n<p>A\u00e7\u0131klamada, Kanada D\u0131\u015fi\u015fleri Bakanl\u0131\u011f\u0131&#8217;\u0131n\u0131n ge\u00e7en hafta yapt\u0131\u011f\u0131 sivil toplum ve kad\u0131n haklar\u0131 savunucular\u0131n\u0131n &#8220;derhal serbest b\u0131rak\u0131lmas\u0131&#8221; \u00e7a\u011fr\u0131s\u0131 yapan duyurusuna at\u0131fta bulunuldu.<\/p>\n<p>Suudi Bakanl\u0131k Kanada&#8217;n\u0131n tutumunu &#8220;bir sald\u0131r\u0131&#8221; diye tan\u0131mlarken \u015fu \u00f6nlemlerin al\u0131naca\u011f\u0131n\u0131 bildirdi;<\/p>\n<p>\u0130ki \u00fclke aras\u0131ndaki t\u00fcm yeni ticaret ve yat\u0131r\u0131m i\u015flemlerinin dondurulmas\u0131<br \/>\nKanada B\u00fcy\u00fckel\u00e7isi&#8217;nin istenmeyen adam ilan edilmesi ve 24 saat i\u00e7inde \u00fclkeyi terk etmesi<br \/>\nKanada&#8217;daki Suudi B\u00fcy\u00fckel\u00e7i&#8217;nin geri \u00e7a\u011fr\u0131lmas\u0131<br \/>\nEk \u00f6nlemler alma hakk\u0131n\u0131n sakl\u0131 tutulmas\u0131<br \/>\nKanada h\u00fck\u00fcmeti hen\u00fcz Suudi Arabistan&#8217;\u0131n diplomatik \u00f6nlemleri konusunda bir a\u00e7\u0131klama yapmad\u0131.<\/p>\n<!-- Error, Advert is not available at this time due to schedule\/geolocation restrictions! -->\n","protected":false},"excerpt":{"rendered":"<p>Suudi Arabistan, i\u00e7i\u015flerine kar\u0131\u015ft\u0131\u011f\u0131 gerek\u00e7esiyle Kanada&#8217;yla t\u00fcm yeni ticaret ve yat\u0131r\u0131m anla\u015fmalar\u0131yla, diplomatik ili\u015fkilerini dondurdu\u011funu a\u00e7\u0131klad\u0131. Suudi D\u0131\u015fi\u015fleri Bakanl\u0131\u011f\u0131, bir dizi Twitter mesaj\u0131nda ayr\u0131ca \u00fclkedeki Kanada B\u00fcy\u00fckel\u00e7isini s\u0131n\u0131rd\u0131\u015f\u0131 etti\u011fini ve Kanada&#8217;daki B\u00fcy\u00fckel\u00e7isini geri \u00e7ekti\u011fini duyurdu. Riyad y\u00f6netiminin bu hamlesi, Kanada&#8217;n\u0131n baz\u0131 insan haklar\u0131 savunucular\u0131n\u0131n g\u00f6zalt\u0131na al\u0131nmas\u0131ndan &#8220;derin kayg\u0131 duyuldu\u011funu&#8221; a\u00e7\u0131klamas\u0131ndan sonra geldi. G\u00f6zalt\u0131na al\u0131nanlar aras\u0131nda &hellip;<\/p>\n","protected":false},"author":4,"featured_media":268117,"comment_status":"open","ping_status":"open","sticky":false,"template":"","format":"standard","meta":{"_acf_changed":false,"footnotes":""},"categories":[6665,6155,5005,6772,349],"tags":[12941,4788],"class_list":["post-268116","post","type-post","status-publish","format-standard","has-post-thumbnail","hentry","category-dunya","category-gundem","category-manset","category-ortadogu","category-son-dakika","tag-kanada","tag-suudi-arabistan"],"acf":[],"_links":{"self":[{"href":"https:\/\/www.nationalturk.com\/tr\/wp-json\/wp\/v2\/posts\/268116","targetHints":{"allow":["GET"]}}],"collection":[{"href":"https:\/\/www.nationalturk.com\/tr\/wp-json\/wp\/v2\/posts"}],"about":[{"href":"https:\/\/www.nationalturk.com\/tr\/wp-json\/wp\/v2\/types\/post"}],"author":[{"embeddable":true,"href":"https:\/\/www.nationalturk.com\/tr\/wp-json\/wp\/v2\/users\/4"}],"replies":[{"embeddable":true,"href":"https:\/\/www.nationalturk.com\/tr\/wp-json\/wp\/v2\/comments?post=268116"}],"version-history":[{"count":0,"href":"https:\/\/www.nationalturk.com\/tr\/wp-json\/wp\/v2\/posts\/268116\/revisions"}],"wp:featuredmedia":[{"embeddable":true,"href":"https:\/\/www.nationalturk.com\/tr\/wp-json\/wp\/v2\/media\/268117"}],"wp:attachment":[{"href":"https:\/\/www.nationalturk.com\/tr\/wp-json\/wp\/v2\/media?parent=268116"}],"wp:term":[{"taxonomy":"category","embeddable":true,"href":"https:\/\/www.nationalturk.com\/tr\/wp-json\/wp\/v2\/categories?post=268116"},{"taxonomy":"post_tag","embeddable":true,"href":"https:\/\/www.nationalturk.com\/tr\/wp-json\/wp\/v2\/tags?post=268116"}],"curies":[{"name":"wp","href":"https:\/\/api.w.org\/{rel}","templated":true}]}}