{"id":268717,"date":"2018-08-28T15:12:00","date_gmt":"2018-08-28T12:12:00","guid":{"rendered":"http:\/\/www.nationalturk.com\/?p=268717"},"modified":"2022-10-07T13:17:51","modified_gmt":"2022-10-07T10:17:51","slug":"almanya-basbakani-merkelden-sosyal-medyada-buyuk-gaf","status":"publish","type":"post","link":"https:\/\/www.nationalturk.com\/tr\/almanya-basbakani-merkelden-sosyal-medyada-buyuk-gaf\/","title":{"rendered":"Almanya Ba\u015fbakan\u0131 Merkel&#8217;den sosyal medyada b\u00fcy\u00fck gaf!"},"content":{"rendered":"<p><img loading=\"lazy\" decoding=\"async\" src=\"http:\/\/www.nationalturk.com\/tr\/wp-content\/uploads\/2018\/08\/alman-basbakan-merkel-sosyal-medyada-buyuk-gaf-yapti.jpg\" alt=\"Almanya Ba\u015fbakan\u0131 Merkel&#039;den sosyal medyada b\u00fcy\u00fck gaf! \" width=\"740\" height=\"440\" class=\"alignnone size-full wp-image-268718\" title=\"\"><\/p>\n<h2>Almanya Ba\u015fbakan\u0131 Angela Merkel&#8217;den sosyal medyada b\u00fcy\u00fck gaf yapt\u0131. Merkel, Da\u011fl\u0131k Karaba\u011f nedeniyle y\u0131llard\u0131r anla\u015fmazl\u0131k ya\u015fayan Azerbaycan ile Ermenistan&#8217;\u0131 kar\u0131\u015ft\u0131rd\u0131. Ba\u015fbakan, Instagram hesab\u0131nda Ermenistan&#8217;\u0131n ba\u015fkenti Erivan&#8217;\u0131n g\u00f6r\u00fcnt\u00fcs\u00fcn\u00fcn yer ald\u0131\u011f\u0131 hikayesiyle birlikte &#8216;Azerbaycan&#8217;dan g\u00fcnayd\u0131n&#8217; mesaj\u0131 payla\u015ft\u0131.<\/h2>\n<p>Almanya Ba\u015fbakan\u0131 Angela Merkel, G\u00fcney Kafkasya ziyareti s\u0131ras\u0131nda b\u00fcy\u00fck bir gafa imza att\u0131. Merkel, Da\u011fl\u0131k Karaba\u011f nedeniyle y\u0131llard\u0131r s\u00fcren bir anla\u015fmazl\u0131k ya\u015fayan Azerbaycan ile Ermenistan&#8217;\u0131 kar\u0131\u015ft\u0131rd\u0131. Ba\u015fbakan, Instagram hesab\u0131nda Ermenistan&#8217;\u0131n ba\u015fkenti Erivan&#8217;\u0131n g\u00f6r\u00fcnt\u00fcs\u00fcn\u00fcn yer ald\u0131\u011f\u0131 hikayesiyle birlikte &#8216;Azerbaycan&#8217;dan g\u00fcnayd\u0131n&#8217; mesaj\u0131 payla\u015ft\u0131.<\/p>\n<h3>Almanya Ba\u015fbakan\u0131 Merkel&#8217;den sosyal medyada b\u00fcy\u00fck gaf<\/h3>\n<p>Almanya Ba\u015fbakan\u0131 Merkel&#8217;in, G\u00fcney Kafkasya \u00fclkeleri turu kapsam\u0131nda G\u00fcrcistan ve Ermenistan&#8217;dan sonraki dura\u011f\u0131 Azerbaycan oldu.<\/p>\n<p><img loading=\"lazy\" decoding=\"async\" src=\"http:\/\/www.nationalturk.com\/tr\/wp-content\/uploads\/2018\/08\/almanya-basbakani-merkel-buyuk-gaf.jpg\" alt=\"Merkel&#039;den sosyal medyada b\u00fcy\u00fck gaf!\" width=\"770\" height=\"433\" class=\"alignnone size-full wp-image-268719\" title=\"\"><\/p>\n<p>Alman lider Merkel, Azerbaycan&#8217;\u0131n ba\u015fkenti Bak\u00fc&#8217;den bir hikaye payla\u015ft\u0131. Fakat hikayesinde &#8216;G\u00fcnayd\u0131n Azerbaycan. Kafkasya ziyaretimin 3. g\u00fcn\u00fc&#8217; diye seslenen Merkel, bir gaf yapt\u0131. Zira hikayedeki g\u00f6r\u00fcnt\u00fc Azerbaycan&#8217;dan de\u011fil, Ermenistan&#8217;\u0131n ba\u015fkenti Erivan&#8217;dand\u0131.<\/p>\n<p>Da\u011fl\u0131k Karaba\u011f y\u00fcz\u00fcnden y\u0131llard\u0131r s\u00fcren bir anla\u015fmazl\u0131k ya\u015fayan iki \u00fclke konusunda b\u00f6yle bir gaf yap\u0131lmas\u0131 kullan\u0131c\u0131lar\u0131n dikkatinden ka\u00e7mad\u0131.<\/p>\n<!-- Error, Advert is not available at this time due to schedule\/geolocation restrictions! -->\n","protected":false},"excerpt":{"rendered":"<p>Almanya Ba\u015fbakan\u0131 Angela Merkel&#8217;den sosyal medyada b\u00fcy\u00fck gaf yapt\u0131. Merkel, Da\u011fl\u0131k Karaba\u011f nedeniyle y\u0131llard\u0131r anla\u015fmazl\u0131k ya\u015fayan Azerbaycan ile Ermenistan&#8217;\u0131 kar\u0131\u015ft\u0131rd\u0131. Ba\u015fbakan, Instagram hesab\u0131nda Ermenistan&#8217;\u0131n ba\u015fkenti Erivan&#8217;\u0131n g\u00f6r\u00fcnt\u00fcs\u00fcn\u00fcn yer ald\u0131\u011f\u0131 hikayesiyle birlikte &#8216;Azerbaycan&#8217;dan g\u00fcnayd\u0131n&#8217; mesaj\u0131 payla\u015ft\u0131. Almanya Ba\u015fbakan\u0131 Angela Merkel, G\u00fcney Kafkasya ziyareti s\u0131ras\u0131nda b\u00fcy\u00fck bir gafa imza att\u0131. Merkel, Da\u011fl\u0131k Karaba\u011f nedeniyle y\u0131llard\u0131r s\u00fcren bir &hellip;<\/p>\n","protected":false},"author":9192198,"featured_media":0,"comment_status":"open","ping_status":"open","sticky":false,"template":"","format":"standard","meta":{"_acf_changed":false,"footnotes":""},"categories":[6770,763,5005],"tags":[105761,2517,1958,39858,3508],"class_list":["post-268717","post","type-post","status-publish","format-standard","has-post-thumbnail","hentry","category-avrupa","category-gunun-olayi","category-manset","tag-almanya-basbakani","tag-angela-merkel","tag-azerbaycan","tag-baku","tag-erivan"],"acf":[],"_links":{"self":[{"href":"https:\/\/www.nationalturk.com\/tr\/wp-json\/wp\/v2\/posts\/268717","targetHints":{"allow":["GET"]}}],"collection":[{"href":"https:\/\/www.nationalturk.com\/tr\/wp-json\/wp\/v2\/posts"}],"about":[{"href":"https:\/\/www.nationalturk.com\/tr\/wp-json\/wp\/v2\/types\/post"}],"author":[{"embeddable":true,"href":"https:\/\/www.nationalturk.com\/tr\/wp-json\/wp\/v2\/users\/9192198"}],"replies":[{"embeddable":true,"href":"https:\/\/www.nationalturk.com\/tr\/wp-json\/wp\/v2\/comments?post=268717"}],"version-history":[{"count":0,"href":"https:\/\/www.nationalturk.com\/tr\/wp-json\/wp\/v2\/posts\/268717\/revisions"}],"wp:attachment":[{"href":"https:\/\/www.nationalturk.com\/tr\/wp-json\/wp\/v2\/media?parent=268717"}],"wp:term":[{"taxonomy":"category","embeddable":true,"href":"https:\/\/www.nationalturk.com\/tr\/wp-json\/wp\/v2\/categories?post=268717"},{"taxonomy":"post_tag","embeddable":true,"href":"https:\/\/www.nationalturk.com\/tr\/wp-json\/wp\/v2\/tags?post=268717"}],"curies":[{"name":"wp","href":"https:\/\/api.w.org\/{rel}","templated":true}]}}