{"id":268765,"date":"2018-08-29T17:16:34","date_gmt":"2018-08-29T14:16:34","guid":{"rendered":"http:\/\/www.nationalturk.com\/?p=268765"},"modified":"2018-08-29T17:16:34","modified_gmt":"2018-08-29T14:16:34","slug":"ab-reform-eylem-grubu-toplantisi-sonrasi-dort-bakan-ortak-aciklama-yapti","status":"publish","type":"post","link":"https:\/\/www.nationalturk.com\/tr\/ab-reform-eylem-grubu-toplantisi-sonrasi-dort-bakan-ortak-aciklama-yapti\/","title":{"rendered":"AB Reform Eylem Grubu Toplant\u0131s\u0131 sonras\u0131 d\u00f6rt bakan ortak a\u00e7\u0131klama yapt\u0131"},"content":{"rendered":"<p><img loading=\"lazy\" decoding=\"async\" src=\"http:\/\/www.nationalturk.com\/tr\/wp-content\/uploads\/2018\/08\/ab-reform-eylem-grubu-toplantisi-dort-bakan.jpg\" alt=\"AB Reform Eylem Grubu Toplant\u0131s\u0131 sonras\u0131 d\u00f6rt bakan ortak a\u00e7\u0131klama yapt\u0131\" width=\"780\" height=\"411\" class=\"alignnone size-full wp-image-268766\" title=\"\"><\/p>\n<h2>AB Reform Eylem Grubu toplant\u0131s\u0131na ili\u015fkin D\u0131\u015fi\u015fleri Bakan\u0131 Mevl\u00fct \u00c7avu\u015fo\u011flu, Adalet Bakan\u0131 Abd\u00fclhamit G\u00fcl, Hazine ve Maliye Bakan\u0131 Berat Albayrak ve \u0130\u00e7i\u015fleri Bakan\u0131 S\u00fcleyman Soylu ortak a\u00e7\u0131klama yapt\u0131.<\/h2>\n<p>D\u0131\u015fi\u015fleri Bakan\u0131 Mevl\u00fct \u00c7avu\u015fo\u011flu, vize serbestisi konusunda 7 kriter oldu\u011funu, \u015fu an 6 kritere d\u00fc\u015ft\u00fc\u011f\u00fcn\u00fc a\u00e7\u0131klad\u0131 ve &#8220;Vize serbestisi gibi haklar\u0131 almak istiyoruz. Bu konudaki t\u00fcm \u00e7abalar\u0131n kar\u015f\u0131l\u0131\u011f\u0131n\u0131 almay\u0131, siyasi engellerin \u00e7\u0131kar\u0131lmas\u0131n\u0131 istemiyoruz.&#8221; dedi.<\/p>\n<p>Adalet Bakan\u0131 Abd\u00fclhhamit G\u00fcl, konu\u015fmas\u0131nda &#8220;Daha g\u00fc\u00e7l\u00fc demokrasi daha g\u00fc\u00e7l\u00fc \u00f6zg\u00fcrl\u00fck demektir. Yarg\u0131ya g\u00fcvenin artaca\u011f\u0131 ve h\u0131zlanaca\u011f\u0131 d\u00f6nem olacakt\u0131r \u00f6n\u00fcm\u00fczdeki d\u00f6nem&#8221; ifadelerini kulland\u0131. &#8220;2019 y\u0131l\u0131 T\u00fcrkiye ekonomisi a\u00e7\u0131s\u0131ndan \u00e7ok daha g\u00fc\u00e7l\u00fc bir y\u0131l olacak.&#8221; diyen Hazine ve Maliye Bakan\u0131 Berat Albayrak, temel hedefimiz olan enflasyonla m\u00fccadele konusunda \u00e7ok daha fazla sorumluluk al\u0131p h\u00fck\u00fcmet olarak g\u00fc\u00e7l\u00fc mali politikalarla gerek Merkez Bankas\u0131 gerek t\u00fcm payda\u015flar\u0131m\u0131zla birlikte 2019 y\u0131l\u0131 enflasyonla m\u00fccadelede \u00e7ok g\u00fc\u00e7l\u00fc bir y\u0131l olacak&#8221; diye konu\u015ftu.<\/p>\n<h3>D\u00f6rt bakandan ortak a\u00e7\u0131klama<\/h3>\n<p>D\u0131\u015fi\u015fleri Bakan\u0131 Mevl\u00fct \u00c7avu\u015fo\u011flu, Adalet Bakan\u0131 Abdulhamit G\u00fcl, Hazine ve Maliye Bakan\u0131 Berat Albayrak ile \u0130\u00e7i\u015fleri Bakan\u0131 S\u00fcleyman Soylu\u2019nun kat\u0131l\u0131m\u0131yla 4. Reform Eylem Grubu Toplant\u0131s\u0131 ger\u00e7ekle\u015ftirildi.<\/p>\n<p>D\u0131\u015fi\u015fleri Bakanl\u0131\u011f\u0131 Avrupa Birli\u011fi Ba\u015fkanl\u0131\u011f\u0131\u2019nda d\u00fczenlenen Cumhurba\u015fkanl\u0131\u011f\u0131 H\u00fck\u00fcmet Sistemi\u2019nin ilk Reform Eylem Grubu (REG) Toplant\u0131s\u0131nda Avrupa Birli\u011fi (AB) ile ili\u015fkilerin her alanda canland\u0131r\u0131lmas\u0131 ve siyasi reform s\u00fcreci ele al\u0131nd\u0131.<\/p>\n<p>AB\u2019ye kat\u0131l\u0131m s\u00fcrecinde siyasi kriterler, Yarg\u0131 ve Temel Haklar ile Adalet, \u00d6zg\u00fcrl\u00fck ve G\u00fcvenlik Fas\u0131llar\u0131 kapsam\u0131nda reformlar\u0131n en \u00fcst d\u00fczeyde takip edilebilmesi ve reformlar\u0131n etkin bir \u015fekilde uygulanmas\u0131n\u0131 sa\u011flamak amac\u0131yla toplam 30 Reform \u0130zleme Grubu ve sonras\u0131nda yeni ismiyle 3 Reform Eylem Grubu Toplant\u0131s\u0131 d\u00fczenlenmi\u015fti.<\/p>\n<p>Siyasi reform \u00f6nerilerinin haz\u0131rlanmas\u0131 ve uygulamaya yans\u0131t\u0131lmas\u0131 a\u015famalar\u0131nda aktif rol oynayan REG toplant\u0131lar\u0131n\u0131n ilki, 8 Kas\u0131m 2014, ikincisi 20 \u015eubat 2015 ve \u00fc\u00e7\u00fcnc\u00fcs\u00fc 11 Aral\u0131k 2015 tarihlerinde yap\u0131lm\u0131\u015ft\u0131.<\/p>\n<h4>\u201cAvrupa Konseyi ile daha yak\u0131n ad\u0131mlar ataca\u011f\u0131z&#8221;<\/h4>\n<p>Reform Eylem Grubu toplant\u0131s\u0131n\u0131n ard\u0131ndan a\u00e7\u0131klama yapan 4 bakan\u0131n konu\u015fmalar\u0131ndan sat\u0131r ba\u015flar\u0131 \u015f\u00f6yle:<\/p>\n<p>D\u0131\u015fi\u015fleri Bakan\u0131 Mevl\u00fct \u00c7avu\u015fo\u011flu, vize serbestisi konusunda 7 kriter oldu\u011funu, \u015fu an 6 kritere d\u00fc\u015ft\u00fc\u011f\u00fcn\u00fc a\u00e7\u0131klad\u0131. \u00c7avu\u015fo\u011flu \u00f6zetle \u015funlar\u0131 s\u00f6yledi:<\/p>\n<p>\u00d6n\u00fcm\u00fczdeki s\u00fcre\u00e7te Avrupa Konseyi ile daha yak\u0131n ad\u0131mlar ataca\u011f\u0131z. \u0130\u015fbirli\u011fi iki taraf\u0131nda yarar\u0131na olmu\u015ftur. G\u00fcmr\u00fck birli\u011fi m\u00fczakerelerinin yeniden ba\u015flat\u0131lmas\u0131 ile ilgili \u00e7al\u0131\u015fmalar\u0131m\u0131z\u0131 Hazine ve Maliye Bakan\u0131m\u0131z ve bizler s\u00fcrd\u00fcr\u00fcyoruz. AB kurumlar\u0131 ve komiserlerle \u00e7al\u0131\u015fmay\u0131 s\u00fcrd\u00fcr\u00fcyoruz. 6 kriter kald\u0131. Bunlarla ilgili \u00e7al\u0131\u015f\u0131yoruz.Sadece parlamenter meclis de\u011fil insan haklar\u0131 dahil yak\u0131n ili\u015fkilerimiz var.<\/p>\n<p>Vize serbestisi gibi haklar\u0131 almak istiyoruz. Bu konudaki t\u00fcm \u00e7abalar\u0131n kar\u015f\u0131l\u0131\u011f\u0131n\u0131 almay\u0131, siyasi engellerin \u00e7\u0131kar\u0131lmas\u0131n\u0131 istemiyoruz. AB \u00fcyelerinden son zamanlarda gelen desteklerden bunu istiyoruz.<\/p>\n<p>PKK, PYD, FET\u00d6 gibi konularda daha fazla destek vermeliler. Bu konularda i\u015fbirli\u011fi bekliyoruz. AB\u2019den ter\u00f6rle m\u00fccadelede daha fazla destek vermesini istiyoruz. \u0130\u015fbirli\u011fi bekliyoruz. \u00c7al\u0131\u015fmalar\u0131m\u0131z\u0131 ilgili kurumlarla s\u00fcrd\u00fcrece\u011fiz. AB y\u00fcksek diyalog toplant\u0131lar\u0131m\u0131z var. Bu toplant\u0131lar\u0131 ilgili bakan ve komiserlerle hayata ge\u00e7irece\u011fiz. Evrensel normlar\u0131 esas almaya devam edce\u011fiz. AB\u2019ye \u00fcye olal\u0131m olmayal\u0131m reform AK Parti h\u00fck\u00fcmetinin \u00f6nceli\u011fi olmu\u015ftur. Yeni h\u00fck\u00fcmet sisteminde de reformlar \u00f6ncelik olmu\u015ftur.<\/p>\n<h5>G\u00fcl: Daha g\u00fc\u00e7l\u00fc demokrasi daha g\u00fc\u00e7l\u00fc \u00f6zg\u00fcrl\u00fck demek<\/h5>\n<p>Adalet Bakan\u0131 Abd\u00fclhhamit G\u00fcl ise konu\u015fmas\u0131nda \u015funlar\u0131 s\u00f6yledi:<\/p>\n<p>Erdo\u011fan liderli\u011finde AK Parti h\u00fck\u00fcmetinin reformcu kimli\u011fi malumdur. Son zamanlarda yap\u0131lacak 100 g\u00fcnl\u00fck eylem plan\u0131m\u0131za bak\u0131l\u0131nca da AB ile uyum s\u00fcreci ile ilgili \u00f6nemli kararlar al\u0131nd\u0131. Adalet Bakanl\u0131\u011f\u0131 olarak AB ve A\u0130HM nezdinde her t\u00fcrl\u00fc projelerle, i\u015fbirli\u011fi ve diyaloglarla \u00e7ok \u00f6nemli i\u015fbirli\u011fimiz oldu\u011fu ortadad\u0131r. Daha g\u00fc\u00e7l\u00fc demokrasi daha g\u00fc\u00e7l\u00fc \u00f6zg\u00fcrl\u00fck demektir. Yarg\u0131ya g\u00fcvenin artaca\u011f\u0131 ve h\u0131zlanaca\u011f\u0131 d\u00f6nem olacakt\u0131r \u00f6n\u00fcm\u00fczdeki d\u00f6nem.<\/p>\n<p>Bu hafta pilot uygulamalara ba\u015flayaca\u011f\u0131z. Yarg\u0131 reformu strateji belgemizi Kas\u0131m ay\u0131nda yenilemeyi kararla\u015ft\u0131rd\u0131k. AB ile diyaloglar\u0131 s\u00fcrd\u00fcrerek bu ortak \u00e7al\u0131\u015fmalar\u0131 s\u00fcrd\u00fcrece\u011fiz. Daha fazla \u00f6zg\u00fcrl\u00fck ve insan haklar\u0131n\u0131 olu\u015fturacak \u00e7al\u0131\u015fmalar\u0131 ger\u00e7ekle\u015ftirece\u011fiz.<\/p>\n<p>Eylem plan\u0131n\u0131 g\u00fcncelleyece\u011fiz. OHAL komisyonunun yapt\u0131\u011f\u0131 i\u015flemler biim \u00e7ok \u00f6nem verdi\u011fimiz konu. Bunu da AB ile birlikte yap\u0131yoruz. Bu s\u00fcrede AB ile ili\u015fkileri geli\u015ftirmeyi umuyoruz.Daha fazla \u00f6zg\u00fcrl\u00fck daha fazla insan haklar\u0131 \u00e7al\u0131\u015fmas\u0131 yapaca\u011f\u0131z. Avrupa \u0130nsan Haklar\u0131 \u00e7er\u00e7evesinde h\u00fck\u00fcmetimizin ortaya koydu\u011fu revizeler ger\u00e7ekle\u015ftirilecek, bunu ev \u00f6devi haline getirdik.<\/p>\n<h5>Berat Albayrak: 2019 ekonomik a\u00e7\u0131dan daha g\u00fc\u00e7l\u00fc bir y\u0131l olacak<\/h5>\n<p>Adalet Bakan\u0131 G\u00fcl\u2019\u00fcn ard\u0131ndan konu\u015fan Hazine ve Maliye Bakan\u0131 Berat Albayrak&#8217;\u0131n konu\u015fmas\u0131ndan sat\u0131r ba\u015flar\u0131 \u015f\u00f6yle:<\/p>\n<p>\u00c7ok tarihi bir s\u00fcre\u00e7, \u00f6nemli bir zaman. \u00d6nemli bir toplant\u0131 olarak ortaya \u00e7\u0131kt\u0131. Toplant\u0131 konusunda bakan\u0131m\u0131z da bahsetti. G\u00fcmr\u00fck Birli\u011fi ve vize serbestisi konular\u0131n\u0131n konu\u015fuldu\u011fu verimli bir toplant\u0131 oldu. Hem vize serbestisi olsun hem AB \u00fcyeli\u011fi konusu olsun, verimli bir toplant\u0131 oldu.<\/p>\n<p>10 A\u011fustos tarihi ile ekonomimiz hedef al\u0131nd\u0131. Gerginlik en \u00fcst seviyeye \u00e7\u0131kt\u0131. AB, Almanya ve Fransa ba\u015fta olmak \u00fczere m\u00fcttefiklik ruhuna uygun a\u00e7\u0131klamalar geldi. Bundan sonraki s\u00fcre\u00e7te bu toplant\u0131lar\u0131n ehemmiyetini \u00e7ok farkl\u0131 de\u011ferlendirmemiz gerekilen bir s\u00fcre\u00e7. ABD\u2019nin yapt\u0131r\u0131mlar\u0131 sonras\u0131 \u00fclkemiz ekonomik anlamda \u00e7ok fazla sald\u0131r\u0131ya u\u011frayan bir konumda yer ald\u0131. Fransa, Almanya gibi \u00fclkelerin siyasi deste\u011fini ald\u0131k. T\u00fcrkiye\u2019nin ekonomik g\u00f6stergeleriyle a\u00e7\u0131klanamayacak, bir\u00e7ok kesimin mutab\u0131k kald\u0131\u011f\u0131n\u0131 g\u00f6rd\u00fck.<\/p>\n<p>Finans \u00e7evreleri ile yapt\u0131\u011f\u0131m\u0131z \u00e7al\u0131\u015fmalarla T\u00fcrkiye\u2019nin ekonomik ger\u00e7ekleri ile a\u00e7\u0131klanamayacak siyasi bir \u015fey oldu\u011funu g\u00f6rd\u00fck. Bankalar\u0131m\u0131zla birlikte reel ad\u0131mlar atmaya ba\u015flad\u0131k. Bu vesile ile bug\u00fcn a\u00e7\u0131klanan ithalat ve ihracat rakamlar\u0131 olduk\u00e7a pozitif de\u011ferler ortaya koydu. Ge\u00e7ti\u011fimiz y\u0131l\u0131n d\u0131\u015f ticaret a\u00e7\u0131\u011f\u0131ndan y\u00fczde 33 gerileme g\u00f6r\u00fcyoruz. Bu \u00f6nemli. Cari a\u00e7\u0131\u011f\u0131m\u0131zdaki iyile\u015fme ekonomik dengelenme stratejimiz, realize olmaya ba\u015flad\u0131.<\/p>\n<p>Cari a\u00e7\u0131\u011f\u0131n d\u00fc\u015fmesinin yan\u0131nda finansal iyile\u015fme a\u00e7\u0131s\u0131ndan baz\u0131 geli\u015fmeler de oluyor ve olacak. Vergi bar\u0131\u015f\u0131, bedelli askerlik, imar bar\u0131\u015f\u0131 a\u00e7\u0131s\u0131ndan beklentinin \u00fczerinde gelir elde edildi. 5.5 milyon m\u00fckellefimizden, 60 milyardan fazla rakama ula\u015f\u0131ld\u0131.Bankalar\u0131m\u0131z ve reel sekt\u00f6r\u00fcm\u00fczle birlikte ortak ad\u0131mlar atmaya ba\u015flad\u0131k. Bug\u00fcn a\u00e7\u0131klanan ihracat ve ithalat rakamlar\u0131 olduk\u00e7a pozitif bir g\u00f6sterge ortaya koydu. T\u00fcrk ekonomisinin en \u00f6nemli sorunlar\u0131ndan biri olan cari a\u00e7\u0131\u011f\u0131 azaltma en \u00f6nemli hedeflerimizden biridir. Kamuda ba\u015flatt\u0131\u011f\u0131m\u0131z tasarrufta iyile\u015fme g\u00f6r\u00fcyoruz, g\u00f6rece\u011fiz.<\/p>\n<p>Ekonomik dengelenme hedefimiz \u00e7er\u00e7evesinde temel hedefimiz olan enflasyonla m\u00fccadele konusunda \u00e7ok daha fazla sorumluluk al\u0131p h\u00fck\u00fcmet olarak g\u00fc\u00e7l\u00fc mali politikalarla gerek Merkez Bankas\u0131 gerek t\u00fcm payda\u015flar\u0131m\u0131zla birlikte 2019 y\u0131l\u0131 enflasyonla m\u00fccadelede \u00e7ok g\u00fc\u00e7l\u00fc bir y\u0131l olacak. 2019 y\u0131l\u0131 T\u00fcrkiye ekonomisi a\u00e7\u0131s\u0131ndan \u00e7ok daha g\u00fc\u00e7l\u00fc bir y\u0131l olacak.<\/p>\n<h6>\u0130\u00e7i\u015fleri Bakan\u0131 S\u00fcleyman Soylu&#8217;nun sat\u0131r ba\u015flar\u0131:<\/h6>\n<p>Bu toplant\u0131 \u00fclkemizin reform iradesini teyit etmektedir. \u0130\u00e7erideki toplant\u0131da da \u00f6zellikle \u00e7ok olumlu bir hava olu\u015fmu\u015ftur. Bundan da etkilendi\u011fimizi ifade etmek isterim.<\/p>\n<p>T\u00fcrkiye AB hedeflerini yerine getirmeye \u00e7al\u0131\u015f\u0131rken di\u011fer tarafta ter\u00f6rle m\u00fccadele etmektedir.<\/p>\n<p>T\u00fcrkiye s\u0131n\u0131r g\u00fcvenli\u011fi konusunda \u00f6nemli ad\u0131mlar atm\u0131\u015ft\u0131r.<\/p>\n<p>B\u00fct\u00fcn bunlarla birlikte hem uyu\u015fturucu hem de organize su\u00e7larla m\u00fccadelesine devam etmi\u015ftir.<\/p>\n<p>T\u00fcrkiye bu m\u00fccadelesini s\u00fcrd\u00fcrmese inan\u0131yoruz ki Avrupa ciddi bir tehdit alt\u0131nda kalacakt\u0131r.<\/p>\n<!-- Error, Advert is not available at this time due to schedule\/geolocation restrictions! -->\n","protected":false},"excerpt":{"rendered":"<p>AB Reform Eylem Grubu toplant\u0131s\u0131na ili\u015fkin D\u0131\u015fi\u015fleri Bakan\u0131 Mevl\u00fct \u00c7avu\u015fo\u011flu, Adalet Bakan\u0131 Abd\u00fclhamit G\u00fcl, Hazine ve Maliye Bakan\u0131 Berat Albayrak ve \u0130\u00e7i\u015fleri Bakan\u0131 S\u00fcleyman Soylu ortak a\u00e7\u0131klama yapt\u0131. D\u0131\u015fi\u015fleri Bakan\u0131 Mevl\u00fct \u00c7avu\u015fo\u011flu, vize serbestisi konusunda 7 kriter oldu\u011funu, \u015fu an 6 kritere d\u00fc\u015ft\u00fc\u011f\u00fcn\u00fc a\u00e7\u0131klad\u0131 ve &#8220;Vize serbestisi gibi haklar\u0131 almak istiyoruz. Bu konudaki t\u00fcm \u00e7abalar\u0131n &hellip;<\/p>\n","protected":false},"author":9192198,"featured_media":0,"comment_status":"open","ping_status":"open","sticky":false,"template":"","format":"standard","meta":{"_acf_changed":false,"footnotes":""},"categories":[763,5005,349,6805],"tags":[4067,216833,33079,180979,218320,215688,204950],"class_list":["post-268765","post","type-post","status-publish","format-standard","has-post-thumbnail","hentry","category-gunun-olayi","category-manset","category-son-dakika","category-turkiye","tag-ab","tag-adalet-bakani-abdulhamit-gul","tag-avrupa-konseyi","tag-disisleri-bakani-mevlut-cavusoglu","tag-hazine-ve-maliye-bakani-berat-albayrak","tag-icisleri-bakani-suleyman-soylu","tag-vize-serbestisi"],"acf":[],"_links":{"self":[{"href":"https:\/\/www.nationalturk.com\/tr\/wp-json\/wp\/v2\/posts\/268765","targetHints":{"allow":["GET"]}}],"collection":[{"href":"https:\/\/www.nationalturk.com\/tr\/wp-json\/wp\/v2\/posts"}],"about":[{"href":"https:\/\/www.nationalturk.com\/tr\/wp-json\/wp\/v2\/types\/post"}],"author":[{"embeddable":true,"href":"https:\/\/www.nationalturk.com\/tr\/wp-json\/wp\/v2\/users\/9192198"}],"replies":[{"embeddable":true,"href":"https:\/\/www.nationalturk.com\/tr\/wp-json\/wp\/v2\/comments?post=268765"}],"version-history":[{"count":0,"href":"https:\/\/www.nationalturk.com\/tr\/wp-json\/wp\/v2\/posts\/268765\/revisions"}],"wp:attachment":[{"href":"https:\/\/www.nationalturk.com\/tr\/wp-json\/wp\/v2\/media?parent=268765"}],"wp:term":[{"taxonomy":"category","embeddable":true,"href":"https:\/\/www.nationalturk.com\/tr\/wp-json\/wp\/v2\/categories?post=268765"},{"taxonomy":"post_tag","embeddable":true,"href":"https:\/\/www.nationalturk.com\/tr\/wp-json\/wp\/v2\/tags?post=268765"}],"curies":[{"name":"wp","href":"https:\/\/api.w.org\/{rel}","templated":true}]}}