{"id":268887,"date":"2018-09-03T10:18:59","date_gmt":"2018-09-03T07:18:59","guid":{"rendered":"http:\/\/www.nationalturk.com\/?p=268887"},"modified":"2018-09-03T10:18:59","modified_gmt":"2018-09-03T07:18:59","slug":"son-dakika-enflasyon-rakamlari-aciklandi-5","status":"publish","type":"post","link":"https:\/\/www.nationalturk.com\/tr\/son-dakika-enflasyon-rakamlari-aciklandi-5\/","title":{"rendered":"Son dakika&#8230; Enflasyon rakamlar\u0131 a\u00e7\u0131kland\u0131!"},"content":{"rendered":"<p><img loading=\"lazy\" decoding=\"async\" src=\"http:\/\/www.nationalturk.com\/tr\/wp-content\/uploads\/2018\/08\/son-dakika-yatay.jpg\" alt=\"Son dakika... Enflasyon rakamlar\u0131 a\u00e7\u0131kland\u0131!\" width=\"750\" height=\"408\" class=\"alignnone size-full wp-image-268790\" title=\"\"><\/p>\n<h2>A\u011fustos ay\u0131 enflasyon rakamlar\u0131 T\u00fcrkiye \u0130statistik Kurumu taraf\u0131ndan a\u00e7\u0131kland\u0131. Enflasyon, A\u011fustos ay\u0131nda bir \u00f6nceki aya g\u00f6re y\u00fczde 2.30 artarken, y\u0131ll\u0131k enflasyon y\u00fczde 17,90 oldu.<\/h2>\n<p>T\u00fcrkiye \u0130statistik Kurumu A\u011fustos ay\u0131 enflasyon rakamlar\u0131n\u0131 a\u00e7\u0131klad\u0131. A\u011fustos ay\u0131nda enflasyon bir \u00f6nceki aya g\u00f6re y\u00fczde 2.30 y\u00fckselirken, y\u0131ll\u0131k enflasyon y\u00fczde 17,90 oldu.<\/p>\n<p>Ekonomistler, A\u011fustos ay\u0131nda enflasyonun y\u00fczde 2.15 artmas\u0131n\u0131 beklerken, 2018 y\u0131l\u0131nda ise enflasyonun y\u00fczde 17.95&#8217;e \u00e7\u0131kaca\u011f\u0131n\u0131 tahmin ediyordu. Temmuz ay\u0131nda a\u00e7\u0131klanan y\u0131ll\u0131k enflasyon ise y\u00fczde 15.85 seviyesindeydi.<\/p>\n<h3>Son dakika&#8230; Enflasyon rakamlar\u0131 a\u00e7\u0131kland\u0131!<\/h3>\n<p>Enflasyon verisi \u00f6ncesi 6.71 TL seviyesi \u00fczerinde hareket eden dolar TL, verinin a\u00e7\u0131klamas\u0131ndan sonra 6.64 seviyesine kadar geriledi.<\/p>\n<h4>En y\u00fcksek art\u0131\u015f mal ve hizmetlerde<\/h4>\n<p>Ana harcama gruplar\u0131 itibariyle 2018 y\u0131l\u0131 A\u011fustos ay\u0131nda endekste yer alan gruplardan, ev e\u015fyas\u0131nda %4,56, ula\u015ft\u0131rmada %4,45, konutta %3,85 ve haberle\u015fmede %2,63 art\u0131\u015f ger\u00e7ekle\u015fti.<\/p>\n<h5>Sadece ayakkab\u0131 ve giyim ucuzlad\u0131!<\/h5>\n<p>Ana harcama gruplar\u0131 itibariyle 2018 y\u0131l\u0131 A\u011fustos ay\u0131nda endekste yer alan gruplardan sadece giyim ve ayakkab\u0131 grubunda %1,59 oran\u0131nda d\u00fc\u015f\u00fc\u015f ger\u00e7ekle\u015fti.<\/p>\n<p>T\u00dcFE\u2019de, bir \u00f6nceki y\u0131l\u0131n ayn\u0131 ay\u0131na g\u00f6re ev e\u015fyas\u0131 %23,76, \u00e7e\u015fitli mal ve hizmetler %23,23, g\u0131da ve alkols\u00fcz i\u00e7ecekler %19,75 ve konut %16,30 ile art\u0131\u015f\u0131n y\u00fcksek oldu\u011fu di\u011fer ana harcama gruplar\u0131d\u0131r.<\/p>\n<h6>Fiyatlar \u00fc\u00e7 ilde artt\u0131<\/h6>\n<p>\u0130statistiki B\u00f6lge Birimleri S\u0131n\u0131flamas\u0131 (\u0130BBS) 2. D\u00fczey\u2019de bulunan 26 b\u00f6lge i\u00e7inde, bir \u00f6nceki y\u0131l\u0131n Aral\u0131k ay\u0131na g\u00f6re en y\u00fcksek art\u0131\u015f %14,50 ile TR90 (Trabzon, Ordu, Giresun, Rize, Artvin, G\u00fcm\u00fc\u015fhane) b\u00f6lgesinde, bir \u00f6nceki y\u0131l\u0131n ayn\u0131 ay\u0131na g\u00f6re en y\u00fcksek art\u0131\u015f %20,52 ile TR63 (Hatay, Kahramanmara\u015f, Osmaniye) b\u00f6lgesinde ve on iki ayl\u0131k ortalamalara g\u00f6re en y\u00fcksek art\u0131\u015f %13,99 ile TR63 (Hatay, Kahramanmara\u015f, Osmaniye) b\u00f6lgesinde ger\u00e7ekle\u015fti.<\/p>\n<p>A\u011fustos 2018\u2019de endekste kapsanan 407 maddeden; 44 maddenin ortalama fiyatlar\u0131nda de\u011fi\u015fim olmazken, 304 maddenin ortalama fiyatlar\u0131nda art\u0131\u015f, 59 maddenin ortalama fiyatlar\u0131nda ise d\u00fc\u015f\u00fc\u015f ger\u00e7ekle\u015fti.<\/p>\n<!-- Error, Advert is not available at this time due to schedule\/geolocation restrictions! -->\n","protected":false},"excerpt":{"rendered":"<p>A\u011fustos ay\u0131 enflasyon rakamlar\u0131 T\u00fcrkiye \u0130statistik Kurumu taraf\u0131ndan a\u00e7\u0131kland\u0131. Enflasyon, A\u011fustos ay\u0131nda bir \u00f6nceki aya g\u00f6re y\u00fczde 2.30 artarken, y\u0131ll\u0131k enflasyon y\u00fczde 17,90 oldu. T\u00fcrkiye \u0130statistik Kurumu A\u011fustos ay\u0131 enflasyon rakamlar\u0131n\u0131 a\u00e7\u0131klad\u0131. A\u011fustos ay\u0131nda enflasyon bir \u00f6nceki aya g\u00f6re y\u00fczde 2.30 y\u00fckselirken, y\u0131ll\u0131k enflasyon y\u00fczde 17,90 oldu. Ekonomistler, A\u011fustos ay\u0131nda enflasyonun y\u00fczde 2.15 artmas\u0131n\u0131 beklerken, &hellip;<\/p>\n","protected":false},"author":9192198,"featured_media":0,"comment_status":"open","ping_status":"open","sticky":false,"template":"","format":"standard","meta":{"_acf_changed":false,"footnotes":""},"categories":[763,6748,5005,349,6805],"tags":[8195,1032],"class_list":["post-268887","post","type-post","status-publish","format-standard","has-post-thumbnail","hentry","category-gunun-olayi","category-is-dunyasi","category-manset","category-son-dakika","category-turkiye","tag-tufe","tag-turkiye-istatistik-kurumu"],"acf":[],"_links":{"self":[{"href":"https:\/\/www.nationalturk.com\/tr\/wp-json\/wp\/v2\/posts\/268887","targetHints":{"allow":["GET"]}}],"collection":[{"href":"https:\/\/www.nationalturk.com\/tr\/wp-json\/wp\/v2\/posts"}],"about":[{"href":"https:\/\/www.nationalturk.com\/tr\/wp-json\/wp\/v2\/types\/post"}],"author":[{"embeddable":true,"href":"https:\/\/www.nationalturk.com\/tr\/wp-json\/wp\/v2\/users\/9192198"}],"replies":[{"embeddable":true,"href":"https:\/\/www.nationalturk.com\/tr\/wp-json\/wp\/v2\/comments?post=268887"}],"version-history":[{"count":0,"href":"https:\/\/www.nationalturk.com\/tr\/wp-json\/wp\/v2\/posts\/268887\/revisions"}],"wp:attachment":[{"href":"https:\/\/www.nationalturk.com\/tr\/wp-json\/wp\/v2\/media?parent=268887"}],"wp:term":[{"taxonomy":"category","embeddable":true,"href":"https:\/\/www.nationalturk.com\/tr\/wp-json\/wp\/v2\/categories?post=268887"},{"taxonomy":"post_tag","embeddable":true,"href":"https:\/\/www.nationalturk.com\/tr\/wp-json\/wp\/v2\/tags?post=268887"}],"curies":[{"name":"wp","href":"https:\/\/api.w.org\/{rel}","templated":true}]}}