{"id":269321,"date":"2018-09-17T12:48:32","date_gmt":"2018-09-17T09:48:32","guid":{"rendered":"http:\/\/www.nationalturk.com\/?p=269321"},"modified":"2018-09-17T12:48:32","modified_gmt":"2018-09-17T09:48:32","slug":"haberturk-bir-yayin-organini-daha-kapatti","status":"publish","type":"post","link":"https:\/\/www.nationalturk.com\/tr\/haberturk-bir-yayin-organini-daha-kapatti\/","title":{"rendered":"Habert\u00fcrk bir yay\u0131n organ\u0131n\u0131 daha kapatt\u0131"},"content":{"rendered":"<h2>Ciner Grubu&#8217;na ait ekonomi ve finans haberleri yay\u0131mlayan internet sitesi Business HT&#8217;nin yay\u0131n hayat\u0131na son verdi\u011fi \u00f6\u011frenildi.<\/h2>\n<p>Business HT, kapanma karar\u0131n\u0131 internet sitesinden yap\u0131lan bir duyuruyla ilan etti. Kapanma sebebiyle ilgili olarak ise Ciner Grubu&#8217;ndan resmi bir a\u00e7\u0131klama yap\u0131lmad\u0131.<br \/>\n\u00d6te yandan Ciner Grubu, ge\u00e7ti\u011fimiz aylarda dijital stratejilere y\u00f6nelmek \u00fczere Habert\u00fcrk gazetesini de kapatt\u0131\u011f\u0131n\u0131 a\u00e7\u0131klam\u0131\u015ft\u0131.<\/p>\n<!-- Error, Advert is not available at this time due to schedule\/geolocation restrictions! -->\n","protected":false},"excerpt":{"rendered":"<p>Ciner Grubu&#8217;na ait ekonomi ve finans haberleri yay\u0131mlayan internet sitesi Business HT&#8217;nin yay\u0131n hayat\u0131na son verdi\u011fi \u00f6\u011frenildi. Business HT, kapanma karar\u0131n\u0131 internet sitesinden yap\u0131lan bir duyuruyla ilan etti. Kapanma sebebiyle ilgili olarak ise Ciner Grubu&#8217;ndan resmi bir a\u00e7\u0131klama yap\u0131lmad\u0131. \u00d6te yandan Ciner Grubu, ge\u00e7ti\u011fimiz aylarda dijital stratejilere y\u00f6nelmek \u00fczere Habert\u00fcrk gazetesini de kapatt\u0131\u011f\u0131n\u0131 a\u00e7\u0131klam\u0131\u015ft\u0131.<\/p>\n","protected":false},"author":4,"featured_media":269322,"comment_status":"open","ping_status":"open","sticky":false,"template":"","format":"standard","meta":{"_acf_changed":false,"footnotes":""},"categories":[6199,6155,5005,6667,349],"tags":[112731,4110],"class_list":["post-269321","post","type-post","status-publish","format-standard","has-post-thumbnail","hentry","category-ekonomi","category-gundem","category-manset","category-medya","category-son-dakika","tag-ciner-grubu","tag-haberturk"],"acf":[],"_links":{"self":[{"href":"https:\/\/www.nationalturk.com\/tr\/wp-json\/wp\/v2\/posts\/269321","targetHints":{"allow":["GET"]}}],"collection":[{"href":"https:\/\/www.nationalturk.com\/tr\/wp-json\/wp\/v2\/posts"}],"about":[{"href":"https:\/\/www.nationalturk.com\/tr\/wp-json\/wp\/v2\/types\/post"}],"author":[{"embeddable":true,"href":"https:\/\/www.nationalturk.com\/tr\/wp-json\/wp\/v2\/users\/4"}],"replies":[{"embeddable":true,"href":"https:\/\/www.nationalturk.com\/tr\/wp-json\/wp\/v2\/comments?post=269321"}],"version-history":[{"count":0,"href":"https:\/\/www.nationalturk.com\/tr\/wp-json\/wp\/v2\/posts\/269321\/revisions"}],"wp:featuredmedia":[{"embeddable":true,"href":"https:\/\/www.nationalturk.com\/tr\/wp-json\/wp\/v2\/media\/269322"}],"wp:attachment":[{"href":"https:\/\/www.nationalturk.com\/tr\/wp-json\/wp\/v2\/media?parent=269321"}],"wp:term":[{"taxonomy":"category","embeddable":true,"href":"https:\/\/www.nationalturk.com\/tr\/wp-json\/wp\/v2\/categories?post=269321"},{"taxonomy":"post_tag","embeddable":true,"href":"https:\/\/www.nationalturk.com\/tr\/wp-json\/wp\/v2\/tags?post=269321"}],"curies":[{"name":"wp","href":"https:\/\/api.w.org\/{rel}","templated":true}]}}