{"id":269403,"date":"2018-09-19T13:56:34","date_gmt":"2018-09-19T10:56:34","guid":{"rendered":"http:\/\/www.nationalturk.com\/?p=269403"},"modified":"2018-09-19T13:56:34","modified_gmt":"2018-09-19T10:56:34","slug":"cumhurbaskani-erdogan-kriz-filan-yok","status":"publish","type":"post","link":"https:\/\/www.nationalturk.com\/tr\/cumhurbaskani-erdogan-kriz-filan-yok\/","title":{"rendered":"Cumhurba\u015fkan\u0131 Erdo\u011fan: Kriz filan yok"},"content":{"rendered":"<h2>Cumhurba\u015fkan\u0131 Recep Tayyip Erdo\u011fan, Be\u015ftepe Millet K\u00fclt\u00fcr ve Kongre Merkezi&#8217;nde d\u00fczenlenen Gaziler G\u00fcn\u00fc T\u00f6reni&#8217;nde yapt\u0131\u011f\u0131 konu\u015fmada &#8220;Kriz filan yok&#8221; dedi.<\/h2>\n<p>Erdo\u011fan,&#8221;Bu \u00fclkede dolarla, avroyla, \u015funla bunla kira mira yok. Bu \u00fclkede bundan sonra T\u00fcrk liras\u0131 ge\u00e7er. Aksi takdirde bunun bedelini \u00f6derler.&#8221; diye konu\u015ftu.<\/p>\n<p>Erdo\u011fan, ekonomide dalgalanmaya ili\u015fkin, &#8220;Kriz filan sak\u0131n ha bunlara ald\u0131rmay\u0131n, bunlar\u0131n hepsi manip\u00fclasyondur, bizde kriz filan yok, g\u00fc\u00e7lenerek gelece\u011fe y\u00fcr\u00fcyoruz.&#8221; de\u011ferlendirmesinde bulundu.<\/p>\n<p>Ayr\u0131nt\u0131lar birazdan.<\/p>\n<!-- Error, Advert is not available at this time due to schedule\/geolocation restrictions! -->\n","protected":false},"excerpt":{"rendered":"<p>Cumhurba\u015fkan\u0131 Recep Tayyip Erdo\u011fan, Be\u015ftepe Millet K\u00fclt\u00fcr ve Kongre Merkezi&#8217;nde d\u00fczenlenen Gaziler G\u00fcn\u00fc T\u00f6reni&#8217;nde yapt\u0131\u011f\u0131 konu\u015fmada &#8220;Kriz filan yok&#8221; dedi. Erdo\u011fan,&#8221;Bu \u00fclkede dolarla, avroyla, \u015funla bunla kira mira yok. Bu \u00fclkede bundan sonra T\u00fcrk liras\u0131 ge\u00e7er. Aksi takdirde bunun bedelini \u00f6derler.&#8221; diye konu\u015ftu. Erdo\u011fan, ekonomide dalgalanmaya ili\u015fkin, &#8220;Kriz filan sak\u0131n ha bunlara ald\u0131rmay\u0131n, bunlar\u0131n hepsi &hellip;<\/p>\n","protected":false},"author":4,"featured_media":269404,"comment_status":"open","ping_status":"open","sticky":false,"template":"","format":"standard","meta":{"_acf_changed":false,"footnotes":""},"categories":[6155,5005,6202,349],"tags":[787],"class_list":["post-269403","post","type-post","status-publish","format-standard","has-post-thumbnail","hentry","category-gundem","category-manset","category-politika","category-son-dakika","tag-recep-tayyip-erdogan"],"acf":[],"_links":{"self":[{"href":"https:\/\/www.nationalturk.com\/tr\/wp-json\/wp\/v2\/posts\/269403","targetHints":{"allow":["GET"]}}],"collection":[{"href":"https:\/\/www.nationalturk.com\/tr\/wp-json\/wp\/v2\/posts"}],"about":[{"href":"https:\/\/www.nationalturk.com\/tr\/wp-json\/wp\/v2\/types\/post"}],"author":[{"embeddable":true,"href":"https:\/\/www.nationalturk.com\/tr\/wp-json\/wp\/v2\/users\/4"}],"replies":[{"embeddable":true,"href":"https:\/\/www.nationalturk.com\/tr\/wp-json\/wp\/v2\/comments?post=269403"}],"version-history":[{"count":0,"href":"https:\/\/www.nationalturk.com\/tr\/wp-json\/wp\/v2\/posts\/269403\/revisions"}],"wp:featuredmedia":[{"embeddable":true,"href":"https:\/\/www.nationalturk.com\/tr\/wp-json\/wp\/v2\/media\/269404"}],"wp:attachment":[{"href":"https:\/\/www.nationalturk.com\/tr\/wp-json\/wp\/v2\/media?parent=269403"}],"wp:term":[{"taxonomy":"category","embeddable":true,"href":"https:\/\/www.nationalturk.com\/tr\/wp-json\/wp\/v2\/categories?post=269403"},{"taxonomy":"post_tag","embeddable":true,"href":"https:\/\/www.nationalturk.com\/tr\/wp-json\/wp\/v2\/tags?post=269403"}],"curies":[{"name":"wp","href":"https:\/\/api.w.org\/{rel}","templated":true}]}}