{"id":269406,"date":"2018-09-19T14:29:22","date_gmt":"2018-09-19T11:29:22","guid":{"rendered":"http:\/\/www.nationalturk.com\/?p=269406"},"modified":"2018-09-19T14:29:22","modified_gmt":"2018-09-19T11:29:22","slug":"alman-sirketten-turkiyedeki-calisanlarina-ekstra-kriz-zammi","status":"publish","type":"post","link":"https:\/\/www.nationalturk.com\/tr\/alman-sirketten-turkiyedeki-calisanlarina-ekstra-kriz-zammi\/","title":{"rendered":"Alman \u015firketten T\u00fcrkiye&#8217;deki \u00e7al\u0131\u015fanlar\u0131na ekstra &#8220;kriz zamm\u0131&#8221;"},"content":{"rendered":"<h2>2018 ocak ay\u0131nda \u00e7al\u0131\u015fanlar\u0131na rutin zamm\u0131n\u0131 yapan Alman Siemens firmas\u0131 mevcut ekonomik ko\u015fullar\u0131 gerek\u00e7e g\u00f6stererek \u00e7al\u0131\u015fanlara y\u00fczde 10 ekstra zam yapt\u0131.<\/h2>\n<p>Firma \u00f6n\u00fcm\u00fczdeki ocak ay\u0131nda \u00e7al\u0131\u015fanlar\u0131na tekrar bir zam yapmay\u0131 de\u011ferlendirdi\u011fini s\u00f6yledi.<\/p>\n<p>Sozcu.com.tr&#8217;nin ula\u015ft\u0131\u011f\u0131 kurum i\u00e7i yap\u0131lan bir yaz\u0131\u015fmada, \u201cSiemens olarak bu hassas d\u00f6nemden de yeni ba\u015far\u0131 hikayeleri yaratarak \u00e7\u0131kaca\u011f\u0131m\u0131za inan\u0131yoruz\u201d a\u00e7\u0131klamas\u0131 yap\u0131ld\u0131.<\/p>\n<p>\u00c7al\u0131\u015fanlara yap\u0131lan asgari \u00fccret zamm\u0131 T\u00fcrkiye CEO\u2019su H\u00fcseyin Geli\u015f taraf\u0131ndan bir yaz\u0131 ile duyuruldu.<\/p>\n<p><img loading=\"lazy\" decoding=\"async\" src=\"http:\/\/www.nationalturk.com\/tr\/wp-content\/uploads\/2018\/09\/siemens-zam-1298471-507x768.jpg\" alt=\"\" width=\"507\" height=\"768\" class=\"alignnone size-large wp-image-269407\" title=\"\" srcset=\"https:\/\/www.nationalturk.com\/tr\/wp-content\/uploads\/2018\/09\/siemens-zam-1298471-507x768.jpg 507w, https:\/\/www.nationalturk.com\/tr\/wp-content\/uploads\/2018\/09\/siemens-zam-1298471-330x500.jpg 330w, https:\/\/www.nationalturk.com\/tr\/wp-content\/uploads\/2018\/09\/siemens-zam-1298471.jpg 676w\" sizes=\"auto, (max-width: 507px) 100vw, 507px\" \/><\/p>\n<!-- Error, Advert is not available at this time due to schedule\/geolocation restrictions! -->\n","protected":false},"excerpt":{"rendered":"<p>2018 ocak ay\u0131nda \u00e7al\u0131\u015fanlar\u0131na rutin zamm\u0131n\u0131 yapan Alman Siemens firmas\u0131 mevcut ekonomik ko\u015fullar\u0131 gerek\u00e7e g\u00f6stererek \u00e7al\u0131\u015fanlara y\u00fczde 10 ekstra zam yapt\u0131. Firma \u00f6n\u00fcm\u00fczdeki ocak ay\u0131nda \u00e7al\u0131\u015fanlar\u0131na tekrar bir zam yapmay\u0131 de\u011ferlendirdi\u011fini s\u00f6yledi. Sozcu.com.tr&#8217;nin ula\u015ft\u0131\u011f\u0131 kurum i\u00e7i yap\u0131lan bir yaz\u0131\u015fmada, \u201cSiemens olarak bu hassas d\u00f6nemden de yeni ba\u015far\u0131 hikayeleri yaratarak \u00e7\u0131kaca\u011f\u0131m\u0131za inan\u0131yoruz\u201d a\u00e7\u0131klamas\u0131 yap\u0131ld\u0131. \u00c7al\u0131\u015fanlara yap\u0131lan &hellip;<\/p>\n","protected":false},"author":4,"featured_media":266641,"comment_status":"open","ping_status":"open","sticky":false,"template":"","format":"standard","meta":{"_acf_changed":false,"footnotes":""},"categories":[6199,6155,5005,349],"tags":[6098],"class_list":["post-269406","post","type-post","status-publish","format-standard","has-post-thumbnail","hentry","category-ekonomi","category-gundem","category-manset","category-son-dakika","tag-kriz"],"acf":[],"_links":{"self":[{"href":"https:\/\/www.nationalturk.com\/tr\/wp-json\/wp\/v2\/posts\/269406","targetHints":{"allow":["GET"]}}],"collection":[{"href":"https:\/\/www.nationalturk.com\/tr\/wp-json\/wp\/v2\/posts"}],"about":[{"href":"https:\/\/www.nationalturk.com\/tr\/wp-json\/wp\/v2\/types\/post"}],"author":[{"embeddable":true,"href":"https:\/\/www.nationalturk.com\/tr\/wp-json\/wp\/v2\/users\/4"}],"replies":[{"embeddable":true,"href":"https:\/\/www.nationalturk.com\/tr\/wp-json\/wp\/v2\/comments?post=269406"}],"version-history":[{"count":0,"href":"https:\/\/www.nationalturk.com\/tr\/wp-json\/wp\/v2\/posts\/269406\/revisions"}],"wp:featuredmedia":[{"embeddable":true,"href":"https:\/\/www.nationalturk.com\/tr\/wp-json\/wp\/v2\/media\/266641"}],"wp:attachment":[{"href":"https:\/\/www.nationalturk.com\/tr\/wp-json\/wp\/v2\/media?parent=269406"}],"wp:term":[{"taxonomy":"category","embeddable":true,"href":"https:\/\/www.nationalturk.com\/tr\/wp-json\/wp\/v2\/categories?post=269406"},{"taxonomy":"post_tag","embeddable":true,"href":"https:\/\/www.nationalturk.com\/tr\/wp-json\/wp\/v2\/tags?post=269406"}],"curies":[{"name":"wp","href":"https:\/\/api.w.org\/{rel}","templated":true}]}}