{"id":269466,"date":"2018-09-21T11:57:39","date_gmt":"2018-09-21T08:57:39","guid":{"rendered":"http:\/\/www.nationalturk.com\/?p=269466"},"modified":"2018-09-21T11:57:39","modified_gmt":"2018-09-21T08:57:39","slug":"kuba-abd-arasinda-surpriz-gorusme","status":"publish","type":"post","link":"https:\/\/www.nationalturk.com\/tr\/kuba-abd-arasinda-surpriz-gorusme\/","title":{"rendered":"K\u00fcba &#8211; ABD aras\u0131nda s\u00fcrpriz g\u00f6r\u00fc\u015fme"},"content":{"rendered":"<h2>K\u00fcba &#8211; ABD aras\u0131ndaki gergin ili\u015fkiler devam ederken K\u00fcba Devlet Ba\u015fkan\u0131 Miguel Diaz-Canel, ABD Senat\u00f6r\u00fc Corker ile s\u00fcrpriz bir g\u00f6r\u00fc\u015fme ger\u00e7ekle\u015ftirdi.<\/h2>\n<p>Miguel Diaz-Canel, \u00fclke bas\u0131n\u0131na yans\u0131yan haberlere g\u00f6re ikili haberle\u015fme ili\u015fkileri ve di\u011fer ortak meseleler hakk\u0131nda g\u00f6r\u00fc\u015fmek \u00fczere Havana&#8217;ya giden ABD Senatosu D\u0131\u015f \u0130li\u015fkiler Komitesi Ba\u015fkan\u0131 Bob Corker ile bir araya geldi.<\/p>\n<p>ABD&#8217;li Ba\u015fkan Donald Trump&#8217;\u0131n s\u0131k s\u0131k ele\u015ftirdi\u011fi bir gazeteci olan Corker bu sene senatodan emekli olacak. Diaz-Canel&#8217;in, Nisan ay\u0131nda Raul Castro&#8217;nun yerine ge\u00e7mesinden bu yana Corker ile bir dizi g\u00f6r\u00fc\u015fme yapt\u0131\u011f\u0131na inan\u0131l\u0131yor.<\/p>\n<p>Donald Trump\u2019un K\u00fcba&#8217;ya kar\u015f\u0131 d\u00fc\u015fmanca tavr\u0131 ve ABD\u2019nin Havana\u2019daki diplomatlar\u0131na \u201csa\u011fl\u0131k sald\u0131r\u0131lar\u0131\u201d iddias\u0131 i\u00e7in bir \u00e7\u0131k\u0131\u015f \u00e7a\u011fr\u0131s\u0131nda bulunmas\u0131ndan dolay\u0131 ge\u00e7en y\u0131l iki \u00fclke ili\u015fkileri yeniden k\u00f6t\u00fcle\u015fti.<\/p>\n<p>Diaz-Canel&#8217;in \u00f6n\u00fcm\u00fczdeki hafta Birle\u015fmi\u015f Milletler Genel Kurulu i\u00e7in Amerika Birle\u015fik Devletleri&#8217;ne gitmesi bekleniyordu, ancak Pazar g\u00fcn\u00fc yay\u0131nlanan bir r\u00f6portajda, y\u00f6netiminin adaya kar\u015f\u0131 \u201canormal\u201d tavr\u0131n\u0131 s\u00fcrd\u00fcrd\u00fc\u011f\u00fc s\u00fcrece Trump ile konu\u015famayaca\u011f\u0131n\u0131 s\u00f6yledi.<\/p>\n<p>Trump y\u00f6netimi K\u00fcba&#8217;daki ticaret ve seyahat ambargosunu s\u0131k\u0131la\u015ft\u0131rd\u0131 ve Havana&#8217;daki b\u00fcy\u00fck el\u00e7ilik personelini 50&#8217;den 18&#8217;e indirdi.<\/p>\n<p>K\u00fcba\u2019n\u0131n iktidardaki Kom\u00fcnist Partisi gazetesi Granma, K\u00fcba\u2019da ABD\u2019nin en \u00fcst d\u00fczey diplomat\u0131n\u0131, K\u00fcba\u2019n\u0131n D\u0131\u015fi\u015fleri Bakan\u0131 Bruno Rodriguez\u2019i Mara Tekach\u2019\u0131 ve bakanl\u0131\u011f\u0131n ABD\u2019nin ili\u015fkileri m\u00fcd\u00fcr\u00fc Carlos Fernandez de Cossio\u2019nun da Per\u015fembe g\u00fcnk\u00fc toplant\u0131ya kat\u0131ld\u0131\u011f\u0131n\u0131 yazd\u0131.<\/p>\n<!-- Error, Advert is not available at this time due to schedule\/geolocation restrictions! -->\n","protected":false},"excerpt":{"rendered":"<p>K\u00fcba &#8211; ABD aras\u0131ndaki gergin ili\u015fkiler devam ederken K\u00fcba Devlet Ba\u015fkan\u0131 Miguel Diaz-Canel, ABD Senat\u00f6r\u00fc Corker ile s\u00fcrpriz bir g\u00f6r\u00fc\u015fme ger\u00e7ekle\u015ftirdi. Miguel Diaz-Canel, \u00fclke bas\u0131n\u0131na yans\u0131yan haberlere g\u00f6re ikili haberle\u015fme ili\u015fkileri ve di\u011fer ortak meseleler hakk\u0131nda g\u00f6r\u00fc\u015fmek \u00fczere Havana&#8217;ya giden ABD Senatosu D\u0131\u015f \u0130li\u015fkiler Komitesi Ba\u015fkan\u0131 Bob Corker ile bir araya geldi. ABD&#8217;li Ba\u015fkan Donald &hellip;<\/p>\n","protected":false},"author":4,"featured_media":269467,"comment_status":"open","ping_status":"open","sticky":false,"template":"","format":"standard","meta":{"_acf_changed":false,"footnotes":""},"categories":[6768,6665,6155,6771,5005,6202,349],"tags":[1887,90106,156,14,7703,216553],"class_list":["post-269466","post","type-post","status-publish","format-standard","has-post-thumbnail","hentry","category-amerika","category-dunya","category-gundem","category-latin-amerika","category-manset","category-politika","category-son-dakika","tag-abd","tag-granma","tag-havana","tag-kuba","tag-kuba-abd","tag-miguel-diaz-canel"],"acf":[],"_links":{"self":[{"href":"https:\/\/www.nationalturk.com\/tr\/wp-json\/wp\/v2\/posts\/269466","targetHints":{"allow":["GET"]}}],"collection":[{"href":"https:\/\/www.nationalturk.com\/tr\/wp-json\/wp\/v2\/posts"}],"about":[{"href":"https:\/\/www.nationalturk.com\/tr\/wp-json\/wp\/v2\/types\/post"}],"author":[{"embeddable":true,"href":"https:\/\/www.nationalturk.com\/tr\/wp-json\/wp\/v2\/users\/4"}],"replies":[{"embeddable":true,"href":"https:\/\/www.nationalturk.com\/tr\/wp-json\/wp\/v2\/comments?post=269466"}],"version-history":[{"count":0,"href":"https:\/\/www.nationalturk.com\/tr\/wp-json\/wp\/v2\/posts\/269466\/revisions"}],"wp:featuredmedia":[{"embeddable":true,"href":"https:\/\/www.nationalturk.com\/tr\/wp-json\/wp\/v2\/media\/269467"}],"wp:attachment":[{"href":"https:\/\/www.nationalturk.com\/tr\/wp-json\/wp\/v2\/media?parent=269466"}],"wp:term":[{"taxonomy":"category","embeddable":true,"href":"https:\/\/www.nationalturk.com\/tr\/wp-json\/wp\/v2\/categories?post=269466"},{"taxonomy":"post_tag","embeddable":true,"href":"https:\/\/www.nationalturk.com\/tr\/wp-json\/wp\/v2\/tags?post=269466"}],"curies":[{"name":"wp","href":"https:\/\/api.w.org\/{rel}","templated":true}]}}