{"id":269499,"date":"2018-09-21T18:02:19","date_gmt":"2018-09-21T15:02:19","guid":{"rendered":"http:\/\/www.nationalturk.com\/?p=269499"},"modified":"2018-09-21T18:02:19","modified_gmt":"2018-09-21T15:02:19","slug":"kosovadan-sasirtan-kudus-cikisi","status":"publish","type":"post","link":"https:\/\/www.nationalturk.com\/tr\/kosovadan-sasirtan-kudus-cikisi\/","title":{"rendered":"Kosova&#8217;dan \u015fa\u015f\u0131rtan Kud\u00fcs \u00e7\u0131k\u0131\u015f\u0131!"},"content":{"rendered":"<h2>Kosova Cumhurba\u015fkan\u0131 Ha\u015fim Taci, \u0130srail\u2019in Kosova\u2019y\u0131 ba\u011f\u0131ms\u0131z bir devlet olarak tan\u0131mas\u0131 durumunda Kud\u00fcs\u2019e b\u00fcy\u00fckel\u00e7ilik a\u00e7abileceklerini s\u00f6yledi.<\/h2>\n<p>Kosova Cumhuriyeti, 2008 y\u0131l\u0131nda tek tarafl\u0131 olarak  S\u0131rbistan\u2019dan ba\u011f\u0131ms\u0131zl\u0131\u011f\u0131n\u0131 ilan etmi\u015fti.<\/p>\n<p>\u0130srail\u2019de yay\u0131nlanan Jerusalem Post\u2019un haberine g\u00f6re Taci, s\u00f6z konusu c\u00fcmleyi Real Story adl\u0131 programda sarf etti. Kosova lideri ayr\u0131ca, \u201cKosova Cumhuriyeti\u2019nin ABD ile ba\u011flar\u0131 m\u00fckemmel. Cumhurba\u015fkan\u0131 Donald Trump ile g\u00f6r\u00fc\u015ft\u00fcm ve onun yakla\u015f\u0131m\u0131 \u00f6nceki cumhurba\u015fkan\u0131yla ayn\u0131. ABD, Kosova\u2019n\u0131n gelece\u011fini y\u00fczde 100 destekliyor\u201d dedi.<\/p>\n<p>ABD ba\u015fta olmak \u00fczere bir\u00e7ok devlet 2008\u2019deki ba\u011f\u0131ms\u0131zl\u0131k ilan\u0131ndan itibaren Kosova\u2019y\u0131 tan\u0131d\u0131\u011f\u0131n\u0131 a\u00e7\u0131klam\u0131\u015ft\u0131. Ancak Rusya ve \u00c7in\u2019in muhalefeti nedeniyle, Kosova\u2019n\u0131n Birle\u015fmi\u015f Milletler \u00fcyesi olmas\u0131 engelleniyor. \u0130srail, \u0130spanya, Fas ve Ukrayna Kosova\u2019y\u0131 tan\u0131mayan \u00fclkeler aras\u0131nda yer al\u0131yor.<\/p>\n<p>Trump  6 Aral\u0131k 2017\u2019de Kud\u00fcs\u2019\u00fc \u0130srail\u2019in ba\u015fkenti olarak tan\u0131m\u0131\u015f, 14 May\u0131s 2018\u2019de Amerikan b\u00fcy\u00fckel\u00e7ili\u011fini Tel Aviv\u2019den Kud\u00fcs\u2019e ta\u015f\u0131m\u0131\u015ft\u0131. B\u00fcy\u00fckel\u00e7ili\u011fin a\u00e7\u0131l\u0131\u015f\u0131 sonras\u0131 Gazze s\u0131n\u0131r\u0131nda protestolar d\u00fczenlenmi\u015f,  protestolarda en az 62 Filistinli ya\u015fam\u0131n\u0131 yitirken, 3 bin 188 Filistinli de \u0130srail askerlerinin a\u00e7t\u0131\u011f\u0131 ate\u015f ve gaz kaps\u00fclleriyle yaralanm\u0131\u015ft\u0131.<\/p>\n<p>T\u00fcrkiye k\u0131nam\u0131\u015ft\u0131<br \/>\nAnkara\u2019dan yap\u0131lan \u00e7\u0131klamada ise \u015f\u00f6yle denmi\u015fti: \u201cABD\u2019nin Tel Aviv\u2019de bulunan b\u00fcy\u00fckel\u00e7ili\u011fini uluslararas\u0131 hukuku ve ilgili t\u00fcm BM kararlar\u0131n\u0131 ihlal ederek Kud\u00fcs\u2019e ta\u015f\u0131mas\u0131n\u0131 \u015fiddetle k\u0131n\u0131yoruz. Bu tasarrufu hukuki a\u00e7\u0131dan yok h\u00fckm\u00fcnde sayd\u0131\u011f\u0131m\u0131z\u0131 yineliyoruz. Filistin halk\u0131n\u0131n me\u015fru haklar\u0131n\u0131 yok sayan bu ad\u0131m\u0131n b\u00f6lgesel bar\u0131\u015f, g\u00fcvenlik ve istikrara hizmet etmeyece\u011fini vurguluyoruz.\u201d<\/p>\n<p>Guatemala ve Paraguay da Kud\u00fcs\u2019\u00fc ba\u015fkent olarak tan\u0131yan \u00fclkeler aras\u0131nda yer al\u0131yor.<\/p>\n<!-- Error, Advert is not available at this time due to schedule\/geolocation restrictions! -->\n","protected":false},"excerpt":{"rendered":"<p>Kosova Cumhurba\u015fkan\u0131 Ha\u015fim Taci, \u0130srail\u2019in Kosova\u2019y\u0131 ba\u011f\u0131ms\u0131z bir devlet olarak tan\u0131mas\u0131 durumunda Kud\u00fcs\u2019e b\u00fcy\u00fckel\u00e7ilik a\u00e7abileceklerini s\u00f6yledi. Kosova Cumhuriyeti, 2008 y\u0131l\u0131nda tek tarafl\u0131 olarak S\u0131rbistan\u2019dan ba\u011f\u0131ms\u0131zl\u0131\u011f\u0131n\u0131 ilan etmi\u015fti. \u0130srail\u2019de yay\u0131nlanan Jerusalem Post\u2019un haberine g\u00f6re Taci, s\u00f6z konusu c\u00fcmleyi Real Story adl\u0131 programda sarf etti. Kosova lideri ayr\u0131ca, \u201cKosova Cumhuriyeti\u2019nin ABD ile ba\u011flar\u0131 m\u00fckemmel. Cumhurba\u015fkan\u0131 Donald Trump &hellip;<\/p>\n","protected":false},"author":4,"featured_media":269500,"comment_status":"open","ping_status":"open","sticky":false,"template":"","format":"standard","meta":{"_acf_changed":false,"footnotes":""},"categories":[6770,6665,6155,5005,6772,349],"tags":[1887,1555,105101,13929,29257],"class_list":["post-269499","post","type-post","status-publish","format-standard","has-post-thumbnail","hentry","category-avrupa","category-dunya","category-gundem","category-manset","category-ortadogu","category-son-dakika","tag-abd","tag-israil","tag-israil-kudus","tag-kosova","tag-kudus"],"acf":[],"_links":{"self":[{"href":"https:\/\/www.nationalturk.com\/tr\/wp-json\/wp\/v2\/posts\/269499","targetHints":{"allow":["GET"]}}],"collection":[{"href":"https:\/\/www.nationalturk.com\/tr\/wp-json\/wp\/v2\/posts"}],"about":[{"href":"https:\/\/www.nationalturk.com\/tr\/wp-json\/wp\/v2\/types\/post"}],"author":[{"embeddable":true,"href":"https:\/\/www.nationalturk.com\/tr\/wp-json\/wp\/v2\/users\/4"}],"replies":[{"embeddable":true,"href":"https:\/\/www.nationalturk.com\/tr\/wp-json\/wp\/v2\/comments?post=269499"}],"version-history":[{"count":0,"href":"https:\/\/www.nationalturk.com\/tr\/wp-json\/wp\/v2\/posts\/269499\/revisions"}],"wp:featuredmedia":[{"embeddable":true,"href":"https:\/\/www.nationalturk.com\/tr\/wp-json\/wp\/v2\/media\/269500"}],"wp:attachment":[{"href":"https:\/\/www.nationalturk.com\/tr\/wp-json\/wp\/v2\/media?parent=269499"}],"wp:term":[{"taxonomy":"category","embeddable":true,"href":"https:\/\/www.nationalturk.com\/tr\/wp-json\/wp\/v2\/categories?post=269499"},{"taxonomy":"post_tag","embeddable":true,"href":"https:\/\/www.nationalturk.com\/tr\/wp-json\/wp\/v2\/tags?post=269499"}],"curies":[{"name":"wp","href":"https:\/\/api.w.org\/{rel}","templated":true}]}}