{"id":269701,"date":"2018-09-26T14:52:32","date_gmt":"2018-09-26T11:52:32","guid":{"rendered":"http:\/\/www.nationalturk.com\/?p=269701"},"modified":"2022-09-06T16:58:12","modified_gmt":"2022-09-06T13:58:12","slug":"ilber-ortayli-gobeklitepe-aciklamasi","status":"publish","type":"post","link":"https:\/\/www.nationalturk.com\/tr\/ilber-ortayli-gobeklitepe-aciklamasi\/","title":{"rendered":"\u0130lber Ortayl\u0131&#8217;dan G\u00f6beklitepe a\u00e7\u0131klamas\u0131"},"content":{"rendered":"<h2>Tarih\u00e7i akademisyen Prof. Dr. \u0130lber Ortayl\u0131, UNESCO D\u00fcnya Miras Listesi&#8217;ne al\u0131nan G\u00f6beklitepe&#8217;nin ilerleyen y\u0131llarda \u00e7ok daha fazla dikkati \u00e7ekece\u011fini belirtti.<\/h2>\n<p>Prof. Dr. \u0130lber Ortayl\u0131, Ortak Nesiller Entegrasyonu (ONE) Derne\u011fi Y\u00f6netim Kurulu Ba\u015fkan\u0131 Demet Sabanc\u0131 \u00c7etindo\u011fan ve \u0130svi\u00e7re, Vietnam, Singapur, Fransa ve \u0130talya&#8217;n\u0131n aralar\u0131nda bulundu\u011fu \u00fclkelerin eski Ankara b\u00fcy\u00fckel\u00e7ileri, temaslarda bulunmak \u00fczere \u015eanl\u0131urfa&#8217;ya geldi.<\/p>\n<p>Prof. Dr. Ortayl\u0131 ve beraberindeki heyet, ilk olarak yakla\u015f\u0131k 3 ay \u00f6nce UNESCO D\u00fcnya Miras Listesi&#8217;ne al\u0131nan G\u00f6beklitepe \u00f6ren yerini ziyaret etti.<\/p>\n<!-- Error, Advert is not available at this time due to schedule\/geolocation restrictions! -->\n<p>Heyete ziyaretlerinde e\u015flik eden B\u00fcy\u00fck\u015fehir Belediye Ba\u015fkan\u0131 Nihat \u00c7ift\u00e7i, b\u00f6lgede y\u00fcr\u00fct\u00fclen hizmetlere ili\u015fkin bilgiler verdi.<\/p>\n<p>&#8220;\u015eehre b\u00fcy\u00fck gelir getirir&#8221;<br \/>\nOrtayl\u0131, burada gazetecilere yapt\u0131\u011f\u0131 a\u00e7\u0131klamada, 12 bin y\u0131ll\u0131k tarihe sahip bir kentte bulunmaktan memnuniyet duydu\u011funu s\u00f6yledi.<\/p>\n<p>G\u00f6beklitepe&#8217;nin \u00f6neminin zamanla \u00e7ok daha iyi anla\u015f\u0131laca\u011f\u0131n\u0131 vurgulayan Ortayl\u0131, &#8220;Beraberimizde emekli b\u00fcy\u00fckel\u00e7iler var. Baz\u0131lar\u0131m\u0131z daha \u00f6nce g\u00f6rd\u00fc baz\u0131lar\u0131m\u0131z ise G\u00f6beklitepe&#8217;yi ilk kez g\u00f6rme f\u0131rsat\u0131 buldu. G\u00f6beklitepe hakk\u0131nda daha \u00f6nce UNESCO i\u00e7in raporlar haz\u0131rlam\u0131\u015ft\u0131k. G\u00f6beklitepe ilerleyen y\u0131llarda \u00e7ok daha fazla dikkati \u00e7ekecektir. UNESCO listesinde olmas\u0131 bu \u00f6ren yerinin etraf\u0131na da \u015fehre de b\u00fcy\u00fck bir gelir getirir.&#8221; diye konu\u015ftu.<\/p>\n<p>Heyet, Bal\u0131kl\u0131g\u00f6l Yerle\u015fkesi ve \u015eanl\u0131urfa M\u00fcze Kompleksi&#8217;nde de gezi ve incelemelerde bulundu.<\/p>\n<!-- Error, Advert is not available at this time due to schedule\/geolocation restrictions! -->\n","protected":false},"excerpt":{"rendered":"<p>Tarih\u00e7i akademisyen Prof. Dr. \u0130lber Ortayl\u0131, UNESCO D\u00fcnya Miras Listesi&#8217;ne al\u0131nan G\u00f6beklitepe&#8217;nin ilerleyen y\u0131llarda \u00e7ok daha fazla dikkati \u00e7ekece\u011fini belirtti. Prof. Dr. \u0130lber Ortayl\u0131, Ortak Nesiller Entegrasyonu (ONE) Derne\u011fi Y\u00f6netim Kurulu Ba\u015fkan\u0131 Demet Sabanc\u0131 \u00c7etindo\u011fan ve \u0130svi\u00e7re, Vietnam, Singapur, Fransa ve \u0130talya&#8217;n\u0131n aralar\u0131nda bulundu\u011fu \u00fclkelerin eski Ankara b\u00fcy\u00fckel\u00e7ileri, temaslarda bulunmak \u00fczere \u015eanl\u0131urfa&#8217;ya geldi. Prof. Dr. &hellip;<\/p>\n","protected":false},"author":4,"featured_media":269702,"comment_status":"open","ping_status":"open","sticky":false,"template":"","format":"standard","meta":{"_acf_changed":false,"footnotes":""},"categories":[6155,6221,5005],"tags":[100017,212968,44727,10,1471,1465],"class_list":["post-269701","post","type-post","status-publish","format-standard","has-post-thumbnail","hentry","category-gundem","category-kultur","category-manset","tag-balikligol","tag-demet-sabanci-cetindogan","tag-ilber-ortayli","tag-italya","tag-sanliurfa","tag-unesco"],"acf":[],"_links":{"self":[{"href":"https:\/\/www.nationalturk.com\/tr\/wp-json\/wp\/v2\/posts\/269701","targetHints":{"allow":["GET"]}}],"collection":[{"href":"https:\/\/www.nationalturk.com\/tr\/wp-json\/wp\/v2\/posts"}],"about":[{"href":"https:\/\/www.nationalturk.com\/tr\/wp-json\/wp\/v2\/types\/post"}],"author":[{"embeddable":true,"href":"https:\/\/www.nationalturk.com\/tr\/wp-json\/wp\/v2\/users\/4"}],"replies":[{"embeddable":true,"href":"https:\/\/www.nationalturk.com\/tr\/wp-json\/wp\/v2\/comments?post=269701"}],"version-history":[{"count":0,"href":"https:\/\/www.nationalturk.com\/tr\/wp-json\/wp\/v2\/posts\/269701\/revisions"}],"wp:featuredmedia":[{"embeddable":true,"href":"https:\/\/www.nationalturk.com\/tr\/wp-json\/wp\/v2\/media\/269702"}],"wp:attachment":[{"href":"https:\/\/www.nationalturk.com\/tr\/wp-json\/wp\/v2\/media?parent=269701"}],"wp:term":[{"taxonomy":"category","embeddable":true,"href":"https:\/\/www.nationalturk.com\/tr\/wp-json\/wp\/v2\/categories?post=269701"},{"taxonomy":"post_tag","embeddable":true,"href":"https:\/\/www.nationalturk.com\/tr\/wp-json\/wp\/v2\/tags?post=269701"}],"curies":[{"name":"wp","href":"https:\/\/api.w.org\/{rel}","templated":true}]}}