{"id":270021,"date":"2018-10-08T10:11:29","date_gmt":"2018-10-08T07:11:29","guid":{"rendered":"http:\/\/www.nationalturk.com\/?p=270021"},"modified":"2022-09-10T11:40:58","modified_gmt":"2022-09-10T08:40:58","slug":"rockci-imam-tarikatci-olsaydim-ihrac-edilmezdim","status":"publish","type":"post","link":"https:\/\/www.nationalturk.com\/tr\/rockci-imam-tarikatci-olsaydim-ihrac-edilmezdim\/","title":{"rendered":"Rock\u00e7\u0131 imam: Tarikat\u00e7\u0131 olsayd\u0131m ihra\u00e7 edilmezdim"},"content":{"rendered":"<h2>Meslekten ihra\u00e7 edilen &#8216;rock\u00e7\u0131 imam&#8217; Ahmet Muhsin T\u00fczer, &#8220;Tarikat mensubu olsam meslekten ihra\u00e7 edilmezdim. \u0130lahiler icra etsem, takdir ederlerdi&#8221; dedi. T\u00fczer, &#8220;Bu ya\u015fad\u0131klar\u0131m\u0131 hak etmedim. Burada ayd\u0131nl\u0131k ve karanl\u0131\u011f\u0131n sava\u015f\u0131 var. Bu davan\u0131n kazan\u0131lmas\u0131, a\u015f\u0131lmaz denilen duvarlar\u0131n a\u015f\u0131lmas\u0131 i\u00e7in bir ad\u0131m olacak&#8221; diye konu\u015ftu.<\/h2>\n<p>Antalya&#8217;n\u0131n Ka\u015f il\u00e7esindeki P\u0131narba\u015f\u0131 Camii&#8217;nde imaml\u0131k yaparken, arkada\u015f\u0131yla &#8216;FiRock&#8217; adl\u0131 bir m\u00fczik grubu kuran ve &#8216;rock\u00e7\u0131 imam&#8217; olarak bilinen 47 ya\u015f\u0131ndaki Ahmet Muhsin T\u00fczer, meslekten ihra\u00e7 edildi. Gerek\u00e7e ise, &#8220;Atamalar\u0131nda dini \u00f6\u011frenim \u015fart\u0131 esas al\u0131nan unvanlarda itikat, ibadet, tav\u0131r, hareketlerinin \u0130slam t\u00f6relerine uygunlu\u011funun bilinir olmas\u0131 \u015feklindeki ortak nitelik \u015fart\u0131n\u0131 kaybetti\u011fi&#8221; olarak g\u00f6sterildi.<\/p>\n<p>T\u00fcrkiye&#8217;nin yan\u0131 s\u0131ra ABD ile Portekiz&#8217;de konserler de veren T\u00fczer, konuyu yarg\u0131ya ta\u015f\u0131yaca\u011f\u0131n\u0131 dile getirerek &#8220;Bu soru\u015fturma hakkaniyetli ve adaletli olmad\u0131. Tarikat mensubu olsam meslekten ihra\u00e7 edilmezdim&#8221; dedi.<br \/>\nBirg\u00fcn gazetesinden Mehmet Emin Kurnaz&#8217;a konu\u015fan T\u00fczer, &#8220;Rock m\u00fczi\u011fin \u0130slamiyet&#8217;e ayk\u0131r\u0131 bir y\u00f6n\u00fc oldu\u011funu d\u00fc\u015f\u00fcnmek bir \u00e7e\u015fit ba\u011fnazl\u0131k, bir b\u00fct\u00fcnl\u00fck fikrinin yeterince olgunla\u015fmam\u0131\u015f olmas\u0131 s\u00f6z konusu. Kendi bildikleri inan\u00e7 sisteminin en do\u011fru oldu\u011funu iddia ediyorlar. Dolay\u0131s\u0131yla kendi kafalar\u0131 d\u0131\u015f\u0131ndaki di\u011fer inan\u00e7lar\u0131, ideolojileri hep d\u00fc\u015fman olarak g\u00f6r\u00fcyorlar. Benim i\u00e7inse rock olmu\u015f, caz olmu\u015f, blues olmu\u015f fark etmiyor, neyle ifade ederse kendini insan, o bir g\u00fczelliktir&#8221; ifadelerini kulland\u0131.<\/p>\n<p>T\u00fczer, &#8220;Ben bug\u00fcn Diyanet \u0130\u015fleri Ba\u015fkanl\u0131\u011f\u0131&#8217;nda \u00e7al\u0131\u015fan di\u011fer imamlar gibi, yani onlar\u0131n istedi\u011fi profilde olsam at\u0131lmazd\u0131m. Mesela tasavvuf musikisi icra etsem, alk\u0131\u015f al\u0131rd\u0131m. \u0130lahiler, kasideler icra etsem, takdir ederlerdi. Ama rock m\u00fczik olunca b\u00f6yle oldu. Ben bu g\u00fcnlerin de ge\u00e7ece\u011fini, insanlar\u0131n bunlara da al\u0131\u015faca\u011f\u0131na inan\u0131yorum. Ama kafalar\u0131m\u0131z hakikatten uzak olduk\u00e7a hep bir d\u00fc\u015fman yaratma s\u00f6z konusu oluyor. Kendimiz gibi olmayan her \u015feyi kafalar\u0131m\u0131zda yaratt\u0131\u011f\u0131m\u0131z alg\u0131larla, kendi taraf\u0131m\u0131zda olmad\u0131\u011f\u0131 i\u00e7in \u00f6teki haline getiriyoruz&#8221; diye konu\u015ftu.<\/p>\n<p>Diyanet&#8217;in kendisi hakk\u0131ndaki su\u00e7lamalar\u0131na yan\u0131t veren T\u00fczer, \u015funlar\u0131 s\u00f6yledi:<\/p>\n<p>&#8220;Diyanet&#8217;ten birka\u00e7 ki\u015finin bana kafay\u0131 takt\u0131\u011f\u0131n\u0131, ismini vermek istemedi\u011fim birileri bana iletti. Soru\u015fturma maalesef adaletli olmad\u0131, beni mahkemelerde susturamad\u0131lar, hakl\u0131 \u00e7\u0131kt\u0131m. Beni Bal\u0131kesir&#8217;e s\u00fcrd\u00fcler, Diyanet&#8217;ten atmay\u0131 ama\u00e7lad\u0131lar ve en sonunda ba\u015fard\u0131lar. Hakk\u0131mda yap\u0131lan iftiralar da var. Mesela, izinsiz konserlere \u00e7\u0131kt\u0131\u011f\u0131m, namaz vakti camide olmad\u0131\u011f\u0131m y\u00f6n\u00fcnde. Bak\u0131n\u0131z ben hepsinin belgesini \u00f6nlerine koydum. Kaymakam\u0131n izniyle konsere \u00e7\u0131kt\u0131\u011f\u0131m\u0131 g\u00f6steren belgeyi koydum. Para ald\u0131\u011f\u0131m\u0131 iddia etmi\u015fler, bir kuru\u015f bile para almad\u0131m. Hatta kendi cebimden \u00e7\u0131kt\u0131, onlar\u0131n da belgesini belediyeden ald\u0131m. Yani Ka\u015f M\u00fcft\u00fcl\u00fc\u011f\u00fc, Kaymakam&#8217;\u0131n verdi\u011fi karara sayg\u0131 duymuyor. Kaymakaml\u0131k destek olurken m\u00fcft\u00fcl\u00fck engel oluyor. Portekiz konserine gitmem de b\u00fcy\u00fck deste\u011fi eski Ka\u015f Kaymakam\u0131 verdi. Bir de \u015fu var, bazen itikadi konularda birka\u00e7 arkada\u015f toplan\u0131r konu\u015furuz. Bu defa ilgin\u00e7tir konu\u015fmalar\u0131m birileri taraf\u0131ndan c\u0131mb\u0131zla \u00e7ekilerek Diyanet&#8217;e iletiliyor. Bu konuda da dava a\u00e7aca\u011f\u0131m. Ba\u015f\u0131ndan beri beni sevmediler. Ben \u00fclkeye \u00e7ok hizmet ettim, yurtd\u0131\u015f\u0131nda konserler verdim. Bu ya\u015fad\u0131klar\u0131m\u0131 hak etmedim. Burada ayd\u0131nl\u0131k ve karanl\u0131\u011f\u0131n sava\u015f\u0131 var. Bu davan\u0131n kazan\u0131lmas\u0131 a\u015f\u0131lmaz denilen duvarlar\u0131n a\u015f\u0131lmas\u0131 i\u00e7in bir ad\u0131m olacak diye d\u00fc\u015f\u00fcn\u00fcyorum.&#8221;<\/p>\n<!-- Error, Advert is not available at this time due to schedule\/geolocation restrictions! -->\n","protected":false},"excerpt":{"rendered":"<p>Meslekten ihra\u00e7 edilen &#8216;rock\u00e7\u0131 imam&#8217; Ahmet Muhsin T\u00fczer, &#8220;Tarikat mensubu olsam meslekten ihra\u00e7 edilmezdim. \u0130lahiler icra etsem, takdir ederlerdi&#8221; dedi. T\u00fczer, &#8220;Bu ya\u015fad\u0131klar\u0131m\u0131 hak etmedim. Burada ayd\u0131nl\u0131k ve karanl\u0131\u011f\u0131n sava\u015f\u0131 var. Bu davan\u0131n kazan\u0131lmas\u0131, a\u015f\u0131lmaz denilen duvarlar\u0131n a\u015f\u0131lmas\u0131 i\u00e7in bir ad\u0131m olacak&#8221; diye konu\u015ftu. Antalya&#8217;n\u0131n Ka\u015f il\u00e7esindeki P\u0131narba\u015f\u0131 Camii&#8217;nde imaml\u0131k yaparken, arkada\u015f\u0131yla &#8216;FiRock&#8217; adl\u0131 bir &hellip;<\/p>\n","protected":false},"author":4,"featured_media":270022,"comment_status":"open","ping_status":"open","sticky":false,"template":"","format":"standard","meta":{"_acf_changed":false,"footnotes":""},"categories":[6155,5005,36154,6805],"tags":[218789,730,919,220796,218791],"class_list":["post-270021","post","type-post","status-publish","format-standard","has-post-thumbnail","hentry","category-gundem","category-manset","category-muzik","category-turkiye","tag-ahmet-muhsin-tuzer","tag-antalya","tag-kas","tag-rock-muzik","tag-rockci-imam"],"acf":[],"_links":{"self":[{"href":"https:\/\/www.nationalturk.com\/tr\/wp-json\/wp\/v2\/posts\/270021","targetHints":{"allow":["GET"]}}],"collection":[{"href":"https:\/\/www.nationalturk.com\/tr\/wp-json\/wp\/v2\/posts"}],"about":[{"href":"https:\/\/www.nationalturk.com\/tr\/wp-json\/wp\/v2\/types\/post"}],"author":[{"embeddable":true,"href":"https:\/\/www.nationalturk.com\/tr\/wp-json\/wp\/v2\/users\/4"}],"replies":[{"embeddable":true,"href":"https:\/\/www.nationalturk.com\/tr\/wp-json\/wp\/v2\/comments?post=270021"}],"version-history":[{"count":0,"href":"https:\/\/www.nationalturk.com\/tr\/wp-json\/wp\/v2\/posts\/270021\/revisions"}],"wp:featuredmedia":[{"embeddable":true,"href":"https:\/\/www.nationalturk.com\/tr\/wp-json\/wp\/v2\/media\/270022"}],"wp:attachment":[{"href":"https:\/\/www.nationalturk.com\/tr\/wp-json\/wp\/v2\/media?parent=270021"}],"wp:term":[{"taxonomy":"category","embeddable":true,"href":"https:\/\/www.nationalturk.com\/tr\/wp-json\/wp\/v2\/categories?post=270021"},{"taxonomy":"post_tag","embeddable":true,"href":"https:\/\/www.nationalturk.com\/tr\/wp-json\/wp\/v2\/tags?post=270021"}],"curies":[{"name":"wp","href":"https:\/\/api.w.org\/{rel}","templated":true}]}}