{"id":270089,"date":"2018-10-09T18:34:51","date_gmt":"2018-10-09T15:34:51","guid":{"rendered":"http:\/\/www.nationalturk.com\/?p=270089"},"modified":"2018-10-09T18:34:51","modified_gmt":"2018-10-09T15:34:51","slug":"kasikci-olayina-iki-savci","status":"publish","type":"post","link":"https:\/\/www.nationalturk.com\/tr\/kasikci-olayina-iki-savci\/","title":{"rendered":"Ka\u015f\u0131k\u00e7\u0131 olay\u0131na iki savc\u0131"},"content":{"rendered":"<h2>Suudi gazeteci Cemal Ka\u015f\u0131k\u00e7\u0131&#8217;n\u0131n kaybolmas\u0131na ili\u015fkin, konsolosluktaki adli i\u015flemler i\u00e7in bir ba\u015fsavc\u0131vekili ve bir cumhuriyet savc\u0131s\u0131 g\u00f6revlendirildi.<\/h2>\n<p>Suudi Arabistan&#8217;\u0131n \u0130stanbul Ba\u015fkonsoloslu\u011fu&#8217;na girdikten sonra kendisinden haber al\u0131namayan Washington Post yazar\u0131 Suudi gazeteci Cemal Ka\u015f\u0131k\u00e7\u0131&#8217;n\u0131n al\u0131konuldu\u011fu iddias\u0131na ili\u015fkin ba\u015flat\u0131lan soru\u015fturma kapsam\u0131nda, konsolosluktaki adli i\u015flemleri y\u00fcr\u00fctmek \u00fczere bir ba\u015fsavc\u0131vekili ve bir cumhuriyet savc\u0131s\u0131n\u0131n g\u00f6revlendirildi\u011fi belirtildi. <\/p>\n<p>\u0130stanbul Cumhuriyet Ba\u015fsavc\u0131l\u0131\u011f\u0131&#8217;nca, Suudi Arabistan vatanda\u015f\u0131 Ka\u015f\u0131k\u00e7\u0131&#8217;n\u0131n 2 Ekim saat 13.00&#8217;te girdi\u011fi \u00fclkesinin \u0130stanbul Ba\u015fkonsoloslu\u011fu&#8217;nda al\u0131konuldu\u011fu iddias\u0131na ili\u015fkin y\u00fcr\u00fct\u00fclen soru\u015fturma kapsam\u0131nda, konsoloslukta inceleme yap\u0131laca\u011f\u0131n\u0131n belirtilmesinin ard\u0131ndan bir geli\u015fme ya\u015fand\u0131. <\/p>\n<p>Ba\u015fsavc\u0131l\u0131k taraf\u0131ndan, konsolosluktaki adli i\u015flemleri y\u00fcr\u00fctmek \u00fczere bir ba\u015fsavc\u0131vekili ve bir cumhuriyet savc\u0131s\u0131n\u0131n g\u00f6revlendirildi\u011fi kaydedildi. <\/p>\n<!-- Error, Advert is not available at this time due to schedule\/geolocation restrictions! -->\n","protected":false},"excerpt":{"rendered":"<p>Suudi gazeteci Cemal Ka\u015f\u0131k\u00e7\u0131&#8217;n\u0131n kaybolmas\u0131na ili\u015fkin, konsolosluktaki adli i\u015flemler i\u00e7in bir ba\u015fsavc\u0131vekili ve bir cumhuriyet savc\u0131s\u0131 g\u00f6revlendirildi. Suudi Arabistan&#8217;\u0131n \u0130stanbul Ba\u015fkonsoloslu\u011fu&#8217;na girdikten sonra kendisinden haber al\u0131namayan Washington Post yazar\u0131 Suudi gazeteci Cemal Ka\u015f\u0131k\u00e7\u0131&#8217;n\u0131n al\u0131konuldu\u011fu iddias\u0131na ili\u015fkin ba\u015flat\u0131lan soru\u015fturma kapsam\u0131nda, konsolosluktaki adli i\u015flemleri y\u00fcr\u00fctmek \u00fczere bir ba\u015fsavc\u0131vekili ve bir cumhuriyet savc\u0131s\u0131n\u0131n g\u00f6revlendirildi\u011fi belirtildi. \u0130stanbul Cumhuriyet Ba\u015fsavc\u0131l\u0131\u011f\u0131&#8217;nca, &hellip;<\/p>\n","protected":false},"author":4,"featured_media":270090,"comment_status":"open","ping_status":"open","sticky":false,"template":"","format":"standard","meta":{"_acf_changed":false,"footnotes":""},"categories":[6155,5005,349,6805],"tags":[218800,4788],"class_list":["post-270089","post","type-post","status-publish","format-standard","has-post-thumbnail","hentry","category-gundem","category-manset","category-son-dakika","category-turkiye","tag-cemal-kasikci","tag-suudi-arabistan"],"acf":[],"_links":{"self":[{"href":"https:\/\/www.nationalturk.com\/tr\/wp-json\/wp\/v2\/posts\/270089","targetHints":{"allow":["GET"]}}],"collection":[{"href":"https:\/\/www.nationalturk.com\/tr\/wp-json\/wp\/v2\/posts"}],"about":[{"href":"https:\/\/www.nationalturk.com\/tr\/wp-json\/wp\/v2\/types\/post"}],"author":[{"embeddable":true,"href":"https:\/\/www.nationalturk.com\/tr\/wp-json\/wp\/v2\/users\/4"}],"replies":[{"embeddable":true,"href":"https:\/\/www.nationalturk.com\/tr\/wp-json\/wp\/v2\/comments?post=270089"}],"version-history":[{"count":0,"href":"https:\/\/www.nationalturk.com\/tr\/wp-json\/wp\/v2\/posts\/270089\/revisions"}],"wp:featuredmedia":[{"embeddable":true,"href":"https:\/\/www.nationalturk.com\/tr\/wp-json\/wp\/v2\/media\/270090"}],"wp:attachment":[{"href":"https:\/\/www.nationalturk.com\/tr\/wp-json\/wp\/v2\/media?parent=270089"}],"wp:term":[{"taxonomy":"category","embeddable":true,"href":"https:\/\/www.nationalturk.com\/tr\/wp-json\/wp\/v2\/categories?post=270089"},{"taxonomy":"post_tag","embeddable":true,"href":"https:\/\/www.nationalturk.com\/tr\/wp-json\/wp\/v2\/tags?post=270089"}],"curies":[{"name":"wp","href":"https:\/\/api.w.org\/{rel}","templated":true}]}}