{"id":270390,"date":"2018-10-19T18:01:43","date_gmt":"2018-10-19T15:01:43","guid":{"rendered":"http:\/\/www.nationalturk.com\/?p=270390"},"modified":"2018-10-19T18:01:43","modified_gmt":"2018-10-19T15:01:43","slug":"besiktas-baskan-adayi-tekinoktay-egitim-manifestosunu-acikladi","status":"publish","type":"post","link":"https:\/\/www.nationalturk.com\/tr\/besiktas-baskan-adayi-tekinoktay-egitim-manifestosunu-acikladi\/","title":{"rendered":"Be\u015fikta\u015f Ba\u015fkan aday\u0131 Tekinoktay E\u011fitim Manifestosunu a\u00e7\u0131klad\u0131"},"content":{"rendered":"<h2>May\u0131s 2019&#8217;da yap\u0131lacak ola\u011fan genel kurulda Be\u015fikta\u015f ba\u015fkan aday\u0131 oldu\u011funu a\u00e7\u0131klayan H\u00fcrser Tekinoktay, 3. manifestosunu a\u00e7\u0131klad\u0131.<\/h2>\n<p>Be\u015fikta\u015f Postas\u0131&#8217;n\u0131n haberine g\u00f6re yeni manifestoyu \u201cSpordaki kaos ve \u00e7\u00f6z\u00fcms\u00fczl\u00fc\u011f\u00fcn artarak b\u00fcy\u00fcd\u00fc\u011f\u00fc i\u00e7inde bulundu\u011fumuz bug\u00fcnlerde, 2019 Projelerimizden biri olan \u201cE\u011fitim\u201d ile ilgili olan 3. Manifestomuz\u201d s\u00f6zleriyle duyuran H\u00fcrser Tekinoktay\u2019\u0131n a\u00e7\u0131klamalar\u0131 \u015f\u00f6yle;<\/p>\n<p>\u201cDe\u011fi\u015fim Ba\u015fl\u0131yor,<\/p>\n<p>E\u011fitim Manifestosu<\/p>\n<p>1- Be\u015fikta\u015f Jimnastik Kul\u00fcb\u00fc tarihsel misyonu do\u011frultusunda bir \u00fcniversite kuracakt\u0131r.<\/p>\n<p>2- \u00dcniversitenin b\u00f6l\u00fcmleri spor kul\u00fcb\u00fcm\u00fcz\u00fcn i\u015fleyi\u015f ve misyonu \u00e7er\u00e7evesinde g\u00fcncel, k\u00fcresel rekabet i\u00e7erisinde, pop\u00fclist kurgudan uzak, sporun temel yap\u0131s\u0131n\u0131 sa\u011flayan, T\u00fcrkiye\u2019de ilk kez a\u00e7\u0131lacak yeni b\u00f6l\u00fcmlerden olu\u015facakt\u0131r.<\/p>\n<p>3- Kendi i\u015fleyi\u015f mekanizmas\u0131 i\u00e7erisinde yer alan t\u00fcm birimlere ve kendi \u00f6z kaynak d\u00fczenine donan\u0131ml\u0131 insan yeti\u015ftirmenin yan\u0131nda, t\u00fcm spor kurumlar\u0131n\u0131n ihtiyac\u0131n\u0131 kar\u015f\u0131layacak, \u00fclkedeki insan kalifiyesinin \u00fcst d\u00fczeye \u00e7\u0131kmas\u0131n\u0131 sa\u011flayacak m\u00fcfredat b\u00fct\u00fcnl\u00fc\u011f\u00fcn\u00fc uygulayacakt\u0131r.<\/p>\n<p>4- \u00dcniversiteye paralel olarak alt yap\u0131 tesisleri i\u00e7erisine \u015ean \u00d6kten Spor Lisesi kurularak altyap\u0131 ve \u00f6z kaynaklar\u0131n\u0131 e\u011fitim ile entegre etme ba\u015far\u0131s\u0131n\u0131 g\u00f6sterecek bir kurgu haline getirilecektir.<\/p>\n<p>5- Spor Lisesi, BJK\u2019nin kurulu\u015f felsefesi olan \u201c\u00f6nce iyi insan\u201d yeti\u015ftirme prensibinden yola \u00e7\u0131karak, sporcular\u0131n\u0131n entelekt\u00fcel ve donan\u0131ml\u0131 birey olmas\u0131n\u0131 ama\u00e7 edinecek,<br \/>\nSporcular\u0131n performans\u0131n\u0131 direkt etkileyen beslenme, dinlenme ve antrenman \u00fc\u00e7genini sorun olmaktan \u00e7\u0131kartacakt\u0131r.<\/p>\n<p>6-Spor Hukukunun temel eksikli\u011fi hukuk sisteminin i\u00e7indeki yasal bo\u015fluklard\u0131r.<\/p>\n<p>Bu yasal bo\u015fluklar\u0131 gidermek i\u00e7in Adalet Bakanl\u0131\u011f\u0131 ile konsorsiyum sa\u011flanarak \u00fcniversitemizin Hukuk Fak\u00fcltesinde \u2018Spor Hukuku\u2019 ihtisas b\u00f6l\u00fcm\u00fc kurulacakt\u0131r.<\/p>\n<p>7- D\u00fcnyadaki en kuvvetli spor end\u00fcstrisine sahip ABD ve \u0130ngiltere ile k\u00fcresel rekabeti sa\u011flayacak insanlar\u0131 yeti\u015ftirmek i\u00e7in global anlamda en k\u00e2rl\u0131 sekt\u00f6r olan e\u011fitime yat\u0131r\u0131m yap\u0131lacakt\u0131r.<\/p>\n<p>8- BJK \u00dcniversitesi Akatlar Spor Kompleksi arazisinin yan\u0131na konu\u015fland\u0131r\u0131l\u0131p orta vadede ciddi bir insan kalitesi ve gelir sa\u011flanacakt\u0131r.<\/p>\n<p>9- BJK \u00dcniversitesi b\u00fcnyesinde S\u00fcrekli E\u011fitim Merkezi kurulup 1 y\u0131l lisansl\u0131 spor yapm\u0131\u015f t\u00fcm eski ve sporu yeni b\u0131rakm\u0131\u015f sporculara meslek edinme sertifika programlar\u0131 \u00fccretsiz a\u00e7\u0131larak meslek edinmeleri ve istihdam edilmeleri sa\u011flanacakt\u0131r.<\/p>\n<p>10- Ayr\u0131ca, eski sporcular\u0131m\u0131z\u0131n kul\u00fcb\u00fcm\u00fcz\u00fcn \u00e7e\u015fitli departmanlar\u0131nda profesyonel katk\u0131 sa\u011flamalar\u0131 amac\u0131yla \u0130ngiltere, \u0130spanya ve Almanya gibi \u00fclkelerin Federasyonlar\u0131yla yap\u0131lacak i\u015f birli\u011fiyle e\u011fitim almalar\u0131 sa\u011flanacakt\u0131r.<\/p>\n<p>BJK Ba\u015fkan Aday\u0131<br \/>\nH\u00fcrser Tekinoktay\u201d<\/p>\n<!-- Error, Advert is not available at this time due to schedule\/geolocation restrictions! -->\n","protected":false},"excerpt":{"rendered":"<p>May\u0131s 2019&#8217;da yap\u0131lacak ola\u011fan genel kurulda Be\u015fikta\u015f ba\u015fkan aday\u0131 oldu\u011funu a\u00e7\u0131klayan H\u00fcrser Tekinoktay, 3. manifestosunu a\u00e7\u0131klad\u0131. Be\u015fikta\u015f Postas\u0131&#8217;n\u0131n haberine g\u00f6re yeni manifestoyu \u201cSpordaki kaos ve \u00e7\u00f6z\u00fcms\u00fczl\u00fc\u011f\u00fcn artarak b\u00fcy\u00fcd\u00fc\u011f\u00fc i\u00e7inde bulundu\u011fumuz bug\u00fcnlerde, 2019 Projelerimizden biri olan \u201cE\u011fitim\u201d ile ilgili olan 3. Manifestomuz\u201d s\u00f6zleriyle duyuran H\u00fcrser Tekinoktay\u2019\u0131n a\u00e7\u0131klamalar\u0131 \u015f\u00f6yle; \u201cDe\u011fi\u015fim Ba\u015fl\u0131yor, E\u011fitim Manifestosu 1- Be\u015fikta\u015f Jimnastik Kul\u00fcb\u00fc &hellip;<\/p>\n","protected":false},"author":4,"featured_media":221796,"comment_status":"open","ping_status":"open","sticky":false,"template":"","format":"standard","meta":{"_acf_changed":false,"footnotes":""},"categories":[6774,6155,5005,349,6194],"tags":[1748,38412,4808,17641],"class_list":["post-270390","post","type-post","status-publish","format-standard","has-post-thumbnail","hentry","category-futbol","category-gundem","category-manset","category-son-dakika","category-spor","tag-besiktas","tag-besiktas-postasi","tag-bjk","tag-hurser-tekinoktay"],"acf":[],"_links":{"self":[{"href":"https:\/\/www.nationalturk.com\/tr\/wp-json\/wp\/v2\/posts\/270390","targetHints":{"allow":["GET"]}}],"collection":[{"href":"https:\/\/www.nationalturk.com\/tr\/wp-json\/wp\/v2\/posts"}],"about":[{"href":"https:\/\/www.nationalturk.com\/tr\/wp-json\/wp\/v2\/types\/post"}],"author":[{"embeddable":true,"href":"https:\/\/www.nationalturk.com\/tr\/wp-json\/wp\/v2\/users\/4"}],"replies":[{"embeddable":true,"href":"https:\/\/www.nationalturk.com\/tr\/wp-json\/wp\/v2\/comments?post=270390"}],"version-history":[{"count":0,"href":"https:\/\/www.nationalturk.com\/tr\/wp-json\/wp\/v2\/posts\/270390\/revisions"}],"wp:featuredmedia":[{"embeddable":true,"href":"https:\/\/www.nationalturk.com\/tr\/wp-json\/wp\/v2\/media\/221796"}],"wp:attachment":[{"href":"https:\/\/www.nationalturk.com\/tr\/wp-json\/wp\/v2\/media?parent=270390"}],"wp:term":[{"taxonomy":"category","embeddable":true,"href":"https:\/\/www.nationalturk.com\/tr\/wp-json\/wp\/v2\/categories?post=270390"},{"taxonomy":"post_tag","embeddable":true,"href":"https:\/\/www.nationalturk.com\/tr\/wp-json\/wp\/v2\/tags?post=270390"}],"curies":[{"name":"wp","href":"https:\/\/api.w.org\/{rel}","templated":true}]}}