{"id":270429,"date":"2018-10-22T15:54:05","date_gmt":"2018-10-22T12:54:05","guid":{"rendered":"http:\/\/www.nationalturk.com\/?p=270429"},"modified":"2024-11-26T22:03:39","modified_gmt":"2024-11-26T19:03:39","slug":"suriyelilere-35-milyar-dolar-veriyorsun-emekliye-ver","status":"publish","type":"post","link":"https:\/\/www.nationalturk.com\/tr\/suriyelilere-35-milyar-dolar-veriyorsun-emekliye-ver\/","title":{"rendered":"&#8220;Suriyelilere 35 milyar dolar veriyorsun, emekliye ver&#8221;"},"content":{"rendered":"<h2>CHP Genel Ba\u015fkan\u0131 K\u0131l\u0131\u00e7daro\u011flu, emeklilikte ya\u015fa tak\u0131lanlarla ilgili, &#8220;Suriyelilere 35 milyar dolar veriyorsun, emekliye ver.&#8221; dedi.<\/h2>\n<p>CHP Genel Ba\u015fkan Yard\u0131mc\u0131s\u0131 Veli A\u011fbaba&#8217;n\u0131n koordinat\u00f6rl\u00fc\u011f\u00fcnde CHP Emek B\u00fcrolar\u0131nca bir otelde &#8220;Sosyal G\u00fcvenlik Sistemi ve Emeklilikte Ya\u015fa Tak\u0131lanlar (EYT) \u00c7al\u0131\u015ftay\u0131&#8221; d\u00fczenlendi.<\/p>\n<p>CHP Genel Ba\u015fkan\u0131 Kemal K\u0131l\u0131\u00e7daro\u011flu, burada yapt\u0131\u011f\u0131 konu\u015fmada, sosyal g\u00fcvenlik hakk\u0131n\u0131n insan haklar\u0131n\u0131n ayr\u0131lmaz bir par\u00e7as\u0131 oldu\u011funu, bunun anayasada da g\u00fcvence alt\u0131na al\u0131nd\u0131\u011f\u0131n\u0131 s\u00f6yledi.<\/p>\n<p>T\u00fcrkiye&#8217;de emeklilikte ya\u015fa tak\u0131lanlar\u0131n sorunlar\u0131n\u0131n oldu\u011funu, bir hakk\u0131n sonradan \u00e7\u0131kan bir yasayla elden al\u0131nd\u0131\u011f\u0131n\u0131 anlatan K\u0131l\u0131\u00e7daro\u011flu, &#8220;Kazan\u0131lm\u0131\u015f hak m\u0131d\u0131r, de\u011fil midir tart\u0131\u015fma konusu ama bir hakk\u0131n ki\u015filerin elinden al\u0131nd\u0131\u011f\u0131 bir ger\u00e7ek var. Sorun nas\u0131l \u00e7\u00f6z\u00fcl\u00fcr? Sorun, ak\u0131lc\u0131 politikalarla \u00e7\u00f6z\u00fcl\u00fcr. &#8216;Ben \u00e7\u00f6zd\u00fcm.&#8217; demekle \u00e7\u00f6z\u00fclmez. Bu sorunun taraflar\u0131 vard\u0131r. \u0130\u015f\u00e7isi, i\u015fvereni, ba\u011f\u0131ms\u0131z \u00e7al\u0131\u015fan\u0131, kamu \u00e7al\u0131\u015fan\u0131, \u00e7ift\u00e7isi, esnaf\u0131 vard\u0131r. B\u00fct\u00fcn taraflar\u0131n bir araya gelmesiyle oturulur, \u00e7\u00f6z\u00fcm \u00fcretilir. Sa\u011fl\u0131kl\u0131 i\u015fleyen bir devlet yap\u0131s\u0131nda, bir politik yap\u0131da sorunlar b\u00f6yle \u00e7\u00f6z\u00fcl\u00fcr.&#8221; diye konu\u015ftu.<\/p>\n<p>&#8220;38 ya\u015f\u0131nda emeklilik zaten olmaz&#8221;<br \/>\nGelirlerin tahsil edilmemesinin, gerekli cezalar\u0131n uygulanmamas\u0131n\u0131n faturas\u0131n\u0131n vatanda\u015fa \u00e7\u0131kar\u0131ld\u0131\u011f\u0131n\u0131 de\u011ferlendiren K\u0131l\u0131\u00e7daro\u011flu, \u015f\u00f6yle konu\u015ftu:<\/p>\n<p>&#8220;Ondan sonra d\u00f6n\u00fcp &#8216;Sosyal g\u00fcvenlik sisteminde a\u00e7\u0131k var. Ne demek emeklilikte ya\u015fa tak\u0131lanlar, ne demek hak talebinde bulunma?&#8217; diyorlar. &#8216;750 milyar lira a\u00e7\u0131k olacak.&#8217; deniyor. &#8217;40 y\u0131l bedavadan m\u0131 bunlara ayl\u0131k \u00f6deyece\u011fiz?&#8217; diye a\u011f\u0131r ele\u015ftiriler geliyor. \u0130ktidar yapmas\u0131 gerekeni yapm\u0131yor, fatura vatanda\u015fa \u00e7\u0131k\u0131yor. 38 ya\u015f\u0131nda emeklilik zaten olmaz. Hi\u00e7bir arkada\u015f\u0131m da &#8216;Ben 38 ya\u015f\u0131nda emekli olay\u0131m.&#8217; diye ortaya \u00e7\u0131kmaz ama &#8216;Bir hak varsa, yasalar bana bir hak tan\u0131d\u0131ysa ben bu hakk\u0131 kullanmak isterim.&#8217; diyor. &#8216;Emeklilikte ya\u015fa tak\u0131lanlar\u0131n sorunu \u00e7\u00f6z\u00fcl\u00fcrse 750 milyar lira a\u00e7\u0131k olacakm\u0131\u015f.&#8217; Bu rakam asla ve asla ger\u00e7ek\u00e7i bir rakam de\u011fil, do\u011fru bir rakam da de\u011fil. \u00c7\u0131k\u0131p hesab\u0131n\u0131 yaps\u0131nlar, milletin \u00f6n\u00fcne koysunlar, bir bakal\u0131m 750 milyar liray\u0131 nereden buldular? Bu rakam\u0131n verilmesi, 38 ya\u015f\u0131nda emeklilik laf\u0131n\u0131n s\u00f6ylenmesiyle sosyal g\u00fcvenlik sisteminde sizin beklentilerinize uygun bir d\u00fczenlemenin yap\u0131lmas\u0131n\u0131n \u00f6n\u00fcn\u00fc kesmek istiyorlar.&#8221;<\/p>\n<p>&#8220;Aile yard\u0131mlar\u0131 sigortas\u0131 mutlaka \u00e7\u0131kar\u0131lmal\u0131&#8221;<br \/>\nVatanda\u015flardan, &#8220;Karde\u015fim sen iktidar olarak \u00fcst\u00fcne d\u00fc\u015fen g\u00f6revi yap\u0131yor musun? Alacaklar\u0131 topluyor musun? Yoksa birilerine pe\u015fke\u015f mi \u00e7ekiyorsun? Neden prim aidatlar\u0131n\u0131 zaman\u0131nda toplam\u0131yorsun?&#8221; diye sormalar\u0131n\u0131 isteyen K\u0131l\u0131\u00e7daro\u011flu, emekli ayl\u0131\u011f\u0131n\u0131n, insanlar\u0131n gelecek kayg\u0131s\u0131n\u0131 zihinlerinden atmalar\u0131n\u0131 sa\u011flad\u0131\u011f\u0131n\u0131 dile getirdi.<\/p>\n<p>K\u0131l\u0131\u00e7daro\u011flu, 55 ya\u015f\u0131nda i\u015fsiz kalan bir ki\u015finin belli bir s\u00fcre i\u015fsizlik sigortas\u0131ndan ayl\u0131k ald\u0131ktan sonra i\u015f bulamamas\u0131 durumunda devreye &#8220;aile yard\u0131mlar\u0131 sigortas\u0131n\u0131n&#8221; girmesi gerekti\u011fini vurgulayarak, b\u00f6ylece emeklili\u011fe kadar ailenin sosyal g\u00fcvenli\u011finin sa\u011flanm\u0131\u015f olaca\u011f\u0131na i\u015faret etti.<\/p>\n<p>Aile sigortas\u0131n\u0131 \u0131srarla &#8220;uygulamaya koyun&#8221; demelerinin temelinde bunun yatt\u0131\u011f\u0131n\u0131 dile getiren K\u0131l\u0131\u00e7daro\u011flu, &#8220;Aile yard\u0131mlar\u0131 sigortas\u0131 olsa kimse erken emeklilik, ge\u00e7 emeklilik diye bir aray\u0131\u015f\u0131n i\u00e7ine girmez.&#8221; dedi.<\/p>\n<p>K\u0131l\u0131\u00e7daro\u011flu, i\u015f\u00e7i ve i\u015fveren b\u00fct\u00fcn sendikalardan beklentisinin, aile yard\u0131mlar\u0131 sigortas\u0131n\u0131n mutlaka \u00e7\u0131kar\u0131lmas\u0131 konusunda ortak \u00e7al\u0131\u015fmalar\u0131 oldu\u011funu vurgulayarak, bu i\u015fin sa\u011f\u0131-solunun, siyasi partisinin olmad\u0131\u011f\u0131n\u0131, bunun insan onurunu koruma i\u015fi oldu\u011funu bildirdi.<\/p>\n<p>&#8220;Bunlar ak\u0131lc\u0131 politikayla yap\u0131l\u0131r&#8221;<br \/>\nBelli bir ya\u015ftan sonra i\u015fverenin \u00e7al\u0131\u015fana &#8220;sen ya\u015fl\u0131s\u0131n&#8221; diye i\u015f vermedi\u011fine, devletin ise &#8220;sen gen\u00e7sin&#8221; dedi\u011fine dikkati \u00e7eken K\u0131l\u0131\u00e7daro\u011flu, bu sorunun \u00e7\u00f6z\u00fclmesi gerekti\u011finin alt\u0131n\u0131 \u00e7izdi. Genel Ba\u015fkan K\u0131l\u0131\u00e7daro\u011flu, \u015funlar\u0131 kaydetti:<\/p>\n<p>&#8220;Kalk\u0131p meydanlarda konu\u015fmak yerine&#8230; Efendim &#8216;750 milyar lira \u00e7ekemeyiz y\u00fck\u00fc.&#8217; Suriyelilere 35 milyar dolar veriyorsun, emekliye ver. Bunu s\u00f6yleyince de &#8216;Efendim sen \u0131rk\u00e7\u0131l\u0131k yap\u0131yorsun.&#8217; Hay\u0131r efendim, ben kendi insan\u0131m\u0131n haklar\u0131n\u0131 koruyorum. Bu \u00fclkede ya\u015fayan vatanda\u015f\u0131m\u0131n hakk\u0131n\u0131, hukukunu koruyorum. Her t\u00fcrl\u00fc israf\u0131 yapacaks\u0131n, efendim &#8216;\u00e7ift maa\u015f alacaklarm\u0131\u015f.&#8217;, sen de \u00e7ift maa\u015f al\u0131yorsun. Sen \u00e7ift maa\u015f al\u0131rken iyi de sokaktaki vatanda\u015f al\u0131rken mi k\u00f6t\u00fc oluyor? Ayr\u0131ca aile yard\u0131mlar\u0131 sigortas\u0131 olmas\u0131na ra\u011fmen, erken emeklilik Finlandiya ve Almanya&#8217;da var. Ki\u015fi isterse, belli bir ya\u015fta, normal yasan\u0131n \u00f6ng\u00f6rd\u00fc\u011f\u00fc s\u00fcreyi beklemeden erken emekli olabiliyor. B\u00fct\u00fcn bunlar ak\u0131lc\u0131 politikalarla yap\u0131l\u0131r. Hesap kitap i\u015fleriyle, akt\u00fceryal dengeleri sa\u011flanarak yap\u0131l\u0131r. Hi\u00e7bir \u015fey yapmayacaks\u0131n\u0131z, emekliyi peri\u015fan edeceksiniz, emekli ayl\u0131\u011f\u0131n\u0131 yar\u0131 yar\u0131ya d\u00fc\u015f\u00fcreceksiniz, sosyal g\u00fcvenlik sistemi hala a\u00e7\u0131k verecek, \u00e7\u0131k\u0131p bunun hesab\u0131n\u0131 vermek yerine, emeklilikte ya\u015fa tak\u0131lanlar hak istiyorlar onlar\u0131 ele\u015ftireceksiniz. Buna biz, &#8216;\u00f6zr\u00fc kabahatinden b\u00fcy\u00fck&#8217; deriz. \u00d6zr\u00fc kabahatinden b\u00fcy\u00fck bir politikac\u0131yla kar\u015f\u0131 kar\u015f\u0131yas\u0131n\u0131z.&#8221;<\/p>\n<p>Bu sorunu \u00e7\u00f6zecek olanlar\u0131n, mart ay\u0131nda sand\u0131kta ders verecek vatanda\u015flar oldu\u011funu ifade eden K\u0131l\u0131\u00e7daro\u011flu, &#8220;Ya b\u00fct\u00fcn bu ger\u00e7ekleri g\u00f6r\u00fcp bu ger\u00e7eklere uygun politikalar\u0131 savunan siyasal partiye destek vereceksiniz ya da sizleri a\u00e7l\u0131\u011fa mahkum eden bir siyasal partiye destek vermeye devam edeceksiniz.&#8221; dedi.<\/p>\n<p>&#8220;Sonuna kadar sahip \u00e7\u0131kaca\u011f\u0131z<br \/>\n&#8220;Her t\u00fcrl\u00fc israf\u0131 yapacaks\u0131n\u0131z, yazl\u0131k saraylarda, k\u0131\u015fl\u0131k saraylarda, u\u00e7an saraylarda oturacaks\u0131n\u0131z, asgari \u00fccret \u00fczerinden prim \u00f6deyip emeklilik dilek\u00e7esi verene ayda 801 lira emekli ayl\u0131\u011f\u0131 vereceksiniz. \u0130nsan utan\u0131r biraz.&#8221; ifadesini kullanan K\u0131l\u0131\u00e7daro\u011flu, kay\u0131t d\u0131\u015f\u0131 \u00e7al\u0131\u015fmayla m\u00fccadelenin \u00f6nemine vurgu yapt\u0131.<\/p>\n<p>K\u0131l\u0131\u00e7daro\u011flu, kay\u0131t d\u0131\u015f\u0131 ekonomiyle m\u00fccadele i\u00e7in sendikal\u0131la\u015fman\u0131n gerekli oldu\u011funun alt\u0131n\u0131 \u00e7izerek, bununla ilgili as\u0131l m\u00fccadeleyi sendikac\u0131lar\u0131n yapmas\u0131 gerekti\u011fini s\u00f6yledi.<\/p>\n<p>\u00dcniversitelerin, sosyal bilimcilerin sessiz kalmamas\u0131 gerekti\u011fini belirten K\u0131l\u0131\u00e7daro\u011flu, \u015fu g\u00f6r\u00fc\u015fleri dile getirdi:<\/p>\n<p>&#8220;\u015eimdi g\u00fcndem ne? &#8216;Emeklilikte ya\u015fa tak\u0131lanlara hak verirsek, 40 y\u0131l bedavadan ayl\u0131k alacakm\u0131\u015fs\u0131n\u0131z, 700 milyar lira y\u00fck\u00fc olacakm\u0131\u015f.&#8217; Efendim &#8216;Biz ekonomide milli kurtulu\u015f sava\u015f\u0131 veriyoruz, 700 milyar liray\u0131 nas\u0131l \u00f6deyece\u011fiz?&#8217; Hangi ekonomide kurtulu\u015f sava\u015f\u0131 veriyoruz? Bu ekonomiyi kurtulu\u015f sava\u015f\u0131 verecek hale kim getirdi? Frans\u0131zlar m\u0131, Almanlar m\u0131, \u0130ngilizler mi, Papua Yeni Gine mi, Sudan m\u0131 getirdi? Kim y\u00f6netiyor bu \u00fclkeyi? \u00d6zr\u00fc kabahatinden b\u00fcy\u00fck laflarla sizin \u00f6n\u00fcn\u00fcze ge\u00e7mek istiyorlar ama benim size bir s\u00f6z\u00fcm var, siz hakk\u0131n\u0131za sahip \u00e7\u0131kmasan\u0131z bile, biz sizin hakk\u0131n\u0131za sahip \u00e7\u0131kaca\u011f\u0131z. Ahlaki siyaset yap\u0131yoruz. Adalete dayanan bir siyaset yap\u0131yoruz, insan\u0131m\u0131z\u0131 siyasetin oda\u011f\u0131na al\u0131yoruz. Onun bu memlekette huzur i\u00e7inde ya\u015famas\u0131n\u0131 istiyoruz. E\u011fer bunu sa\u011flayamazsan\u0131z, kendi i\u00e7inde bar\u0131\u015f\u0131k bir toplum yaratamazs\u0131n\u0131z. O nedenle biz, bu \u00fclkede kendi i\u00e7inde bar\u0131\u015f\u0131k bir toplum yaratmak i\u00e7in m\u00fccadele ediyoruz. Emeklilikte ya\u015fa tak\u0131lanlar\u0131n sorununu da bu ba\u011flamda g\u00f6r\u00fcyoruz ve sizin sorununuza sonuna kadar sahip \u00e7\u0131kaca\u011f\u0131z bunun da s\u00f6z\u00fcn\u00fc veriyoruz.&#8221; <\/p>\n<!-- Error, Advert is not available at this time due to schedule\/geolocation restrictions! -->\n","protected":false},"excerpt":{"rendered":"<p>CHP Genel Ba\u015fkan\u0131 K\u0131l\u0131\u00e7daro\u011flu, emeklilikte ya\u015fa tak\u0131lanlarla ilgili, &#8220;Suriyelilere 35 milyar dolar veriyorsun, emekliye ver.&#8221; dedi. CHP Genel Ba\u015fkan Yard\u0131mc\u0131s\u0131 Veli A\u011fbaba&#8217;n\u0131n koordinat\u00f6rl\u00fc\u011f\u00fcnde CHP Emek B\u00fcrolar\u0131nca bir otelde &#8220;Sosyal G\u00fcvenlik Sistemi ve Emeklilikte Ya\u015fa Tak\u0131lanlar (EYT) \u00c7al\u0131\u015ftay\u0131&#8221; d\u00fczenlendi. CHP Genel Ba\u015fkan\u0131 Kemal K\u0131l\u0131\u00e7daro\u011flu, burada yapt\u0131\u011f\u0131 konu\u015fmada, sosyal g\u00fcvenlik hakk\u0131n\u0131n insan haklar\u0131n\u0131n ayr\u0131lmaz bir par\u00e7as\u0131 oldu\u011funu, &hellip;<\/p>\n","protected":false},"author":4,"featured_media":270430,"comment_status":"open","ping_status":"open","sticky":false,"template":"","format":"standard","meta":{"_acf_changed":false,"footnotes":""},"categories":[6155,5005,6772,6202,349],"tags":[8723,218913,2160,5115,806],"class_list":["post-270429","post","type-post","status-publish","format-standard","has-post-thumbnail","hentry","category-gundem","category-manset","category-ortadogu","category-politika","category-son-dakika","tag-chp","tag-emeklilikte-yasa-takilanlar","tag-finlandiya","tag-kemal-kilicdaroglu","tag-suriye"],"acf":[],"_links":{"self":[{"href":"https:\/\/www.nationalturk.com\/tr\/wp-json\/wp\/v2\/posts\/270429","targetHints":{"allow":["GET"]}}],"collection":[{"href":"https:\/\/www.nationalturk.com\/tr\/wp-json\/wp\/v2\/posts"}],"about":[{"href":"https:\/\/www.nationalturk.com\/tr\/wp-json\/wp\/v2\/types\/post"}],"author":[{"embeddable":true,"href":"https:\/\/www.nationalturk.com\/tr\/wp-json\/wp\/v2\/users\/4"}],"replies":[{"embeddable":true,"href":"https:\/\/www.nationalturk.com\/tr\/wp-json\/wp\/v2\/comments?post=270429"}],"version-history":[{"count":1,"href":"https:\/\/www.nationalturk.com\/tr\/wp-json\/wp\/v2\/posts\/270429\/revisions"}],"predecessor-version":[{"id":305437,"href":"https:\/\/www.nationalturk.com\/tr\/wp-json\/wp\/v2\/posts\/270429\/revisions\/305437"}],"wp:featuredmedia":[{"embeddable":true,"href":"https:\/\/www.nationalturk.com\/tr\/wp-json\/wp\/v2\/media\/270430"}],"wp:attachment":[{"href":"https:\/\/www.nationalturk.com\/tr\/wp-json\/wp\/v2\/media?parent=270429"}],"wp:term":[{"taxonomy":"category","embeddable":true,"href":"https:\/\/www.nationalturk.com\/tr\/wp-json\/wp\/v2\/categories?post=270429"},{"taxonomy":"post_tag","embeddable":true,"href":"https:\/\/www.nationalturk.com\/tr\/wp-json\/wp\/v2\/tags?post=270429"}],"curies":[{"name":"wp","href":"https:\/\/api.w.org\/{rel}","templated":true}]}}