{"id":27049,"date":"2010-06-07T11:58:57","date_gmt":"2010-06-07T09:58:57","guid":{"rendered":"http:\/\/www.nationalturk.com\/?p=27049"},"modified":"2010-06-07T11:58:57","modified_gmt":"2010-06-07T09:58:57","slug":"iran-gazze-yardim-gemisi-devrim-muhafizlari-7640983","status":"publish","type":"post","link":"https:\/\/www.nationalturk.com\/tr\/iran-gazze-yardim-gemisi-devrim-muhafizlari-7640983\/","title":{"rendered":"Fla\u015f! \u0130ran Gazze&#8217;ye gemi g\u00f6nderiyor, askerler e\u015flik edecek!"},"content":{"rendered":"<p><strong><img loading=\"lazy\" decoding=\"async\" class=\"alignnone size-full wp-image-27050\" title=\"\u0130ran&#039;\u0131n yard\u0131m gemileri\" src=\"http:\/\/www.nationalturk.com\/tr\/wp-content\/uploads\/2010\/06\/iran_yardim.jpg\" alt=\"\" width=\"512\" height=\"341\" srcset=\"https:\/\/www.nationalturk.com\/tr\/wp-content\/uploads\/2010\/06\/iran_yardim.jpg 512w, https:\/\/www.nationalturk.com\/tr\/wp-content\/uploads\/2010\/06\/iran_yardim-280x186.jpg 280w\" sizes=\"auto, (max-width: 512px) 100vw, 512px\" \/><\/strong><\/p>\n<p><strong>Ortado\u011fu&#8217;da belki de T\u00fcrkiye ile \u0130srail aras\u0131nda ya\u015fanan krizden daha b\u00fcy\u00fc\u011f\u00fc ya\u015fanacak. \u0130ran, Gazze&#8217;ye insani yard\u0131m dolu gemi g\u00f6ndermeye karar verdi, gemilere \u0130ran Devrim Muhaf\u0131zlar\u0131&#8217;n\u0131n e\u015flik edece\u011fi iddialar\u0131 gerilimi t\u0131rmand\u0131rd\u0131.<\/strong><\/p>\n<p>\u0130ran k\u0131z\u0131lay\u0131, Gazze&#8217;ye iki yard\u0131m gemisi g\u00f6nderilece\u011fini a\u00e7\u0131klad\u0131. K\u0131z\u0131lay ba\u015fkan\u0131 \u0130ran&#8217;dan g\u00f6n\u00fcll\u00fc arad\u0131klar\u0131n\u0131 ilan etti.<\/p>\n<p>Ayetullah Ali Hamaney&#8217;in izin vermesi durumunda yard\u0131m gemilerine \u0130ran Devrim Muhaf\u0131zlar\u0131 eskortluk yapacak.<\/p>\n<p>IRNA ajans\u0131n\u0131n haberine g\u00f6re \u0130ran k\u0131z\u0131lay\u0131 Gazze&#8217;ye yard\u0131m ta\u015f\u0131yan iki gemi g\u00f6nderme karar\u0131 ald\u0131. \u0130\u00e7inde g\u0131da ve di\u011fer yard\u0131m malzemeleri olacak gemilerin bu hafta sonunda Gazze&#8217;de olmas\u0131 planlan\u0131yor.<\/p>\n<p>\u0130ran K\u0131z\u0131lay\u0131 uluslararas\u0131 \u0130li\u015fkiler direkt\u00f6r\u00fc Ald\u00fclrauf Abizade, k\u0131z\u0131lay\u0131n gemilerde konu\u015flanmak \u00fczere g\u00f6n\u00fcll\u00fc arad\u0131\u011f\u0131n\u0131 ilan etti.<\/p>\n<p>Gemileri g\u00f6nderme karar\u0131n\u0131n h\u00fck\u00fcmet taraf\u0131ndan al\u0131nd\u0131\u011f\u0131n\u0131 ancak, t\u00fcm insiyatifin toplum taraf\u0131ndan al\u0131nd\u0131\u011f\u0131n\u0131 ifade eden Abizade, ayr\u0131ca gemilere \u0130ran donanmas\u0131n\u0131n e\u015flik etmesi i\u00e7in \u0130ran Dini lideri Ayetullah Ali Hamaney&#8217;den de izin istedi.<\/p>\n<p>\u0130ran K\u0131z\u0131lay\u0131, \u00fclke genelindeki 3500 \u015fubesi ile bankalarda a\u00e7t\u0131rd\u0131\u011f\u0131 \u00f6zel hesaplar arac\u0131l\u0131\u011f\u0131yla halk\u0131n Filistinlilere yard\u0131m kampanyas\u0131na kat\u0131labilece\u011fini a\u00e7\u0131klad\u0131.<\/p>\n<p>\u0130ran Devrim Muhaf\u0131zlar\u0131&#8217;n\u0131n Gazze&#8217;ye insani yard\u0131m g\u00f6t\u00fcren gemilerin g\u00fcvenli\u011fini sa\u011flamak i\u00e7in g\u00f6reve haz\u0131r oldu\u011fu belirtilmi\u015fti.<\/p>\n<p>Dini lider Ayetullah Ali Hamaney&#8217;in Devrim Muhaf\u0131zlar\u0131 Deniz Kuvvetleri&#8217;ndeki temsilcisi Ali \u015eirazi, \u201cDevrim Muhaf\u0131zlar\u0131, t\u00fcm g\u00fcc\u00fc ve imkanlar\u0131yla d\u00fcnyan\u0131n her yerinden mazlum Filistin halk\u0131na insani yard\u0131m g\u00f6t\u00fcren \u00f6zg\u00fcrl\u00fck ve bar\u0131\u015f konvoylar\u0131na eskortluk etmeye haz\u0131r\u201d demi\u015fti.<\/p>\n<p>E\u011fer izin \u00e7\u0131karsa Gemiler \u0130ran Devrim Muhaf\u0131zlar\u0131 e\u015fli\u011finde Gazze&#8217;ye gidecek. \u0130ran 2008 y\u0131l\u0131nda da Gazze&#8217;ye yard\u0131m gemisi g\u00f6ndermek istemi\u015f, ancak yard\u0131m gemileri \u0130srail ordusu taraf\u0131ndan engellenmi\u015fti.<\/p>\n<span style=\"font-weight: bold; color: #f00;\">Error, group does not exist! Check your syntax! (ID: 74)<\/span>\n<!-- Error, Advert is not available at this time due to schedule\/geolocation restrictions! -->\n","protected":false},"excerpt":{"rendered":"<p>\u0130ran Gazze&#8217;ye gemi g\u00f6nderiyor!<\/p>\n","protected":false},"author":4,"featured_media":27050,"comment_status":"open","ping_status":"open","sticky":false,"template":"","format":"standard","meta":{"_acf_changed":false,"footnotes":""},"categories":[6665,6155,5005,6772,6202,349],"tags":[29331,6963,28359,28251,1981,29329,6508,29330,29333,29328,29327,1555,29334,15387,29332],"class_list":["post-27049","post","type-post","status-publish","format-standard","has-post-thumbnail","hentry","category-dunya","category-gundem","category-manset","category-ortadogu","category-politika","category-son-dakika","tag-ayetullah-ali-hamaney","tag-gazze","tag-gazze-yardim-filosu","tag-gazze-yardim-gemileri","tag-iran","tag-iran-askeri","tag-iran-devrim-muhafizlari","tag-iran-gemi","tag-iran-kizilayi","tag-iran-yardim-gemileri","tag-iran-yardim-gemisi","tag-israil","tag-israil-gazze-iran","tag-israil-iran-savasi","tag-kizilay"],"acf":[],"_links":{"self":[{"href":"https:\/\/www.nationalturk.com\/tr\/wp-json\/wp\/v2\/posts\/27049","targetHints":{"allow":["GET"]}}],"collection":[{"href":"https:\/\/www.nationalturk.com\/tr\/wp-json\/wp\/v2\/posts"}],"about":[{"href":"https:\/\/www.nationalturk.com\/tr\/wp-json\/wp\/v2\/types\/post"}],"author":[{"embeddable":true,"href":"https:\/\/www.nationalturk.com\/tr\/wp-json\/wp\/v2\/users\/4"}],"replies":[{"embeddable":true,"href":"https:\/\/www.nationalturk.com\/tr\/wp-json\/wp\/v2\/comments?post=27049"}],"version-history":[{"count":0,"href":"https:\/\/www.nationalturk.com\/tr\/wp-json\/wp\/v2\/posts\/27049\/revisions"}],"wp:featuredmedia":[{"embeddable":true,"href":"https:\/\/www.nationalturk.com\/tr\/wp-json\/wp\/v2\/media\/27050"}],"wp:attachment":[{"href":"https:\/\/www.nationalturk.com\/tr\/wp-json\/wp\/v2\/media?parent=27049"}],"wp:term":[{"taxonomy":"category","embeddable":true,"href":"https:\/\/www.nationalturk.com\/tr\/wp-json\/wp\/v2\/categories?post=27049"},{"taxonomy":"post_tag","embeddable":true,"href":"https:\/\/www.nationalturk.com\/tr\/wp-json\/wp\/v2\/tags?post=27049"}],"curies":[{"name":"wp","href":"https:\/\/api.w.org\/{rel}","templated":true}]}}