{"id":270565,"date":"2018-10-25T17:59:09","date_gmt":"2018-10-25T14:59:09","guid":{"rendered":"http:\/\/www.nationalturk.com\/?p=270565"},"modified":"2018-10-25T17:59:09","modified_gmt":"2018-10-25T14:59:09","slug":"38-kisi-ifade-verdi-5-kisi-gelmedi","status":"publish","type":"post","link":"https:\/\/www.nationalturk.com\/tr\/38-kisi-ifade-verdi-5-kisi-gelmedi\/","title":{"rendered":"38 ki\u015fi ifade verdi, 5 ki\u015fi gelmedi!"},"content":{"rendered":"<h2>Suudi gazeteci Ka\u015f\u0131k\u00e7\u0131&#8217;n\u0131n Suudi Arabistan&#8217;\u0131n \u0130stanbul Ba\u015fkonsoloslu\u011funda \u00f6ld\u00fcr\u00fclmesine ili\u015fkin y\u00fcr\u00fct\u00fclen soru\u015fturma kapsam\u0131nda, 38 konsolosluk \u00e7al\u0131\u015fan\u0131n\u0131n ifade alma i\u015flemi tamamland\u0131.<\/h2>\n<p>\u0130stanbul Cumhuriyet Ba\u015fsavc\u0131l\u0131\u011f\u0131 Ter\u00f6r ve \u00d6rg\u00fctl\u00fc Su\u00e7lar B\u00fcrosunca, Washington Post yazar\u0131 Suudi gazeteci Cemal Ka\u015f\u0131k\u00e7\u0131&#8217;n\u0131n 2 Ekim&#8217;de gitti\u011fi Suudi Arabistan&#8217;\u0131n \u0130stanbul Ba\u015fkonsoloslu\u011fu&#8217;nda \u00f6ld\u00fcr\u00fclmesine ili\u015fkin y\u00fcr\u00fct\u00fclen soru\u015fturma s\u00fcr\u00fcyor.<\/p>\n<p>Soru\u015fturma kapsam\u0131nda, ge\u00e7en hafta cuma g\u00fcn\u00fc ba\u015flayan, aralar\u0131nda \u015fof\u00f6r, teknik bak\u0131m, muhasebe ve santral g\u00f6revlilerinin de bulundu\u011fu 38 konsolosluk \u00e7al\u0131\u015fanlar\u0131n\u0131n ifade alma i\u015flemi devam ediyor. <\/p>\n<p>Bu kapsamda, 38 \u00e7al\u0131\u015fan\u0131n ifadesi &#8221;tan\u0131k&#8221; s\u0131fat\u0131yla al\u0131nd\u0131.<\/p>\n<p>\u00c7a\u011flayan&#8217;daki \u0130stanbul Adalet Saray\u0131&#8217;na gelen tan\u0131klar, \u0130stanbul Cumhuriyet Ba\u015fsavc\u0131l\u0131\u011f\u0131 Ter\u00f6r ve \u00d6rg\u00fctl\u00fc Su\u00e7lar B\u00fcrosu taraf\u0131ndan g\u00f6revlendirilen savc\u0131lara ifade verdi.<\/p>\n<p>Bu ki\u015filerin haricinde 5 ki\u015finin hen\u00fcz ifade vermeye gelmedi\u011fi \u00f6\u011frenildi.<\/p>\n<p>\u00c7al\u0131\u015fanlara, &#8220;olay g\u00fcn\u00fc konsoloslukta ola\u011fan\u00fcst\u00fc bir durum olup olmad\u0131\u011f\u0131, daha \u00f6nce de konsoloslu\u011fa gelen Cemal Ka\u015f\u0131k\u00e7\u0131 ile d\u0131\u015far\u0131dan gelen 15 ki\u015fiyi g\u00f6r\u00fcp g\u00f6rmedikleri ve ka\u00e7 y\u0131ld\u0131r \u00e7al\u0131\u015ft\u0131klar\u0131&#8221;na ili\u015fkin sorular soruldu\u011fu belirtildi.<\/p>\n<p>\u00d6te yandan, Ka\u015f\u0131k\u00e7\u0131&#8217;n\u0131n kaybolmas\u0131ndan bu yana geli\u015fmeleri takip eden ulusal ve uluslararas\u0131 bas\u0131n mensuplar\u0131, Ka\u015f\u0131k\u00e7\u0131&#8217;n\u0131n kaybolmas\u0131n\u0131n 24. g\u00fcn\u00fcnde Suudi Arabistan&#8217;\u0131n \u0130stanbul Ba\u015fkonsoloslu\u011fu ve ba\u015fkonsolosluk konutu \u00f6n\u00fcnde bekleyi\u015fini s\u00fcrd\u00fcr\u00fcyor. Gazeteciler, \u00e7evredeki hareketlili\u011fi yak\u0131ndan takip ediyor.<\/p>\n<p>Cemal Ka\u015f\u0131k\u00e7\u0131&#8217;n\u0131n Dostlar\u0131 Derne\u011fi \u00fcyelerinin, saat 18.00&#8217;de Washington, Londra ve Paris&#8217;le e\u015f zamanl\u0131 olarak bas\u0131n toplant\u0131s\u0131 d\u00fczenlemesi bekleniyor.<\/p>\n<p>Resmi i\u015flemler i\u00e7in Suudi Arabistan&#8217;\u0131n \u0130stanbul Ba\u015fkonsoloslu\u011fu&#8217;na gittikten sonra bir daha haber al\u0131namayan Ka\u015f\u0131k\u00e7\u0131&#8217;n\u0131n gitti\u011fi ba\u015fkonsolosluktan bir daha \u00e7\u0131kmad\u0131\u011f\u0131 teyit edilirken, binada ayn\u0131 saatlerde 2 u\u00e7akla \u0130stanbul&#8217;a gelen, aralar\u0131nda yetkililerin de yer ald\u0131\u011f\u0131 15 Suudi vatanda\u015f\u0131n\u0131n bulundu\u011fu, bu ki\u015filerin daha sonra geldikleri \u00fclkelere d\u00f6nd\u00fcklerinin belirlendi\u011fi kaydedilmi\u015fti.<\/p>\n<p>\u0130stanbul Cumhuriyet Ba\u015fsavc\u0131l\u0131\u011f\u0131&#8217;nca y\u00fcr\u00fct\u00fclen soru\u015fturma kapsam\u0131nda g\u00f6revlendirilen bir ba\u015fsavc\u0131vekili ile bir savc\u0131 koordinesinde, konsolosluk binas\u0131 ile T\u00fcrkiye&#8217;den ayr\u0131lan Suudi Arabistan&#8217;\u0131n \u0130stanbul Ba\u015fkonsolosu Muhammed el Uteybi&#8217;nin konutunda inceleme yap\u0131lm\u0131\u015ft\u0131.<\/p>\n<p>Suudi Arabistan y\u00f6netimi, 20 Ekim&#8217;de, Cemal Ka\u015f\u0131k\u00e7\u0131&#8217;n\u0131n konsolosluk binas\u0131nda ya\u015fanan arbede sonucunda \u00f6ld\u00fc\u011f\u00fcn\u00fc a\u00e7\u0131klam\u0131\u015ft\u0131.<\/p>\n<!-- Error, Advert is not available at this time due to schedule\/geolocation restrictions! -->\n","protected":false},"excerpt":{"rendered":"<p>Suudi gazeteci Ka\u015f\u0131k\u00e7\u0131&#8217;n\u0131n Suudi Arabistan&#8217;\u0131n \u0130stanbul Ba\u015fkonsoloslu\u011funda \u00f6ld\u00fcr\u00fclmesine ili\u015fkin y\u00fcr\u00fct\u00fclen soru\u015fturma kapsam\u0131nda, 38 konsolosluk \u00e7al\u0131\u015fan\u0131n\u0131n ifade alma i\u015flemi tamamland\u0131. \u0130stanbul Cumhuriyet Ba\u015fsavc\u0131l\u0131\u011f\u0131 Ter\u00f6r ve \u00d6rg\u00fctl\u00fc Su\u00e7lar B\u00fcrosunca, Washington Post yazar\u0131 Suudi gazeteci Cemal Ka\u015f\u0131k\u00e7\u0131&#8217;n\u0131n 2 Ekim&#8217;de gitti\u011fi Suudi Arabistan&#8217;\u0131n \u0130stanbul Ba\u015fkonsoloslu\u011fu&#8217;nda \u00f6ld\u00fcr\u00fclmesine ili\u015fkin y\u00fcr\u00fct\u00fclen soru\u015fturma s\u00fcr\u00fcyor. Soru\u015fturma kapsam\u0131nda, ge\u00e7en hafta cuma g\u00fcn\u00fc ba\u015flayan, aralar\u0131nda \u015fof\u00f6r, &hellip;<\/p>\n","protected":false},"author":4,"featured_media":270566,"comment_status":"open","ping_status":"open","sticky":false,"template":"","format":"standard","meta":{"_acf_changed":false,"footnotes":""},"categories":[6155,5005,349,6805],"tags":[218800,4788],"class_list":["post-270565","post","type-post","status-publish","format-standard","has-post-thumbnail","hentry","category-gundem","category-manset","category-son-dakika","category-turkiye","tag-cemal-kasikci","tag-suudi-arabistan"],"acf":[],"_links":{"self":[{"href":"https:\/\/www.nationalturk.com\/tr\/wp-json\/wp\/v2\/posts\/270565","targetHints":{"allow":["GET"]}}],"collection":[{"href":"https:\/\/www.nationalturk.com\/tr\/wp-json\/wp\/v2\/posts"}],"about":[{"href":"https:\/\/www.nationalturk.com\/tr\/wp-json\/wp\/v2\/types\/post"}],"author":[{"embeddable":true,"href":"https:\/\/www.nationalturk.com\/tr\/wp-json\/wp\/v2\/users\/4"}],"replies":[{"embeddable":true,"href":"https:\/\/www.nationalturk.com\/tr\/wp-json\/wp\/v2\/comments?post=270565"}],"version-history":[{"count":0,"href":"https:\/\/www.nationalturk.com\/tr\/wp-json\/wp\/v2\/posts\/270565\/revisions"}],"wp:featuredmedia":[{"embeddable":true,"href":"https:\/\/www.nationalturk.com\/tr\/wp-json\/wp\/v2\/media\/270566"}],"wp:attachment":[{"href":"https:\/\/www.nationalturk.com\/tr\/wp-json\/wp\/v2\/media?parent=270565"}],"wp:term":[{"taxonomy":"category","embeddable":true,"href":"https:\/\/www.nationalturk.com\/tr\/wp-json\/wp\/v2\/categories?post=270565"},{"taxonomy":"post_tag","embeddable":true,"href":"https:\/\/www.nationalturk.com\/tr\/wp-json\/wp\/v2\/tags?post=270565"}],"curies":[{"name":"wp","href":"https:\/\/api.w.org\/{rel}","templated":true}]}}