{"id":27057,"date":"2010-06-07T13:07:16","date_gmt":"2010-06-07T11:07:16","guid":{"rendered":"http:\/\/www.nationalturk.com\/?p=27057"},"modified":"2010-06-07T13:07:16","modified_gmt":"2010-06-07T11:07:16","slug":"manavgat-muratpasa-korkuteli-operasyon-7460284","status":"publish","type":"post","link":"https:\/\/www.nationalturk.com\/tr\/manavgat-muratpasa-korkuteli-operasyon-7460284\/","title":{"rendered":"Manavgat ve Korkuteli belediye ba\u015fkanlar\u0131 g\u00f6zalt\u0131nda!"},"content":{"rendered":"<p><strong><img loading=\"lazy\" decoding=\"async\" class=\"alignleft size-full wp-image-27058\" title=\"Kas\u0131rga Operasyonu\" src=\"http:\/\/www.nationalturk.com\/tr\/wp-content\/uploads\/2010\/06\/kasirga_operasyonu.jpg\" alt=\"\" width=\"200\" height=\"160\">Antalya Emniyet M\u00fcd\u00fcrl\u00fc\u011f\u00fc&#8217;n\u00fcn d\u00fczenledi\u011fi \u00e7ete operasyonu kapsam\u0131nda, aralar\u0131nda Manavgat ve Korkuteli belediye ba\u015fkanlar\u0131n\u0131n da bulundu\u011fu 30&#8217;u kamu g\u00f6revlisi 57 \u015f\u00fcpheli ihaleye fesat kar\u0131\u015ft\u0131rma su\u00e7lamas\u0131yla g\u00f6zalt\u0131na al\u0131nd\u0131. <\/strong><\/p>\n<p>\u0130zmir&#8217;de de Buca Belediye Ba\u015fkan Vekili H\u00fcsn\u00fc Kaya g\u00f6zalt\u0131nda.<\/p>\n<p>&#8220;Kas\u0131rga 1- Dalga&#8221; ad\u0131 verilen e\u015f zamanl\u0131 operasyonda Manavgat Belediye Ba\u015fkan\u0131 CHP&#8217;li \u015e\u00fckr\u00fc S\u00f6zen, Korkuteli Belediye Ba\u015fkan\u0131 MHP&#8217;li Hasan G\u00f6k\u00e7e, CHP&#8217;li Muratpa\u015fa Belediyesi Ba\u015fkan Yard\u0131mc\u0131lar\u0131 M.T. ve A.K. ile Zab\u0131ta M\u00fcd\u00fcr\u00fc B.U.&#8217;nun aralar\u0131nda oldu\u011fu 30&#8217;u kamu g\u00f6revlisi toplam 57 \u015f\u00fcpheli g\u00f6zalt\u0131na al\u0131nd\u0131.<\/p>\n<p>Operasyonun bir temizlik firmas\u0131ndan hizmet alan belediyelere y\u00f6nelik yap\u0131ld\u0131\u011f\u0131 \u00f6\u011frenildi.<\/p>\n<p>Operasyon kapsam\u0131nda Muratpa\u015fa Belediyesi&#8217;nden 20, Manavgat Belediyesi&#8217;nden 5, Korkuteli Belediyesi&#8217;nden 3 ve Kepez Belediyesi&#8217;nden 2 g\u00f6zalt\u0131 oldu\u011fu kaydedildi.<\/p>\n<p>G\u00f6zalt\u0131na al\u0131nan \u015f\u00fcpheliler &#8220;Su\u00e7 i\u015flemek amac\u0131yla \u00f6rg\u00fct kurmak&#8221;, &#8220;\u00d6rg\u00fct faaliyeti \u00e7er\u00e7evesinde ihaleye fesat kar\u0131\u015ft\u0131rmak&#8221;, &#8220;R\u00fc\u015fvet almak ve vermek&#8221; su\u00e7lamalar\u0131yla sorgulanacak.<\/p>\n<p>Antalya&#8217;da belediyelere y\u00f6nelik \u201cihaleye fesat kar\u0131\u015ft\u0131rma\u201d su\u00e7lamas\u0131yla d\u00fczenlenen operasyon kapsam\u0131nda \u0130zmir&#8217;de de Buca Belediye Ba\u015fkan Vekili H.K, Bucamar Genel M\u00fcd\u00fcr\u00fc F.K ve Temizlik \u0130\u015fleri M\u00fcd\u00fcr\u00fc A.Y g\u00f6zalt\u0131na al\u0131nd\u0131.<\/p>\n","protected":false},"excerpt":{"rendered":"<p>Antalya Emniyet M\u00fcd\u00fcrl\u00fc\u011f\u00fc&#8217;n\u00fcn d\u00fczenledi\u011fi \u00e7ete operasyonu kapsam\u0131nda, aralar\u0131nda Manavgat ve Korkuteli belediye ba\u015fkanlar\u0131n\u0131n da bulundu\u011fu 30&#8217;u kamu g\u00f6revlisi 57 \u015f\u00fcpheli ihaleye fesat kar\u0131\u015ft\u0131rma su\u00e7lamas\u0131yla g\u00f6zalt\u0131na al\u0131nd\u0131.<\/p>\n","protected":false},"author":4,"featured_media":27058,"comment_status":"open","ping_status":"open","sticky":false,"template":"","format":"standard","meta":{"_acf_changed":false,"footnotes":""},"categories":[5005,6202,6805],"tags":[8456,29342,29348,29349,29351,29343,29344,749,29345,29347,751,29346],"class_list":["post-27057","post","type-post","status-publish","format-standard","has-post-thumbnail","hentry","category-manset","category-politika","category-turkiye","tag-buca","tag-buca-belediyesi-operasyon","tag-hasan-gokce","tag-hasan-gokce-gozalti","tag-kepez-belediyesi-operasyon","tag-korkuteli","tag-korkuteli-operasyon","tag-manavgat","tag-manavgat-belediyesi-operasyon","tag-manavgat-cete-operasyonu","tag-sukru-sozen","tag-sukru-sozen-gozalti"],"acf":[],"_links":{"self":[{"href":"https:\/\/www.nationalturk.com\/tr\/wp-json\/wp\/v2\/posts\/27057","targetHints":{"allow":["GET"]}}],"collection":[{"href":"https:\/\/www.nationalturk.com\/tr\/wp-json\/wp\/v2\/posts"}],"about":[{"href":"https:\/\/www.nationalturk.com\/tr\/wp-json\/wp\/v2\/types\/post"}],"author":[{"embeddable":true,"href":"https:\/\/www.nationalturk.com\/tr\/wp-json\/wp\/v2\/users\/4"}],"replies":[{"embeddable":true,"href":"https:\/\/www.nationalturk.com\/tr\/wp-json\/wp\/v2\/comments?post=27057"}],"version-history":[{"count":0,"href":"https:\/\/www.nationalturk.com\/tr\/wp-json\/wp\/v2\/posts\/27057\/revisions"}],"wp:featuredmedia":[{"embeddable":true,"href":"https:\/\/www.nationalturk.com\/tr\/wp-json\/wp\/v2\/media\/27058"}],"wp:attachment":[{"href":"https:\/\/www.nationalturk.com\/tr\/wp-json\/wp\/v2\/media?parent=27057"}],"wp:term":[{"taxonomy":"category","embeddable":true,"href":"https:\/\/www.nationalturk.com\/tr\/wp-json\/wp\/v2\/categories?post=27057"},{"taxonomy":"post_tag","embeddable":true,"href":"https:\/\/www.nationalturk.com\/tr\/wp-json\/wp\/v2\/tags?post=27057"}],"curies":[{"name":"wp","href":"https:\/\/api.w.org\/{rel}","templated":true}]}}