{"id":271018,"date":"2018-11-08T15:50:57","date_gmt":"2018-11-08T12:50:57","guid":{"rendered":"http:\/\/www.nationalturk.com\/?p=271018"},"modified":"2018-11-08T15:50:57","modified_gmt":"2018-11-08T12:50:57","slug":"husnu-mahalliye-erdogana-hakaretten-hapis-cezasi","status":"publish","type":"post","link":"https:\/\/www.nationalturk.com\/tr\/husnu-mahalliye-erdogana-hakaretten-hapis-cezasi\/","title":{"rendered":"H\u00fcsn\u00fc Mahalli&#8217;ye Erdo\u011fan&#8217;a hakaretten hapis cezas\u0131"},"content":{"rendered":"<h2>Gazeteci H\u00fcsn\u00fc Mahalli, birden \u00e7ok kez &#8220;cumhurba\u015fkan\u0131na alenen hakaret etmek&#8221; su\u00e7undan 2 y\u0131l 5 ay 5 g\u00fcn hapis cezas\u0131na \u00e7arpt\u0131r\u0131ld\u0131, &#8220;kamu g\u00f6revlilerine hakaret&#8221; su\u00e7undan ald\u0131\u011f\u0131 1 y\u0131l 8 ay 15 g\u00fcnl\u00fck hapis cezas\u0131 h\u00fckm\u00fcn\u00fcn a\u00e7\u0131klanmas\u0131 ise geri b\u0131rak\u0131ld\u0131.<\/h2>\n<p>\u0130stanbul 2. Asliye Ceza Mahkemesi&#8217;ndeki duru\u015fmaya, tutuksuz san\u0131k H\u00fcsn\u00fc Mahalli avukatlar\u0131yla kat\u0131ld\u0131. Davan\u0131n m\u00fcdahili Cumhurba\u015fkan\u0131 Recep Tayyip Erdo\u011fan&#8217;\u0131 ise avukat\u0131 Hatice \u00d6zay temsil etti.<\/p>\n<p>Duru\u015fmada ek savunma yapan H\u00fcsn\u00fc Mahalli, su\u00e7lamalar\u0131 kabul etmedi\u011fini belirterek, &#8220;T\u00fcrkiye Cumhuriyeti Devleti&#8217;nin Suriye&#8217;de bulunan \u00d6SO kuvvetlerine yard\u0131m etti\u011fi t\u00fcm d\u00fcnyan\u0131n bildi\u011fi bir husustur. Say\u0131n Cumhurba\u015fkan\u0131 bizzat \u00d6SO&#8217;yu Kuvay-i Milliye olarak ifade etmi\u015ftir. 50 bin ki\u015filik bu orduya yard\u0131m malzemesi g\u00f6nderilmesiyle ilgili yapt\u0131\u011f\u0131m\u0131z haberin do\u011frulu\u011fu bizzat Cumhurba\u015fkan\u0131 taraf\u0131ndan \u00e7e\u015fitli platformlarda dile getirilmi\u015ftir. Bir gazeteci olarak bunu yazmamdan daha do\u011fal bir \u015fey olamaz. Gazetecilik yapt\u0131m, beraatimi talep ediyorum.&#8221; diye konu\u015ftu.<\/p>\n<p>&#8220;San\u0131k cezaland\u0131r\u0131ls\u0131n&#8221;<br \/>\nMahalli&#8217;nin avukatlar\u0131ndan Muhterem Akta\u015f, m\u00fcvekkilinin yapt\u0131\u011f\u0131 r\u00f6portaj i\u00e7eri\u011fi, g\u00f6rsel bas\u0131ndaki beyanlar\u0131n\u0131n hi\u00e7birinde ve sosyal medya payla\u015f\u0131mlar\u0131nda Cumhurba\u015fkan\u0131 ile h\u00fck\u00fcmet \u00fcyelerinin ad\u0131 ya da makamlar\u0131n\u0131n ge\u00e7medi\u011fini \u00f6ne s\u00fcrerek, g\u00fcncel konulara ili\u015fkin yorum yapman\u0131n habercilik mesle\u011fi gere\u011fi oldu\u011funu ve su\u00e7un unsurlar\u0131n\u0131n olu\u015fmad\u0131\u011f\u0131n\u0131 savundu.<\/p>\n<p>S\u00f6z alan Cumhurba\u015fkan\u0131 Erdo\u011fan&#8217;\u0131n avukat\u0131 Hatice \u00d6zay ise \u015fikayetlerinin devam etti\u011fini anlatarak, &#8220;\u0130ddianamede a\u00e7\u0131k\u00e7a belirtildi\u011fi \u00fczere Cumhurba\u015fkan\u0131&#8217;n\u0131n ad\u0131 ve makam\u0131 zikredilmi\u015ftir. Hakaret su\u00e7unun yasal unsurlar\u0131 olu\u015fmu\u015ftur. San\u0131\u011f\u0131n cezaland\u0131r\u0131lmas\u0131n\u0131 talep ediyoruz.&#8221; dedi.<\/p>\n<p>Davada karar verilece\u011fi belirtilerek son s\u00f6z\u00fc sorulan san\u0131k Mahalli, &#8220;Cumhurba\u015fkan\u0131&#8217;na hakaret etmedim. Her zaman Say\u0131n Cumhurba\u015fkan\u0131 ifadesini kullan\u0131r\u0131m. Diktat\u00f6r kelimesi de hakaret i\u00e7eren bir kelime de\u011fildir. Kald\u0131 ki uluslararas\u0131 camiada tek ki\u015fide toplanan yetkiyle ilgili belirtilmi\u015f bir tan\u0131md\u0131r.&#8221; ifadelerini kulland\u0131.<\/p>\n<p>Davaya ili\u015fkin karar\u0131n\u0131 a\u00e7\u0131klayan mahkeme, san\u0131k Mahalli&#8217;yi, &#8220;kurul halinde \u00e7al\u0131\u015fan kamu g\u00f6revlilerine g\u00f6revlerinden dolay\u0131 hakaret&#8221; su\u00e7undan, su\u00e7un i\u015fleni\u015f \u015fekline g\u00f6re alt s\u0131n\u0131rdan uzakla\u015farak ve san\u0131\u011f\u0131n duru\u015fmalardaki iyi halini g\u00f6zeterek 1 y\u0131l 8 ay 25 g\u00fcn hapis cezas\u0131na \u00e7arpt\u0131rd\u0131.<\/p>\n<p>Mahkeme, bu ceza h\u00fckm\u00fcn\u00fcn a\u00e7\u0131klanmas\u0131n\u0131, san\u0131\u011f\u0131n 2 y\u0131l alt\u0131nda ceza almas\u0131, sab\u0131kas\u0131z olu\u015fu, mahkemece bir daha su\u00e7 i\u015flemeyece\u011fi y\u00f6n\u00fcnde olumlu kanaat olu\u015fmas\u0131 ve ma\u011fdurun somut, tespit edilebilir zarar\u0131n\u0131n bulunmamas\u0131n\u0131 \u00f6ng\u00f6rerek, 5 y\u0131ll\u0131k denetimli serbestlik \u015fart\u0131yla geri b\u0131rakt\u0131.<\/p>\n<p>San\u0131k Mahalli&#8217;nin, birden fazla kez &#8220;cumhurba\u015fkan\u0131na alenen hakaret&#8221; su\u00e7undan, su\u00e7un i\u015fleni\u015f \u015fekli ve kast\u0131n a\u011f\u0131rl\u0131\u011f\u0131na g\u00f6re alt s\u0131n\u0131rdan uzakla\u015farak, duru\u015fmalardaki iyi halini de g\u00f6zeterek 2 y\u0131l 5 ay 5 g\u00fcn hapis cezas\u0131na \u00e7arpt\u0131r\u0131lmas\u0131n\u0131 kararla\u015ft\u0131rd\u0131.<\/p>\n<p>\u0130stanbul Cumhuriyet Ba\u015fsavc\u0131l\u0131\u011f\u0131 Ter\u00f6r ve \u00d6rg\u00fctl\u00fc Su\u00e7lar B\u00fcrosu taraf\u0131ndan haz\u0131rlanan iddianamede, H\u00fcsn\u00fc Mahalli&#8217;nin &#8220;cumhurba\u015fkan\u0131na hakaret&#8221; ve &#8220;kurul halinde \u00e7al\u0131\u015fan kamu g\u00f6revlilerine g\u00f6revinden dolay\u0131 hakaret&#8221; su\u00e7lar\u0131ndan 1 y\u0131l 4 aydan 7 y\u0131l 4 aya kadar hapis cezas\u0131na \u00e7arpt\u0131r\u0131lmas\u0131 talep ediliyordu.<\/p>\n<p>\u0130ddianameyi kabul eden \u0130stanbul 6. Asliye Ceza Mahkemesi, 1 Mart 2018&#8217;de g\u00f6revsizlik karar\u0131 vererek, dosyan\u0131n bas\u0131n davalar\u0131na bakan \u0130stanbul 2. Asliye Ceza Mahkemesi&#8217;ne g\u00f6nderilmesine h\u00fckmetmi\u015fti.<\/p>\n<!-- Error, Advert is not available at this time due to schedule\/geolocation restrictions! -->\n","protected":false},"excerpt":{"rendered":"<p>Gazeteci H\u00fcsn\u00fc Mahalli, birden \u00e7ok kez &#8220;cumhurba\u015fkan\u0131na alenen hakaret etmek&#8221; su\u00e7undan 2 y\u0131l 5 ay 5 g\u00fcn hapis cezas\u0131na \u00e7arpt\u0131r\u0131ld\u0131, &#8220;kamu g\u00f6revlilerine hakaret&#8221; su\u00e7undan ald\u0131\u011f\u0131 1 y\u0131l 8 ay 15 g\u00fcnl\u00fck hapis cezas\u0131 h\u00fckm\u00fcn\u00fcn a\u00e7\u0131klanmas\u0131 ise geri b\u0131rak\u0131ld\u0131. \u0130stanbul 2. Asliye Ceza Mahkemesi&#8217;ndeki duru\u015fmaya, tutuksuz san\u0131k H\u00fcsn\u00fc Mahalli avukatlar\u0131yla kat\u0131ld\u0131. Davan\u0131n m\u00fcdahili Cumhurba\u015fkan\u0131 Recep Tayyip &hellip;<\/p>\n","protected":false},"author":4,"featured_media":271019,"comment_status":"open","ping_status":"open","sticky":false,"template":"","format":"standard","meta":{"_acf_changed":false,"footnotes":""},"categories":[6155,5005,6202,349],"tags":[106767,787],"class_list":["post-271018","post","type-post","status-publish","format-standard","has-post-thumbnail","hentry","category-gundem","category-manset","category-politika","category-son-dakika","tag-husnu-mahalli","tag-recep-tayyip-erdogan"],"acf":[],"_links":{"self":[{"href":"https:\/\/www.nationalturk.com\/tr\/wp-json\/wp\/v2\/posts\/271018","targetHints":{"allow":["GET"]}}],"collection":[{"href":"https:\/\/www.nationalturk.com\/tr\/wp-json\/wp\/v2\/posts"}],"about":[{"href":"https:\/\/www.nationalturk.com\/tr\/wp-json\/wp\/v2\/types\/post"}],"author":[{"embeddable":true,"href":"https:\/\/www.nationalturk.com\/tr\/wp-json\/wp\/v2\/users\/4"}],"replies":[{"embeddable":true,"href":"https:\/\/www.nationalturk.com\/tr\/wp-json\/wp\/v2\/comments?post=271018"}],"version-history":[{"count":0,"href":"https:\/\/www.nationalturk.com\/tr\/wp-json\/wp\/v2\/posts\/271018\/revisions"}],"wp:featuredmedia":[{"embeddable":true,"href":"https:\/\/www.nationalturk.com\/tr\/wp-json\/wp\/v2\/media\/271019"}],"wp:attachment":[{"href":"https:\/\/www.nationalturk.com\/tr\/wp-json\/wp\/v2\/media?parent=271018"}],"wp:term":[{"taxonomy":"category","embeddable":true,"href":"https:\/\/www.nationalturk.com\/tr\/wp-json\/wp\/v2\/categories?post=271018"},{"taxonomy":"post_tag","embeddable":true,"href":"https:\/\/www.nationalturk.com\/tr\/wp-json\/wp\/v2\/tags?post=271018"}],"curies":[{"name":"wp","href":"https:\/\/api.w.org\/{rel}","templated":true}]}}