{"id":271512,"date":"2018-11-16T14:03:46","date_gmt":"2018-11-16T11:03:46","guid":{"rendered":"https:\/\/www.nationalturk.com\/?p=271512"},"modified":"2022-09-10T11:46:09","modified_gmt":"2022-09-10T08:46:09","slug":"the-guardian-gaye-su-akyol","status":"publish","type":"post","link":"https:\/\/www.nationalturk.com\/tr\/the-guardian-gaye-su-akyol\/","title":{"rendered":"The Guardian yazar\u0131ndan Gaye Su Akyol&#8217;a 4 y\u0131ld\u0131z"},"content":{"rendered":"<h2>Kendine \u00f6zg\u00fc tarz\u0131 ile uluslararas\u0131 m\u00fczik piyasas\u0131nda da \u00f6nemli bir yer edinen Gaye Su Akyol, son alb\u00fcm\u00fc &#8220;\u0130stikrarl\u0131 Hayal Hakikattir&#8221; ile dikkat \u00e7ekmeye devam ediyor.<\/h2>\n<p>\u0130ngiliz The Guardian gazetesinin deneyimli m\u00fczik yazar\u0131 Robin Denselow, Gaye Su Akyol&#8217;un yeni alb\u00fcm\u00fcne 5 \u00fczerinden 4 y\u0131ld\u0131z verirken alb\u00fcm\u00fc epeyce \u00f6vd\u00fc.<\/p>\n<p>Gaye Su Akyol&#8217;un ilgi \u00e7ekici ve kendine \u00f6zg\u00fc gen\u00e7 bir T\u00fcrk \u015fark\u0131c\u0131 oldu\u011funu belirten Denselow &#8220;Bu yaz Womad festivalinde y\u00fcksek \u00e7izmeleri, \u015fort ve peleriniyle bir pop y\u0131ld\u0131z\u0131 gibiydi. Ancak geleneksel T\u00fcrk ezgileriyle rock motiflerini birle\u015ftiren cesur ve deneysel bir performans ortaya koydu, bas\u0131n \u00f6zg\u00fcrl\u00fc\u011f\u00fc i\u00e7in g\u00fc\u00e7l\u00fc bir konu\u015fma yapt\u0131. Usta halk \u015fark\u0131c\u0131s\u0131 Selda Ba\u011fcan ile me\u015fhur olmu\u015f &#8216;Yaz Gazeteci Yaz&#8217; \u015fark\u0131s\u0131, Akyol&#8217;un ana kenti olan \u0130stanbul&#8217;daki son olaylardan sonra daha dokunakl\u0131 ve anlaml\u0131 hale geldi&#8221; ifadelerini kulland\u0131.<\/p>\n<p>Denselow, Akyol&#8217;un yeni alb\u00fcm\u00fcn\u00fcn Nirvana ve Nick Cave esintileri ta\u015f\u0131d\u0131\u011f\u0131n\u0131 da yazarak \u015funlar\u0131 s\u00f6yledi:<\/p>\n<p>&#8220;Etkileyici bir gitar grubunun yard\u0131m\u0131yla, sa\u011flam bas riffleri ve perk\u00fcsyonun farkl\u0131 T\u00fcrk melodilerini destekledi\u011fi farkl\u0131 bir folk-rock tarz\u0131 yaratm\u0131\u015f. Ud, ba\u011flama ve c\u00fcmb\u00fc\u015f de dahil olmak \u00fczere yerel telli aletler eklenmi\u015f.&#8221;<\/p>\n<p>Yaz\u0131s\u0131n\u0131n devam\u0131nda be\u011fendi\u011fi \u015fark\u0131lar\u0131 yorumlayan Denselow, Gaye Su Akyol&#8217;un uluslararas\u0131 ba\u015far\u0131y\u0131 hak etti\u011fini belirterek yaz\u0131s\u0131n\u0131 tamaml\u0131yor.<\/p>\n<!-- Error, Advert is not available at this time due to schedule\/geolocation restrictions! -->\n","protected":false},"excerpt":{"rendered":"<p>&#8220;Etkileyici bir gitar grubunun yard\u0131m\u0131yla, sa\u011flam bas riffleri ve perk\u00fcsyonun farkl\u0131 T\u00fcrk melodilerini destekledi\u011fi farkl\u0131 bir folk-rock tarz\u0131 yaratm\u0131\u015f. Ud, ba\u011flama ve c\u00fcmb\u00fc\u015f de dahil olmak \u00fczere yerel telli aletler eklenmi\u015f.&#8221;<\/p>\n","protected":false},"author":4,"featured_media":271513,"comment_status":"open","ping_status":"open","sticky":false,"template":"","format":"standard","meta":{"_acf_changed":false,"footnotes":""},"categories":[6155,5005,36154],"tags":[219103,28790,219104,220796,13433,29962],"class_list":["post-271512","post","type-post","status-publish","format-standard","has-post-thumbnail","hentry","category-gundem","category-manset","category-muzik","tag-gaye-su-akyol","tag-konser","tag-robin-denselow","tag-rock-muzik","tag-selda-bagcan","tag-the-guardian"],"acf":[],"_links":{"self":[{"href":"https:\/\/www.nationalturk.com\/tr\/wp-json\/wp\/v2\/posts\/271512","targetHints":{"allow":["GET"]}}],"collection":[{"href":"https:\/\/www.nationalturk.com\/tr\/wp-json\/wp\/v2\/posts"}],"about":[{"href":"https:\/\/www.nationalturk.com\/tr\/wp-json\/wp\/v2\/types\/post"}],"author":[{"embeddable":true,"href":"https:\/\/www.nationalturk.com\/tr\/wp-json\/wp\/v2\/users\/4"}],"replies":[{"embeddable":true,"href":"https:\/\/www.nationalturk.com\/tr\/wp-json\/wp\/v2\/comments?post=271512"}],"version-history":[{"count":0,"href":"https:\/\/www.nationalturk.com\/tr\/wp-json\/wp\/v2\/posts\/271512\/revisions"}],"wp:featuredmedia":[{"embeddable":true,"href":"https:\/\/www.nationalturk.com\/tr\/wp-json\/wp\/v2\/media\/271513"}],"wp:attachment":[{"href":"https:\/\/www.nationalturk.com\/tr\/wp-json\/wp\/v2\/media?parent=271512"}],"wp:term":[{"taxonomy":"category","embeddable":true,"href":"https:\/\/www.nationalturk.com\/tr\/wp-json\/wp\/v2\/categories?post=271512"},{"taxonomy":"post_tag","embeddable":true,"href":"https:\/\/www.nationalturk.com\/tr\/wp-json\/wp\/v2\/tags?post=271512"}],"curies":[{"name":"wp","href":"https:\/\/api.w.org\/{rel}","templated":true}]}}