{"id":271595,"date":"2018-11-20T10:31:16","date_gmt":"2018-11-20T07:31:16","guid":{"rendered":"https:\/\/www.nationalturk.com\/?p=271595"},"modified":"2018-11-20T10:31:16","modified_gmt":"2018-11-20T07:31:16","slug":"barselonada-tren-kazasi","status":"publish","type":"post","link":"https:\/\/www.nationalturk.com\/tr\/barselonada-tren-kazasi\/","title":{"rendered":"Barselona&#8217;da tren kazas\u0131"},"content":{"rendered":"<h2>\u0130spanya Katalonya b\u00f6lgesinin Barselona kentinde banliy\u00f6 treninin raydan \u00e7\u0131kmas\u0131 sonucu en az 1 ki\u015finin \u00f6ld\u00fc\u011f\u00fc, 5&#8217;i a\u011f\u0131r 10 ki\u015finin de yaraland\u0131\u011f\u0131 bildirildi.<\/h2>\n<p>Katalonya radyosu RAC1&#8217;in haberine g\u00f6re, yerel saatle 06.15&#8217;te (TS\u0130 08.15) R4 hatt\u0131nda Manresa-Sant-Vicen\u00e7 de Calders seferi yapan banliy\u00f6 treninin iki vagonu raydan \u00e7\u0131kt\u0131.<\/p>\n<p>\u0130spanya tren i\u015fletmeleri Renfe&#8217;nin s\u00f6zc\u00fcs\u00fc Antonio Carmona, kazada \u00e7ok say\u0131da yaral\u0131 oldu\u011funu s\u00f6ylerken, Sivil Koruma ekiplerinden yetkililer de ilk belirlemelere g\u00f6re 1 ki\u015finin \u00f6ld\u00fc\u011f\u00fcn\u00fc, 5&#8217;i a\u011f\u0131r 10 ki\u015finin yaraland\u0131\u011f\u0131n\u0131 a\u00e7\u0131klad\u0131.<\/p>\n<p>Tren kazas\u0131n\u0131n oldu\u011fu Vacarisses b\u00f6lgesine 14 itfaiye arac\u0131, 8 ambulans ve polis ekibinin g\u00f6nderildi\u011fi, yaral\u0131lar\u0131n \u00e7evredeki hastanelere kald\u0131r\u0131ld\u0131\u011f\u0131 duyuruldu.<\/p>\n<p>Kaza nedeniyle Terresa-Manresa aras\u0131ndaki tren seferleri durduruldu.<\/p>\n<!-- Error, Advert is not available at this time due to schedule\/geolocation restrictions! -->\n","protected":false},"excerpt":{"rendered":"<p>Kaza nedeniyle Terresa-Manresa aras\u0131ndaki tren seferleri durduruldu.<\/p>\n","protected":false},"author":4,"featured_media":271596,"comment_status":"open","ping_status":"open","sticky":false,"template":"","format":"standard","meta":{"_acf_changed":false,"footnotes":""},"categories":[6770,6665,6155,5005,349],"tags":[14600,15,17737,219121,68448],"class_list":["post-271595","post","type-post","status-publish","format-standard","has-post-thumbnail","hentry","category-avrupa","category-dunya","category-gundem","category-manset","category-son-dakika","tag-barselona","tag-ispanya","tag-katalonya","tag-manresa","tag-tren-kazasi"],"acf":[],"_links":{"self":[{"href":"https:\/\/www.nationalturk.com\/tr\/wp-json\/wp\/v2\/posts\/271595","targetHints":{"allow":["GET"]}}],"collection":[{"href":"https:\/\/www.nationalturk.com\/tr\/wp-json\/wp\/v2\/posts"}],"about":[{"href":"https:\/\/www.nationalturk.com\/tr\/wp-json\/wp\/v2\/types\/post"}],"author":[{"embeddable":true,"href":"https:\/\/www.nationalturk.com\/tr\/wp-json\/wp\/v2\/users\/4"}],"replies":[{"embeddable":true,"href":"https:\/\/www.nationalturk.com\/tr\/wp-json\/wp\/v2\/comments?post=271595"}],"version-history":[{"count":0,"href":"https:\/\/www.nationalturk.com\/tr\/wp-json\/wp\/v2\/posts\/271595\/revisions"}],"wp:featuredmedia":[{"embeddable":true,"href":"https:\/\/www.nationalturk.com\/tr\/wp-json\/wp\/v2\/media\/271596"}],"wp:attachment":[{"href":"https:\/\/www.nationalturk.com\/tr\/wp-json\/wp\/v2\/media?parent=271595"}],"wp:term":[{"taxonomy":"category","embeddable":true,"href":"https:\/\/www.nationalturk.com\/tr\/wp-json\/wp\/v2\/categories?post=271595"},{"taxonomy":"post_tag","embeddable":true,"href":"https:\/\/www.nationalturk.com\/tr\/wp-json\/wp\/v2\/tags?post=271595"}],"curies":[{"name":"wp","href":"https:\/\/api.w.org\/{rel}","templated":true}]}}