{"id":272070,"date":"2018-12-04T16:39:55","date_gmt":"2018-12-04T13:39:55","guid":{"rendered":"https:\/\/www.nationalturk.com\/?p=272070"},"modified":"2018-12-04T16:42:44","modified_gmt":"2018-12-04T13:42:44","slug":"bahceli-ile-bir-araya-gelmemiz-vazgecilmezdir-muhakkak-bir-araya-gelmemiz-gerekir","status":"publish","type":"post","link":"https:\/\/www.nationalturk.com\/tr\/bahceli-ile-bir-araya-gelmemiz-vazgecilmezdir-muhakkak-bir-araya-gelmemiz-gerekir\/","title":{"rendered":"&#8220;Bah\u00e7eli ile bir araya gelmemiz vazge\u00e7ilmezdir, muhakkak bir araya gelmemiz gerekir&#8221;"},"content":{"rendered":"<h2>Cumhurba\u015fkan\u0131 Erdo\u011fan, yerel se\u00e7im s\u00fcrecinde AK Parti-MHP ittifak g\u00f6r\u00fc\u015fmelerine ili\u015fkin, &#8220;Bu s\u00fcre\u00e7te Say\u0131n Bah\u00e7eli ile bir araya gelmemiz vazge\u00e7ilmezdir, muhakkak bir araya gelmemiz gerekir.&#8221; dedi.<\/h2>\n<p>T\u00fcrkiye Cumhurba\u015fkan\u0131 Recep Tayyip Erdo\u011fan, Arjantin&#8217;deki G20 Liderler Zirvesi&#8217;in ard\u0131ndan ger\u00e7ekle\u015ftirdi\u011fi Paraguay ve Venezuela ziyaretlerini tamamlayarak \u00f6zel u\u00e7ak &#8220;TC-TRK&#8221; ile saat 14.40&#8217;ta Ankara&#8217;ya geldi.<\/p>\n<p>Erdo\u011fan, ziyareti d\u00f6n\u00fc\u015f\u00fc Esenbo\u011fa Havaliman\u0131&#8217;nda bas\u0131n toplant\u0131s\u0131 d\u00fczenledi.<\/p>\n<p>Cumhurba\u015fkan\u0131 Erdo\u011fan, burada yapt\u0131\u011f\u0131 a\u00e7\u0131klamada, &#8220;Latin Amerika ve Karayipler b\u00f6lgesindeki \u00fclkelerle ikili ve \u00e7ok tarafl\u0131 ili\u015fkilerimizi geli\u015ftirmeye devam edece\u011fiz.&#8221; ifadelerini kulland\u0131.<\/p>\n<p>G20 Zirvesi&#8217;nde ger\u00e7ekle\u015ftirdi\u011fi ikili g\u00f6r\u00fc\u015fmelere de\u011finen Erdo\u011fan, &#8220;\u0130kili g\u00f6r\u00fc\u015fmelerimizde Cemal Ka\u015f\u0131k\u00e7\u0131 meselesi \u00e7ok g\u00fcndeme geldi.&#8221; dedi. <\/p>\n<p>Erdo\u011fan, \u0130stanbul B\u00fcy\u00fck\u015fehir Belediye Ba\u015fkan aday\u0131 ile ilgili bir soru \u00fczerine, \u015funlar\u0131 kaydetti:<\/p>\n<p>&#8220;\u0130stanbul&#8217;la ilgili biraz sab\u0131rl\u0131 olaca\u011f\u0131z. Nihai karar\u0131m\u0131z\u0131, \u00f6nce taban\u0131 \u015f\u00f6yle yoluna koyduktan sonra verece\u011fiz.&#8221; <\/p>\n<p>Erdo\u011fan, yerel se\u00e7im s\u00fcrecinde AK Parti-MHP ittifak g\u00f6r\u00fc\u015fmelerine ili\u015fkin, &#8220;Bu s\u00fcre\u00e7te Say\u0131n Bah\u00e7eli ile bir araya gelmemiz vazge\u00e7ilmezdir, muhakkak bir araya gelmemiz gerekir.&#8221; diye konu\u015ftu.<\/p>\n<p>Cumhurba\u015fkan\u0131 Erdo\u011fan, \u015f\u00f6yle devam etti:<\/p>\n<p>&#8220;Sadir Bey ve Mehmet Bey \u00e7al\u0131\u015fmalar\u0131 y\u00fcr\u00fct\u00fcyorlar. Onlar \u00e7al\u0131\u015fmalar\u0131 haz\u0131rlad\u0131k\u00e7a bizimle de payla\u015facaklar ve bizimle payla\u015ft\u0131ktan sonra biz iki lider olarak b\u00fcy\u00fck\u015fehirlerde herhangi bir s\u0131k\u0131nt\u0131ya f\u0131rsat vermeden karar\u0131m\u0131z\u0131, tarihleri, her \u015feyi a\u00e7\u0131klayaca\u011f\u0131z.&#8221;<\/p>\n<p>\u0130kinci 100 G\u00fcnl\u00fck Eylem Plan\u0131&#8217;n\u0131n vatanda\u015flarla payla\u015f\u0131laca\u011f\u0131n\u0131 belirten Erdo\u011fan, \u015f\u00f6yle devam etti:<\/p>\n<p>&#8220;Bu \u00e7al\u0131\u015fmalar\u0131 Ba\u015fkan Yard\u0131mc\u0131m Fuat Bey bizzat koordine ediyor ve \u00e7al\u0131\u015fma bitti\u011fi anda ilan\u0131n\u0131 yapaca\u011f\u0131z. \u0130kinci 100 g\u00fcnl\u00fck program\u0131m\u0131z\u0131 da in\u015fallah t\u00fcm halk\u0131m\u0131zla payla\u015faca\u011f\u0131z.&#8221;<\/p>\n<!-- Error, Advert is not available at this time due to schedule\/geolocation restrictions! -->\n","protected":false},"excerpt":{"rendered":"<p>Cumhurba\u015fkan\u0131 Erdo\u011fan, yerel se\u00e7im s\u00fcrecinde AK Parti-MHP ittifak g\u00f6r\u00fc\u015fmelerine ili\u015fkin, &#8220;Bu s\u00fcre\u00e7te Say\u0131n Bah\u00e7eli ile bir araya gelmemiz vazge\u00e7ilmezdir, muhakkak bir araya gelmemiz gerekir.&#8221; dedi. T\u00fcrkiye Cumhurba\u015fkan\u0131 Recep Tayyip Erdo\u011fan, Arjantin&#8217;deki G20 Liderler Zirvesi&#8217;in ard\u0131ndan ger\u00e7ekle\u015ftirdi\u011fi Paraguay ve Venezuela ziyaretlerini tamamlayarak \u00f6zel u\u00e7ak &#8220;TC-TRK&#8221; ile saat 14.40&#8217;ta Ankara&#8217;ya geldi. Erdo\u011fan, ziyareti d\u00f6n\u00fc\u015f\u00fc Esenbo\u011fa Havaliman\u0131&#8217;nda bas\u0131n &hellip;<\/p>\n","protected":false},"author":4,"featured_media":272071,"comment_status":"open","ping_status":"open","sticky":false,"template":"","format":"standard","meta":{"_acf_changed":false,"footnotes":""},"categories":[6155,5005,6202,349],"tags":[8469,787],"class_list":["post-272070","post","type-post","status-publish","format-standard","has-post-thumbnail","hentry","category-gundem","category-manset","category-politika","category-son-dakika","tag-devlet-bahceli","tag-recep-tayyip-erdogan"],"acf":[],"_links":{"self":[{"href":"https:\/\/www.nationalturk.com\/tr\/wp-json\/wp\/v2\/posts\/272070","targetHints":{"allow":["GET"]}}],"collection":[{"href":"https:\/\/www.nationalturk.com\/tr\/wp-json\/wp\/v2\/posts"}],"about":[{"href":"https:\/\/www.nationalturk.com\/tr\/wp-json\/wp\/v2\/types\/post"}],"author":[{"embeddable":true,"href":"https:\/\/www.nationalturk.com\/tr\/wp-json\/wp\/v2\/users\/4"}],"replies":[{"embeddable":true,"href":"https:\/\/www.nationalturk.com\/tr\/wp-json\/wp\/v2\/comments?post=272070"}],"version-history":[{"count":0,"href":"https:\/\/www.nationalturk.com\/tr\/wp-json\/wp\/v2\/posts\/272070\/revisions"}],"wp:featuredmedia":[{"embeddable":true,"href":"https:\/\/www.nationalturk.com\/tr\/wp-json\/wp\/v2\/media\/272071"}],"wp:attachment":[{"href":"https:\/\/www.nationalturk.com\/tr\/wp-json\/wp\/v2\/media?parent=272070"}],"wp:term":[{"taxonomy":"category","embeddable":true,"href":"https:\/\/www.nationalturk.com\/tr\/wp-json\/wp\/v2\/categories?post=272070"},{"taxonomy":"post_tag","embeddable":true,"href":"https:\/\/www.nationalturk.com\/tr\/wp-json\/wp\/v2\/tags?post=272070"}],"curies":[{"name":"wp","href":"https:\/\/api.w.org\/{rel}","templated":true}]}}