{"id":272109,"date":"2018-12-05T15:30:47","date_gmt":"2018-12-05T12:30:47","guid":{"rendered":"https:\/\/www.nationalturk.com\/?p=272109"},"modified":"2018-12-05T15:30:47","modified_gmt":"2018-12-05T12:30:47","slug":"konsolosluk-onunde-cekim-yapti-sean-penn-istanbulda","status":"publish","type":"post","link":"https:\/\/www.nationalturk.com\/tr\/konsolosluk-onunde-cekim-yapti-sean-penn-istanbulda\/","title":{"rendered":"Konsolosluk \u00f6n\u00fcnde \u00e7ekim yapt\u0131! Sean Penn \u0130stanbul&#8217;da"},"content":{"rendered":"<h2>Suudi gazeteci Cemal Ka\u015f\u0131k\u00e7\u0131&#8217;n\u0131n \u00f6ld\u00fcr\u00fclmesine ili\u015fkin belgesel haz\u0131rlayaca\u011f\u0131 kaydedilen ABD&#8217;li \u00fcnl\u00fc sinema oyuncusu Sean Penn, cinayetin i\u015flendi\u011fi Suudi Arabistan&#8217;\u0131n \u0130stanbul Ba\u015fkonsoloslu\u011fu \u00f6n\u00fcnde \u00e7ekim yapt\u0131.<\/h2>\n<p>\u00dcnl\u00fc akt\u00f6r Sean Penn, Suudi Arabistan Ba\u015fkonsoloslu\u011fu \u00f6n\u00fcne, korumalar\u0131n da bulundu\u011fu yakla\u015f\u0131k 10 ki\u015filik bir ekiple geldi. Polis bariyerlerinin ard\u0131ndan bir s\u00fcre g\u00f6r\u00fcnt\u00fc alan Sean Penn, daha sonra konsolosluk konutunun \u00f6n\u00fcne gelerek, burada da g\u00f6r\u00fcnt\u00fc ald\u0131.<\/p>\n<p>\u00dcnl\u00fc oyuncu b\u00f6lgede, ekibiyle \u00e7al\u0131\u015fmalar\u0131n\u0131 s\u00fcrd\u00fcr\u00fcyor. <\/p>\n<p><img loading=\"lazy\" decoding=\"async\" src=\"https:\/\/www.nationalturk.com\/tr\/wp-content\/uploads\/2018\/12\/sean-penn-istanbulda.jpg\" alt=\"\" width=\"1115\" height=\"626\" class=\"alignnone size-full wp-image-272111\" title=\"\" srcset=\"https:\/\/www.nationalturk.com\/tr\/wp-content\/uploads\/2018\/12\/sean-penn-istanbulda.jpg 1115w, https:\/\/www.nationalturk.com\/tr\/wp-content\/uploads\/2018\/12\/sean-penn-istanbulda-250x140.jpg 250w, https:\/\/www.nationalturk.com\/tr\/wp-content\/uploads\/2018\/12\/sean-penn-istanbulda-400x225.jpg 400w, https:\/\/www.nationalturk.com\/tr\/wp-content\/uploads\/2018\/12\/sean-penn-istanbulda-650x365.jpg 650w, https:\/\/www.nationalturk.com\/tr\/wp-content\/uploads\/2018\/12\/sean-penn-istanbulda-150x84.jpg 150w, https:\/\/www.nationalturk.com\/tr\/wp-content\/uploads\/2018\/12\/sean-penn-istanbulda-50x28.jpg 50w, https:\/\/www.nationalturk.com\/tr\/wp-content\/uploads\/2018\/12\/sean-penn-istanbulda-100x56.jpg 100w, https:\/\/www.nationalturk.com\/tr\/wp-content\/uploads\/2018\/12\/sean-penn-istanbulda-200x112.jpg 200w, https:\/\/www.nationalturk.com\/tr\/wp-content\/uploads\/2018\/12\/sean-penn-istanbulda-300x168.jpg 300w, https:\/\/www.nationalturk.com\/tr\/wp-content\/uploads\/2018\/12\/sean-penn-istanbulda-350x197.jpg 350w, https:\/\/www.nationalturk.com\/tr\/wp-content\/uploads\/2018\/12\/sean-penn-istanbulda-450x253.jpg 450w, https:\/\/www.nationalturk.com\/tr\/wp-content\/uploads\/2018\/12\/sean-penn-istanbulda-500x281.jpg 500w, https:\/\/www.nationalturk.com\/tr\/wp-content\/uploads\/2018\/12\/sean-penn-istanbulda-550x309.jpg 550w, https:\/\/www.nationalturk.com\/tr\/wp-content\/uploads\/2018\/12\/sean-penn-istanbulda-800x449.jpg 800w\" sizes=\"auto, (max-width: 1115px) 100vw, 1115px\" \/><\/p>\n<!-- Error, Advert is not available at this time due to schedule\/geolocation restrictions! -->\n","protected":false},"excerpt":{"rendered":"<p>Suudi gazeteci Cemal Ka\u015f\u0131k\u00e7\u0131&#8217;n\u0131n \u00f6ld\u00fcr\u00fclmesine ili\u015fkin belgesel haz\u0131rlayaca\u011f\u0131 kaydedilen ABD&#8217;li \u00fcnl\u00fc sinema oyuncusu Sean Penn, cinayetin i\u015flendi\u011fi Suudi Arabistan&#8217;\u0131n \u0130stanbul Ba\u015fkonsoloslu\u011fu \u00f6n\u00fcnde \u00e7ekim yapt\u0131. \u00dcnl\u00fc akt\u00f6r Sean Penn, Suudi Arabistan Ba\u015fkonsoloslu\u011fu \u00f6n\u00fcne, korumalar\u0131n da bulundu\u011fu yakla\u015f\u0131k 10 ki\u015filik bir ekiple geldi. Polis bariyerlerinin ard\u0131ndan bir s\u00fcre g\u00f6r\u00fcnt\u00fc alan Sean Penn, daha sonra konsolosluk konutunun \u00f6n\u00fcne &hellip;<\/p>\n","protected":false},"author":4,"featured_media":272110,"comment_status":"open","ping_status":"open","sticky":false,"template":"","format":"standard","meta":{"_acf_changed":false,"footnotes":""},"categories":[763,349],"tags":[1887,218800,7208,4788],"class_list":["post-272109","post","type-post","status-publish","format-standard","has-post-thumbnail","hentry","category-gunun-olayi","category-son-dakika","tag-abd","tag-cemal-kasikci","tag-sean-penn","tag-suudi-arabistan"],"acf":[],"_links":{"self":[{"href":"https:\/\/www.nationalturk.com\/tr\/wp-json\/wp\/v2\/posts\/272109","targetHints":{"allow":["GET"]}}],"collection":[{"href":"https:\/\/www.nationalturk.com\/tr\/wp-json\/wp\/v2\/posts"}],"about":[{"href":"https:\/\/www.nationalturk.com\/tr\/wp-json\/wp\/v2\/types\/post"}],"author":[{"embeddable":true,"href":"https:\/\/www.nationalturk.com\/tr\/wp-json\/wp\/v2\/users\/4"}],"replies":[{"embeddable":true,"href":"https:\/\/www.nationalturk.com\/tr\/wp-json\/wp\/v2\/comments?post=272109"}],"version-history":[{"count":0,"href":"https:\/\/www.nationalturk.com\/tr\/wp-json\/wp\/v2\/posts\/272109\/revisions"}],"wp:featuredmedia":[{"embeddable":true,"href":"https:\/\/www.nationalturk.com\/tr\/wp-json\/wp\/v2\/media\/272110"}],"wp:attachment":[{"href":"https:\/\/www.nationalturk.com\/tr\/wp-json\/wp\/v2\/media?parent=272109"}],"wp:term":[{"taxonomy":"category","embeddable":true,"href":"https:\/\/www.nationalturk.com\/tr\/wp-json\/wp\/v2\/categories?post=272109"},{"taxonomy":"post_tag","embeddable":true,"href":"https:\/\/www.nationalturk.com\/tr\/wp-json\/wp\/v2\/tags?post=272109"}],"curies":[{"name":"wp","href":"https:\/\/api.w.org\/{rel}","templated":true}]}}