{"id":272165,"date":"2018-12-07T10:14:24","date_gmt":"2018-12-07T07:14:24","guid":{"rendered":"https:\/\/www.nationalturk.com\/?p=272165"},"modified":"2018-12-07T10:14:24","modified_gmt":"2018-12-07T07:14:24","slug":"new-yorkta-panik-cnn-ofisi-bosaltildi","status":"publish","type":"post","link":"https:\/\/www.nationalturk.com\/tr\/new-yorkta-panik-cnn-ofisi-bosaltildi\/","title":{"rendered":"New York&#8217;ta panik! CNN ofisi bo\u015falt\u0131ld\u0131"},"content":{"rendered":"<h2>ABD&#8217;nin en b\u00fcy\u00fck yay\u0131n kurulu\u015flar\u0131ndan CNN&#8217;in New York ofisinin bulundu\u011fu Time Warner Center binas\u0131, bomba ihbar\u0131 nedeniyle bo\u015falt\u0131ld\u0131.<\/h2>\n<p>New York Polis Departman\u0131n\u0131n (NYPD) resmi Twitter hesab\u0131ndan yap\u0131lan a\u00e7\u0131klamada, Time Warner Center binas\u0131nda polis soru\u015fturmas\u0131 oldu\u011fu ve bu nedenle 8. ve 9. cadde aras\u0131ndaki 58. soka\u011f\u0131n hem yaya hem de ara\u00e7 trafi\u011fine kapat\u0131ld\u0131\u011f\u0131 belirtildi.<\/p>\n<p>Polis, \u00e7evredekilere b\u00f6lgeden uzak durmalar\u0131 ve yetkililerin a\u00e7\u0131klamalar\u0131n\u0131 takip ederek hareket etmeleri \u00e7a\u011fr\u0131s\u0131nda bulundu. <\/p>\n<p>NYPD&#8217;den ilerleyen saatlerde yap\u0131lan ikinci bir a\u00e7\u0131klamada ise, &#8220;Binada hen\u00fcz bir bomba tehdidine rastlamad\u0131k. Olay yerinde geni\u015f kapsaml\u0131 bir arama yap\u0131yoruz. Yeni bilgiler geldik\u00e7e sizleri bilgilendirece\u011fiz.&#8221; ifadesine yer verildi. <\/p>\n<p>&#8211; Canl\u0131 yay\u0131n durdurulup bant yay\u0131n\u0131na ge\u00e7ildi<\/p>\n<p>CNN&#8217;den yap\u0131lan yaz\u0131l\u0131 a\u00e7\u0131klamada da telefonla yap\u0131lan bir bomba ihbar\u0131 nedeniyle kanal\u0131n New York ofisi ve st\u00fcdyolar\u0131n\u0131n tahliye edildi\u011fi aktar\u0131ld\u0131.<\/p>\n<p>Don Lemon&#8217;un sundu\u011fu &#8220;CNN Tonight&#8221; adl\u0131 program\u0131n canl\u0131 yay\u0131nda oldu\u011fu anlarda binada yang\u0131n alarm\u0131 \u00e7almas\u0131 sonucu kanal canl\u0131 yay\u0131n\u0131 durdurup bant yay\u0131n\u0131na ge\u00e7ti.<\/p>\n<p>CNN&#8217;in New York ofisine ge\u00e7en ay da CIA&#8217;in eski Direkt\u00f6r\u00fc John Brennan ad\u0131na \u015f\u00fcpheli bir paket g\u00f6nderilmi\u015f, bina bu nedenle tahliye edilmi\u015fti.<\/p>\n<p>&#8211; Trump&#8217;\u0131n payla\u015f\u0131m\u0131 tepki \u00e7ekti<\/p>\n<p>\u00d6te yandan, binan\u0131n tahliye edilmesinden k\u0131sa s\u00fcre \u00f6nce ABD Ba\u015fkan\u0131 Donald Trump&#8217;\u0131n &#8220;YALAN HABERLER-HALKIN D\u00dc\u015eMANI&#8221; \u015feklindeki Twitter payla\u015f\u0131m\u0131 tepki toplad\u0131. Kullan\u0131c\u0131lar, Twitter \u00fczerinden Trump&#8217;\u0131n s\u00f6z konusu payla\u015f\u0131m\u0131na tepki g\u00f6sterdi.<\/p>\n<p>Trump, s\u0131k s\u0131k &#8220;yalan haberler yapt\u0131klar\u0131&#8221; gerek\u00e7esiyle CNN&#8217;i ve di\u011fer baz\u0131 yay\u0131n kurulu\u015flar\u0131n\u0131 ele\u015ftiriyordu.<\/p>\n<p>&#8211; Ekim ay\u0131nda da \u015f\u00fcpheli paketler g\u00f6nderilmi\u015fti<\/p>\n<p>ABD&#8217;de ge\u00e7en ay yap\u0131lan ara se\u00e7imler \u00f6ncesi, ekim ay\u0131nda eski ABD Ba\u015fkan\u0131 Barack Obama ve eski D\u0131\u015fi\u015fleri Bakan\u0131 Hillary Clinton da dahil olmak \u00fczere bir\u00e7ok Demokrat Partili ismin adreslerine i\u00e7inde &#8220;boru bombas\u0131&#8221; ad\u0131 verilen bir d\u00fczenek bulunan olan paketler g\u00f6nderilmi\u015fti. <\/p>\n<p>S\u00f6z konusu paketlerin adreslerinden birisi de CNN&#8217;in New York ofisi olmu\u015f, bina bomba alarm\u0131 nedeniyle tahliye edilmi\u015fti.<\/p>\n<p>Paketleri g\u00f6nderdi\u011fi belirlenen 56 ya\u015f\u0131ndaki Cesar Altieri Sayoc, cuma g\u00fcn\u00fc Florida&#8217;da g\u00f6zalt\u0131na al\u0131nm\u0131\u015ft\u0131. Cumhuriyet\u00e7i Parti&#8217;nin resmi \u00fcyesi olan Sayoc&#8217;un sosyal medya hesaplar\u0131nda Donald Trump yanl\u0131s\u0131 mesajlar\u0131n\u0131n yan\u0131 s\u0131ra liberallere kar\u015f\u0131 komplo teorilerinin yer ald\u0131\u011f\u0131 belirlenmi\u015fti.<\/p>\n<!-- Error, Advert is not available at this time due to schedule\/geolocation restrictions! -->\n","protected":false},"excerpt":{"rendered":"<p>ABD&#8217;nin en b\u00fcy\u00fck yay\u0131n kurulu\u015flar\u0131ndan CNN&#8217;in New York ofisinin bulundu\u011fu Time Warner Center binas\u0131, bomba ihbar\u0131 nedeniyle bo\u015falt\u0131ld\u0131. New York Polis Departman\u0131n\u0131n (NYPD) resmi Twitter hesab\u0131ndan yap\u0131lan a\u00e7\u0131klamada, Time Warner Center binas\u0131nda polis soru\u015fturmas\u0131 oldu\u011fu ve bu nedenle 8. ve 9. cadde aras\u0131ndaki 58. soka\u011f\u0131n hem yaya hem de ara\u00e7 trafi\u011fine kapat\u0131ld\u0131\u011f\u0131 belirtildi. Polis, \u00e7evredekilere &hellip;<\/p>\n","protected":false},"author":4,"featured_media":272166,"comment_status":"open","ping_status":"open","sticky":false,"template":"","format":"standard","meta":{"_acf_changed":false,"footnotes":""},"categories":[6768,6665,6155,5005,6667,349],"tags":[1887,28166,2230],"class_list":["post-272165","post","type-post","status-publish","format-standard","has-post-thumbnail","hentry","category-amerika","category-dunya","category-gundem","category-manset","category-medya","category-son-dakika","tag-abd","tag-cnn","tag-new-york"],"acf":[],"_links":{"self":[{"href":"https:\/\/www.nationalturk.com\/tr\/wp-json\/wp\/v2\/posts\/272165","targetHints":{"allow":["GET"]}}],"collection":[{"href":"https:\/\/www.nationalturk.com\/tr\/wp-json\/wp\/v2\/posts"}],"about":[{"href":"https:\/\/www.nationalturk.com\/tr\/wp-json\/wp\/v2\/types\/post"}],"author":[{"embeddable":true,"href":"https:\/\/www.nationalturk.com\/tr\/wp-json\/wp\/v2\/users\/4"}],"replies":[{"embeddable":true,"href":"https:\/\/www.nationalturk.com\/tr\/wp-json\/wp\/v2\/comments?post=272165"}],"version-history":[{"count":0,"href":"https:\/\/www.nationalturk.com\/tr\/wp-json\/wp\/v2\/posts\/272165\/revisions"}],"wp:featuredmedia":[{"embeddable":true,"href":"https:\/\/www.nationalturk.com\/tr\/wp-json\/wp\/v2\/media\/272166"}],"wp:attachment":[{"href":"https:\/\/www.nationalturk.com\/tr\/wp-json\/wp\/v2\/media?parent=272165"}],"wp:term":[{"taxonomy":"category","embeddable":true,"href":"https:\/\/www.nationalturk.com\/tr\/wp-json\/wp\/v2\/categories?post=272165"},{"taxonomy":"post_tag","embeddable":true,"href":"https:\/\/www.nationalturk.com\/tr\/wp-json\/wp\/v2\/tags?post=272165"}],"curies":[{"name":"wp","href":"https:\/\/api.w.org\/{rel}","templated":true}]}}