{"id":272228,"date":"2018-12-10T10:44:58","date_gmt":"2018-12-10T07:44:58","guid":{"rendered":"https:\/\/www.nationalturk.com\/?p=272228"},"modified":"2018-12-10T10:44:58","modified_gmt":"2018-12-10T07:44:58","slug":"bircok-ithal-urune-ek-vergi-geldi","status":"publish","type":"post","link":"https:\/\/www.nationalturk.com\/tr\/bircok-ithal-urune-ek-vergi-geldi\/","title":{"rendered":"Bir\u00e7ok ithal \u00fcr\u00fcne ek vergi geldi!"},"content":{"rendered":"<h2>Oyuncak, televizyon, ka\u011f\u0131t-karton ile bijuteri, banyo ve in\u015faat malzemelerinin aralar\u0131nda yer ald\u0131\u011f\u0131 baz\u0131 e\u015fyalar\u0131n ithalat\u0131nda y\u00fczde 10-30 ilave g\u00fcmr\u00fck vergisi al\u0131nacak.<\/h2>\n<p>\u0130thalat Rejimi Karar\u0131na Ek Karar, Resmi Gazete&#8217;de yay\u0131mlanarak y\u00fcr\u00fcrl\u00fc\u011fe girdi.<\/p>\n<p>Buna g\u00f6re, aralar\u0131nda oyuncak, televizyon, ka\u011f\u0131t ve kartonlarla bijuteri, banyo ve in\u015faat malzemeleri gibi \u00fcr\u00fcnlerin bulundu\u011fu \u00e7e\u015fitli e\u015fyalar\u0131n ithalat\u0131nda y\u00fczde 10-30 ilave g\u00fcmr\u00fck vergisi uygulanacak.<\/p>\n<p>Bu kapsamda hesaplanan toplam vergi oran\u0131 G\u00fcmr\u00fck Giri\u015f Tarife Cetveli Hakk\u0131nda Kanun&#8217;da g\u00f6sterilen hadlerin y\u00fczde 50 art\u0131r\u0131lm\u0131\u015f d\u00fczeyini a\u015famayacak. A\u015fmas\u0131 durumunda s\u00f6z konusu kanunda g\u00f6sterilen hadlerin y\u00fczde 50 art\u0131r\u0131lm\u0131\u015f d\u00fczeyi uygulanacak.<\/p>\n<p>T\u00fcrkiye ve Avrupa Toplulu\u011fu aras\u0131nda imzalanan G\u00fcmr\u00fck Birli\u011fi anla\u015fmas\u0131nca serbest dola\u015f\u0131m halinde bulunan mallar\u0131n ihrac\u0131nda g\u00fcmr\u00fck muafiyetinden yararlanmak amac\u0131yla ihracat\u00e7\u0131 taraf\u0131ndan d\u00fczenlenen belge (A.TR) ile ithal edilen AB veya T\u00fcrk men\u015feli olmayan e\u015fyalardan ilave g\u00fcmr\u00fck vergisi al\u0131nacak. Kararlar\u0131n uygulanmas\u0131nda e\u015fyan\u0131n men\u015fesinin do\u011fru beyan edilmesinden ithalat\u00e7\u0131 sorumlu tutulacak.<\/p>\n<p>Bu kararlar\u0131n yay\u0131m\u0131 tarihinden \u00f6nce T\u00fcrkiye&#8217;ye sevk edilmek \u00fczere, ta\u015f\u0131ma belgesi d\u00fczenlenerek y\u00fcklemesi yap\u0131lm\u0131\u015f e\u015fyan\u0131n ithalat\u0131na ili\u015fkin g\u00fcmr\u00fck beyannamesinin bu karar\u0131n yay\u0131m\u0131 tarihinden sonra en ge\u00e7 45 g\u00fcn i\u00e7inde tescil edilmesi halinde bu karar h\u00fck\u00fcmleri uygulanmayacak.<\/p>\n<p>Ekonomiye sa\u011flad\u0131klar\u0131 katk\u0131 ve yaratt\u0131klar\u0131 istihdam dikkate al\u0131narak yerli \u00fcreticilerin ithalat bask\u0131s\u0131na kar\u015f\u0131 korunmas\u0131 amac\u0131yla uluslararas\u0131 alanda ve ikili anla\u015fmalardan do\u011fan y\u00fck\u00fcml\u00fcl\u00fckler de g\u00f6z \u00f6n\u00fcnde bulundurularak s\u00f6z konusu e\u015fya gruplar\u0131nda g\u00fcmr\u00fck vergisi uygulamas\u0131na ba\u015fland\u0131\u011f\u0131 belirtildi.<\/p>\n<!-- Error, Advert is not available at this time due to schedule\/geolocation restrictions! -->\n","protected":false},"excerpt":{"rendered":"<p>Oyuncak, televizyon, ka\u011f\u0131t-karton ile bijuteri, banyo ve in\u015faat malzemelerinin aralar\u0131nda yer ald\u0131\u011f\u0131 baz\u0131 e\u015fyalar\u0131n ithalat\u0131nda y\u00fczde 10-30 ilave g\u00fcmr\u00fck vergisi al\u0131nacak. \u0130thalat Rejimi Karar\u0131na Ek Karar, Resmi Gazete&#8217;de yay\u0131mlanarak y\u00fcr\u00fcrl\u00fc\u011fe girdi. Buna g\u00f6re, aralar\u0131nda oyuncak, televizyon, ka\u011f\u0131t ve kartonlarla bijuteri, banyo ve in\u015faat malzemeleri gibi \u00fcr\u00fcnlerin bulundu\u011fu \u00e7e\u015fitli e\u015fyalar\u0131n ithalat\u0131nda y\u00fczde 10-30 ilave g\u00fcmr\u00fck vergisi &hellip;<\/p>\n","protected":false},"author":4,"featured_media":251048,"comment_status":"open","ping_status":"open","sticky":false,"template":"","format":"standard","meta":{"_acf_changed":false,"footnotes":""},"categories":[6199,6155,5005,349],"tags":[218225,211219],"class_list":["post-272228","post","type-post","status-publish","format-standard","has-post-thumbnail","hentry","category-ekonomi","category-gundem","category-manset","category-son-dakika","tag-ek-vergi","tag-gumruk-vergisi"],"acf":[],"_links":{"self":[{"href":"https:\/\/www.nationalturk.com\/tr\/wp-json\/wp\/v2\/posts\/272228","targetHints":{"allow":["GET"]}}],"collection":[{"href":"https:\/\/www.nationalturk.com\/tr\/wp-json\/wp\/v2\/posts"}],"about":[{"href":"https:\/\/www.nationalturk.com\/tr\/wp-json\/wp\/v2\/types\/post"}],"author":[{"embeddable":true,"href":"https:\/\/www.nationalturk.com\/tr\/wp-json\/wp\/v2\/users\/4"}],"replies":[{"embeddable":true,"href":"https:\/\/www.nationalturk.com\/tr\/wp-json\/wp\/v2\/comments?post=272228"}],"version-history":[{"count":0,"href":"https:\/\/www.nationalturk.com\/tr\/wp-json\/wp\/v2\/posts\/272228\/revisions"}],"wp:featuredmedia":[{"embeddable":true,"href":"https:\/\/www.nationalturk.com\/tr\/wp-json\/wp\/v2\/media\/251048"}],"wp:attachment":[{"href":"https:\/\/www.nationalturk.com\/tr\/wp-json\/wp\/v2\/media?parent=272228"}],"wp:term":[{"taxonomy":"category","embeddable":true,"href":"https:\/\/www.nationalturk.com\/tr\/wp-json\/wp\/v2\/categories?post=272228"},{"taxonomy":"post_tag","embeddable":true,"href":"https:\/\/www.nationalturk.com\/tr\/wp-json\/wp\/v2\/tags?post=272228"}],"curies":[{"name":"wp","href":"https:\/\/api.w.org\/{rel}","templated":true}]}}